{"id":4882,"date":"2022-08-09T10:34:52","date_gmt":"2022-08-09T09:34:52","guid":{"rendered":"http:\/\/www.enviroscop.fr\/actu\/?p=4882"},"modified":"2022-08-09T10:34:52","modified_gmt":"2022-08-09T09:34:52","slug":"projet-de-decret-relatif-aux-modalites-doctroi-de-lautorisation-dexploitation-commerciale-pour-les-projets-engendrant-une-artificialisation-des-sols","status":"publish","type":"post","link":"https:\/\/www.enviroscop.fr\/actu\/2022\/08\/projet-de-decret-relatif-aux-modalites-doctroi-de-lautorisation-dexploitation-commerciale-pour-les-projets-engendrant-une-artificialisation-des-sols\/","title":{"rendered":"Projet de d\u00e9cret relatif aux modalit\u00e9s d\u2019octroi de l\u2019autorisation d\u2019exploitation commerciale pour les projets engendrant une artificialisation des sols"},"content":{"rendered":"<div class=\"descriptifart\">\n<p><img data-recalc-dims=\"1\" loading=\"lazy\" decoding=\"async\" data-attachment-id=\"1002\" data-permalink=\"https:\/\/www.enviroscop.fr\/actu\/2013\/05\/arrete-du-2-mai-2013\/17141_une\/\" data-orig-file=\"https:\/\/i0.wp.com\/www.enviroscop.fr\/actu\/wp-content\/uploads\/2013\/05\/17141_une.jpg?fit=436%2C222&amp;ssl=1\" data-orig-size=\"436,222\" data-comments-opened=\"1\" data-image-meta=\"{&quot;aperture&quot;:&quot;0&quot;,&quot;credit&quot;:&quot;Picasa&quot;,&quot;camera&quot;:&quot;&quot;,&quot;caption&quot;:&quot;&quot;,&quot;created_timestamp&quot;:&quot;&quot;,&quot;copyright&quot;:&quot;&quot;,&quot;focal_length&quot;:&quot;0&quot;,&quot;iso&quot;:&quot;0&quot;,&quot;shutter_speed&quot;:&quot;0&quot;,&quot;title&quot;:&quot;&quot;}\" data-image-title=\"17141_une\" data-image-description=\"\" data-image-caption=\"\" data-large-file=\"https:\/\/i0.wp.com\/www.enviroscop.fr\/actu\/wp-content\/uploads\/2013\/05\/17141_une.jpg?fit=436%2C222&amp;ssl=1\" class=\"alignleft size-full wp-image-1002\" src=\"https:\/\/i0.wp.com\/www.enviroscop.fr\/actu\/wp-content\/uploads\/2013\/05\/17141_une.jpg?resize=436%2C222&#038;ssl=1\" alt=\"\" width=\"436\" height=\"222\" srcset=\"https:\/\/i0.wp.com\/www.enviroscop.fr\/actu\/wp-content\/uploads\/2013\/05\/17141_une.jpg?w=436&amp;ssl=1 436w, https:\/\/i0.wp.com\/www.enviroscop.fr\/actu\/wp-content\/uploads\/2013\/05\/17141_une.jpg?resize=300%2C152&amp;ssl=1 300w\" sizes=\"auto, (max-width: 436px) 100vw, 436px\" \/>La loi n\u00b0\u00a02021-1104 du 22 ao\u00fbt 2021 dite \u00ab\u00a0loi climat et r\u00e9silience\u00a0\u00bb d\u00e9finit le principe d\u2019une interdiction des projets commerciaux soumis \u00e0 autorisation d\u2019exploitation commerciale qui artificialiseraient des sols. L\u2019article 215 qui fixe ce principe g\u00e9n\u00e9ral d\u00e9finit \u00e9galement des crit\u00e8res de d\u00e9rogation \u00e0 cette interdiction.<br class=\"autobr\" \/>Le pr\u00e9sent d\u00e9cret pr\u00e9cise principalement\u00a0:<br \/>\n<img data-recalc-dims=\"1\" loading=\"lazy\" decoding=\"async\" class=\"puce\" src=\"https:\/\/i0.wp.com\/www.consultations-publiques.developpement-durable.gouv.fr\/plugins-dist\/cisquel\/puce.gif?resize=8%2C11&#038;ssl=1\" alt=\"-\" width=\"8\" height=\"11\" \/>\u00a0 Quels sont les projets commerciaux consid\u00e9r\u00e9s comme engendrant une artificialisation de sols,<br \/>\n<img data-recalc-dims=\"1\" loading=\"lazy\" decoding=\"async\" class=\"puce\" src=\"https:\/\/i0.wp.com\/www.consultations-publiques.developpement-durable.gouv.fr\/plugins-dist\/cisquel\/puce.gif?resize=8%2C11&#038;ssl=1\" alt=\"-\" width=\"8\" height=\"11\" \/>\u00a0 Les crit\u00e8res de d\u00e9rogation au principe d\u2019interdiction, fix\u00e9s par la loi, notamment en d\u00e9finissant les modalit\u00e9s de la \u00ab\u00a0compensation par la transformation d\u2019un sol artificialis\u00e9 en sol non artificialis\u00e9\u00a0\u00bb,<br \/>\n<img data-recalc-dims=\"1\" loading=\"lazy\" decoding=\"async\" class=\"puce\" src=\"https:\/\/i0.wp.com\/www.consultations-publiques.developpement-durable.gouv.fr\/plugins-dist\/cisquel\/puce.gif?resize=8%2C11&#038;ssl=1\" alt=\"-\" width=\"8\" height=\"11\" \/>\u00a0 Des \u00e9l\u00e9ments de proc\u00e9dures relatifs au contenu du dossier d\u2019autorisation d\u2019exploitation commerciale, \u00e0 son instruction, aux avis\u2026<br \/>\n<img data-recalc-dims=\"1\" loading=\"lazy\" decoding=\"async\" class=\"puce\" src=\"https:\/\/i0.wp.com\/www.consultations-publiques.developpement-durable.gouv.fr\/plugins-dist\/cisquel\/puce.gif?resize=8%2C11&#038;ssl=1\" alt=\"-\" width=\"8\" height=\"11\" \/>\u00a0 Des dispositions transitoires.<\/p>\n<\/div>\n<div class=\"texteart\">\n<p>Cette consultation publique est r\u00e9alis\u00e9e en application de l\u2019article L. 123-19-1 du code de l\u2019environnement pour la mise en \u0153uvre du principe de participation du public aux d\u00e9cisions publiques ayant une incidence sur l\u2019environnement pr\u00e9vu \u00e0 l\u2019article 7 de la Charte de l\u2019environnement.<\/p>\n<\/div>\n<hr class=\"hrart\" \/>\n<div class=\"listedoc\">\n<h3>T\u00e9l\u00e9charger :<\/h3>\n<ul>\n<li><a class=\"document\" title=\"Ouvrir le document 2022 07 06 projet decret c r 215 commerce dans une nouvelle fen\u00eatre\" href=\"https:\/\/www.consultations-publiques.developpement-durable.gouv.fr\/IMG\/pdf\/2022-07-06_projet_decret_c_r_215_commerce.pdf\" target=\"_blank\" rel=\"noopener noreferrer\">2022 07 06 projet decret c r 215 commerce<\/a>\u00a0(format pdf &#8211; 324.1\u00a0ko &#8211; 07\/07\/2022)<\/li>\n<li><a class=\"document\" title=\"Ouvrir le document 2022 07 06 projet decret c r 215 commerce notice dans une nouvelle fen\u00eatre\" href=\"https:\/\/www.consultations-publiques.developpement-durable.gouv.fr\/IMG\/pdf\/2022-07-06_projet_decret_c_r_215_commerce-_notice.pdf\" target=\"_blank\" rel=\"noopener noreferrer\">2022 07 06 projet decret c r 215 commerce notice<\/a>\u00a0(format pdf &#8211; 210.5\u00a0ko &#8211; 07\/07\/2022)<\/li>\n<\/ul>\n<\/div>\n<p>C&rsquo;est une consultation, vous pouvez donc <a href=\"https:\/\/www.consultations-publiques.developpement-durable.gouv.fr\/projet-de-decret-relatif-aux-modalites-d-octroi-de-a2682.html\" target=\"_blank\" rel=\"noopener\">d\u00e9poser vos commentaires ici,<\/a> et m\u00eame y lire les commentaires d\u00e9pos\u00e9s (certains sont assez int\u00e9ressants).<\/p>\n","protected":false},"excerpt":{"rendered":"<p>La loi n\u00b0\u00a02021-1104 du 22 ao\u00fbt 2021 dite \u00ab\u00a0loi climat et r\u00e9silience\u00a0\u00bb d\u00e9finit le principe d\u2019une interdiction des projets commerciaux soumis \u00e0 autorisation d\u2019exploitation commerciale qui artificialiseraient des sols. L\u2019article 215 qui fixe ce principe g\u00e9n\u00e9ral d\u00e9finit \u00e9galement des crit\u00e8res de d\u00e9rogation \u00e0 cette interdiction.Le pr\u00e9sent d\u00e9cret pr\u00e9cise principalement\u00a0: \u00a0 Quels sont les projets commerciaux &hellip; <\/p>\n<p><a class=\"more-link btn\" href=\"https:\/\/www.enviroscop.fr\/actu\/2022\/08\/projet-de-decret-relatif-aux-modalites-doctroi-de-lautorisation-dexploitation-commerciale-pour-les-projets-engendrant-une-artificialisation-des-sols\/\">Lire la suite<\/a><\/p>\n","protected":false},"author":1,"featured_media":0,"comment_status":"open","ping_status":"open","sticky":false,"template":"","format":"standard","meta":{"jetpack_post_was_ever_published":false,"_jetpack_newsletter_access":"","_jetpack_dont_email_post_to_subs":false,"_jetpack_newsletter_tier_id":0,"_jetpack_memberships_contains_paywalled_content":false,"_jetpack_memberships_contains_paid_content":false,"footnotes":"","jetpack_publicize_message":"","jetpack_publicize_feature_enabled":true,"jetpack_social_post_already_shared":true,"jetpack_social_options":{"image_generator_settings":{"template":"highway","default_image_id":0,"font":"","enabled":false},"version":2}},"categories":[3,5,128,117,66,22,35,41,116,94,53,56,57,123],"tags":[],"class_list":["post-4882","post","type-post","status-publish","format-standard","hentry","category-agriculture","category-amenagement","category-commerce","category-consultation","category-droit","category-economie","category-juridique","category-paysage","category-permis-de-construire","category-sol","category-trames-verte-et-bleue","category-urbanisation","category-urbanisme","category-zan","item-wrap"],"jetpack_publicize_connections":[],"jetpack_featured_media_url":"","jetpack_shortlink":"https:\/\/wp.me\/p3rXAp-1gK","jetpack_likes_enabled":true,"jetpack-related-posts":[{"id":4748,"url":"https:\/\/www.enviroscop.fr\/actu\/2022\/05\/artificialisation-des-sols-les-criteres-dexemption-des-installations-photovoltaiques-en-consultation\/","url_meta":{"origin":4882,"position":0},"title":"Artificialisation des sols : les crit\u00e8res d\u2019exemption des installations photovolta\u00efques en consultation","author":"Enviroscop","date":"12 mai 2022","format":false,"excerpt":"Philie Marcangelo Leos \/ MCM Presse pour Localtis Am\u00e9nagement et foncier, urbanisme,\u2002Energie,\u2002Environnement Deux projets de textes (un d\u00e9cret et un arr\u00eat\u00e9) soumis \u00e0 consultation jusqu\u2019au 25 mai tentent de m\u00e9nager la ch\u00e8vre et le chou, en permettant notamment le d\u00e9veloppement des projets d\u2019agrivolta\u00efsme sans compromettre la trajectoire de lutte contre\u2026","rel":"","context":"Dans &quot;Agriculture&quot;","block_context":{"text":"Agriculture","link":"https:\/\/www.enviroscop.fr\/actu\/category\/activite\/agriculture\/"},"img":{"alt_text":"panneaux photovolta\u00efques","src":"https:\/\/i0.wp.com\/www.banquedesterritoires.fr\/sites\/default\/files\/styles\/landscape_auto_crop\/public\/2022-05\/AdobeStock_279837228.jpg?resize=350%2C200&ssl=1","width":350,"height":200,"srcset":"https:\/\/i0.wp.com\/www.banquedesterritoires.fr\/sites\/default\/files\/styles\/landscape_auto_crop\/public\/2022-05\/AdobeStock_279837228.jpg?resize=350%2C200&ssl=1 1x, https:\/\/i0.wp.com\/www.banquedesterritoires.fr\/sites\/default\/files\/styles\/landscape_auto_crop\/public\/2022-05\/AdobeStock_279837228.jpg?resize=525%2C300&ssl=1 1.5x, https:\/\/i0.wp.com\/www.banquedesterritoires.fr\/sites\/default\/files\/styles\/landscape_auto_crop\/public\/2022-05\/AdobeStock_279837228.jpg?resize=700%2C400&ssl=1 2x"},"classes":[]},{"id":5301,"url":"https:\/\/www.enviroscop.fr\/actu\/2023\/07\/mise-en-oeuvre-du-zero-artificialisation-nette-deux-decrets-en-consultation-pour-completer-la-nouvelle-loi\/","url_meta":{"origin":4882,"position":1},"title":"Mise en \u0153uvre du z\u00e9ro artificialisation nette : deux d\u00e9crets en consultation pour compl\u00e9ter la nouvelle loi","author":"Enviroscop","date":"27 juillet 2023","format":false,"excerpt":"Dans la foul\u00e9e de la publication de la loi visant \u00e0 faciliter la mise en \u0153uvre des objectifs de lutte contre l'artificialisation des sols, le minist\u00e8re de la Transition \u00e9cologique a engag\u00e9 le processus d\u2019\u00e9laboration des d\u00e9crets d\u2019application destin\u00e9s \u00e0 traduire voire \u00e0 compl\u00e9ter les ajustements apport\u00e9s par ce nouveau\u2026","rel":"","context":"Dans &quot;Am\u00e9nagement&quot;","block_context":{"text":"Am\u00e9nagement","link":"https:\/\/www.enviroscop.fr\/actu\/category\/amenagement\/"},"img":{"alt_text":"","src":"https:\/\/i0.wp.com\/www.enviroscop.fr\/actu\/wp-content\/uploads\/2013\/04\/sig4.jpg?resize=350%2C200&ssl=1","width":350,"height":200},"classes":[]},{"id":5257,"url":"https:\/\/www.enviroscop.fr\/actu\/2023\/06\/zero-artificialisation-nette-deux-decrets-dajustement-en-consultation\/","url_meta":{"origin":4882,"position":2},"title":"Z\u00e9ro artificialisation nette : deux d\u00e9crets \u00ab\u00a0d\u2019ajustement\u00a0\u00bb en consultation","author":"Enviroscop","date":"16 juin 2023","format":false,"excerpt":"Deux projets de d\u00e9crets en consultation apportent une s\u00e9rie d\u2019adaptations aux d\u00e9marches d\u2019ores et d\u00e9j\u00e0 engag\u00e9es sur les territoires pour la d\u00e9clinaison des objectifs de gestion \u00e9conome de l\u2019espace et de lutte contre l\u2019artificialisation. Les points durs en discussion sont cependant renvoy\u00e9s aux \u00e9volutions l\u00e9gislatives qui sont toujours en cours\u2026","rel":"","context":"Dans &quot;Activit\u00e9&quot;","block_context":{"text":"Activit\u00e9","link":"https:\/\/www.enviroscop.fr\/actu\/category\/activite\/"},"img":{"alt_text":"Zan","src":"https:\/\/i0.wp.com\/www.banquedesterritoires.fr\/sites\/default\/files\/styles\/landscape_auto_crop\/public\/2023-06\/Saokokokokgnhtyjtyiytuyuiuyuiyuiyuiiiiiiis%20titre-1.jpg?resize=350%2C200&ssl=1","width":350,"height":200,"srcset":"https:\/\/i0.wp.com\/www.banquedesterritoires.fr\/sites\/default\/files\/styles\/landscape_auto_crop\/public\/2023-06\/Saokokokokgnhtyjtyiytuyuiuyuiyuiyuiiiiiiis%20titre-1.jpg?resize=350%2C200&ssl=1 1x, https:\/\/i0.wp.com\/www.banquedesterritoires.fr\/sites\/default\/files\/styles\/landscape_auto_crop\/public\/2023-06\/Saokokokokgnhtyjtyiytuyuiuyuiyuiyuiiiiiiis%20titre-1.jpg?resize=525%2C300&ssl=1 1.5x, https:\/\/i0.wp.com\/www.banquedesterritoires.fr\/sites\/default\/files\/styles\/landscape_auto_crop\/public\/2023-06\/Saokokokokgnhtyjtyiytuyuiuyuiyuiyuiiiiiiis%20titre-1.jpg?resize=700%2C400&ssl=1 2x"},"classes":[]},{"id":4718,"url":"https:\/\/www.enviroscop.fr\/actu\/2022\/04\/projet-dordonnance-relative-a-la-rationalisation-de-procedures-durbanisme-et-environnementales-pour-des-projets-en-faveur-de-la-lutte-contre-lartificialisation-des-sols\/","url_meta":{"origin":4882,"position":3},"title":"Projet d\u2019ordonnance relative \u00e0 la rationalisation de proc\u00e9dures d\u2019urbanisme et environnementales pour des projets en faveur de la lutte contre l\u2019artificialisation des sols","author":"Enviroscop","date":"22 avril 2022","format":false,"excerpt":"La loi n\u00b0\u00a02021-1104 du 22 ao\u00fbt 2021 portant lutte contre le d\u00e9r\u00e8glement climatique et renforcement de la r\u00e9silience face \u00e0 ses effets fixe l\u2019atteinte de l\u2019objectif de \"z\u00e9ro artificialisation nette\" (ZAN) en 2050, avec un objectif de r\u00e9duction de moiti\u00e9 de la consommation des espaces naturels, agricoles et forestiers pour\u2026","rel":"","context":"Dans &quot;Am\u00e9nagement&quot;","block_context":{"text":"Am\u00e9nagement","link":"https:\/\/www.enviroscop.fr\/actu\/category\/amenagement\/"},"img":{"alt_text":"","src":"https:\/\/i0.wp.com\/www.enviroscop.fr\/actu\/wp-content\/uploads\/2013\/04\/sig4.jpg?resize=350%2C200","width":350,"height":200,"srcset":"https:\/\/i0.wp.com\/www.enviroscop.fr\/actu\/wp-content\/uploads\/2013\/04\/sig4.jpg?resize=350%2C200 1x, https:\/\/i0.wp.com\/www.enviroscop.fr\/actu\/wp-content\/uploads\/2013\/04\/sig4.jpg?resize=525%2C300 1.5x, https:\/\/i0.wp.com\/www.enviroscop.fr\/actu\/wp-content\/uploads\/2013\/04\/sig4.jpg?resize=700%2C400 2x"},"classes":[]},{"id":5260,"url":"https:\/\/www.enviroscop.fr\/actu\/2023\/06\/projet-de-decret-relatif-a-levaluation-et-au-suivi-de-lartificialisation-des-sols\/","url_meta":{"origin":4882,"position":4},"title":"Projet de d\u00e9cret relatif \u00e0 l\u2019\u00e9valuation et au suivi de l\u2019artificialisation des sols","author":"Enviroscop","date":"19 juin 2023","format":false,"excerpt":"Consultation du 13\/06\/2023 au 04\/07\/2023 \u00a0 La loi n\u00b0\u00a02021-1104 du 22 ao\u00fbt 2021 portant lutte contre le d\u00e9r\u00e8glement climatique et renforcement de la r\u00e9silience face \u00e0 ses effets a fix\u00e9 l\u2019objectif d\u2019atteindre le \u00ab\u00a0z\u00e9ro artificialisation nette des sols\u00a0\u00bb en 2050, avec un objectif interm\u00e9diaire de r\u00e9duction de moiti\u00e9 de la\u2026","rel":"","context":"Dans &quot;Am\u00e9nagement&quot;","block_context":{"text":"Am\u00e9nagement","link":"https:\/\/www.enviroscop.fr\/actu\/category\/amenagement\/"},"img":{"alt_text":"Carte de l'artificialisation des sols","src":"https:\/\/i0.wp.com\/www.enviroscop.fr\/actu\/wp-content\/uploads\/2020\/06\/Annotation-2020-06-04-133534-300x157.png?resize=350%2C200&ssl=1","width":350,"height":200},"classes":[]},{"id":4676,"url":"https:\/\/www.enviroscop.fr\/actu\/2022\/03\/objectif-zan-22-territoires-selectionnes-pour-mener-des-experimentations\/","url_meta":{"origin":4882,"position":5},"title":"\u00ab\u00a0Objectif ZAN\u00a0\u00bb : 22 territoires s\u00e9lectionn\u00e9s pour mener des exp\u00e9rimentations","author":"Enviroscop","date":"31 mars 2022","format":false,"excerpt":"A l'issue d'un appel \u00e0 manifestation d'int\u00e9r\u00eat lanc\u00e9 par l'Ademe, 22 projets ont \u00e9t\u00e9 retenus pour participer \u00e0 l'exp\u00e9rimentation \"Objectif ZAN\" ou z\u00e9ro artificialisation nette. Les laur\u00e9ats, issus de collectivit\u00e9s tr\u00e8s diverses, b\u00e9n\u00e9ficieront d'un accompagnement technique et financier pour travailler sur diff\u00e9rents leviers de lutte contre l'artificialisation des sols. \u00a9\u2026","rel":"","context":"Dans &quot;Am\u00e9nagement&quot;","block_context":{"text":"Am\u00e9nagement","link":"https:\/\/www.enviroscop.fr\/actu\/category\/amenagement\/"},"img":{"alt_text":"Laur\u00e9ats ZAN","src":"https:\/\/i0.wp.com\/www.banquedesterritoires.fr\/sites\/default\/files\/styles\/landscape_auto_crop\/public\/2022-03\/okSanssssssssssssssssssssssssdhdfsg%20titre-2.jpg?resize=350%2C200&ssl=1","width":350,"height":200,"srcset":"https:\/\/i0.wp.com\/www.banquedesterritoires.fr\/sites\/default\/files\/styles\/landscape_auto_crop\/public\/2022-03\/okSanssssssssssssssssssssssssdhdfsg%20titre-2.jpg?resize=350%2C200&ssl=1 1x, https:\/\/i0.wp.com\/www.banquedesterritoires.fr\/sites\/default\/files\/styles\/landscape_auto_crop\/public\/2022-03\/okSanssssssssssssssssssssssssdhdfsg%20titre-2.jpg?resize=525%2C300&ssl=1 1.5x"},"classes":[]}],"jetpack_sharing_enabled":true,"_links":{"self":[{"href":"https:\/\/www.enviroscop.fr\/actu\/wp-json\/wp\/v2\/posts\/4882","targetHints":{"allow":["GET"]}}],"collection":[{"href":"https:\/\/www.enviroscop.fr\/actu\/wp-json\/wp\/v2\/posts"}],"about":[{"href":"https:\/\/www.enviroscop.fr\/actu\/wp-json\/wp\/v2\/types\/post"}],"author":[{"embeddable":true,"href":"https:\/\/www.enviroscop.fr\/actu\/wp-json\/wp\/v2\/users\/1"}],"replies":[{"embeddable":true,"href":"https:\/\/www.enviroscop.fr\/actu\/wp-json\/wp\/v2\/comments?post=4882"}],"version-history":[{"count":1,"href":"https:\/\/www.enviroscop.fr\/actu\/wp-json\/wp\/v2\/posts\/4882\/revisions"}],"predecessor-version":[{"id":4883,"href":"https:\/\/www.enviroscop.fr\/actu\/wp-json\/wp\/v2\/posts\/4882\/revisions\/4883"}],"wp:attachment":[{"href":"https:\/\/www.enviroscop.fr\/actu\/wp-json\/wp\/v2\/media?parent=4882"}],"wp:term":[{"taxonomy":"category","embeddable":true,"href":"https:\/\/www.enviroscop.fr\/actu\/wp-json\/wp\/v2\/categories?post=4882"},{"taxonomy":"post_tag","embeddable":true,"href":"https:\/\/www.enviroscop.fr\/actu\/wp-json\/wp\/v2\/tags?post=4882"}],"curies":[{"name":"wp","href":"https:\/\/api.w.org\/{rel}","templated":true}]}}