{"id":4909,"date":"2022-08-26T05:26:48","date_gmt":"2022-08-26T04:26:48","guid":{"rendered":"http:\/\/www.enviroscop.fr\/actu\/?p=4909"},"modified":"2022-08-26T05:26:48","modified_gmt":"2022-08-26T04:26:48","slug":"forfait-mobilites-durables-relevement-des-plafonds-dexoneration","status":"publish","type":"post","link":"https:\/\/www.enviroscop.fr\/actu\/2022\/08\/forfait-mobilites-durables-relevement-des-plafonds-dexoneration\/","title":{"rendered":"Forfait mobilit\u00e9s durables : rel\u00e8vement des plafonds d&rsquo;exon\u00e9ration"},"content":{"rendered":"<div id=\"actualite\" class=\"lead\">\n<div data-test=\"typeLienRessourceInterneDTOImage\">\n<figure class=\"img img-gauche\" role=\"group\" aria-label=\"Image 1 - Cr\u00e9dits : \u00a9 studio4pic - Adobe Stock.com\"><figcaption><img data-recalc-dims=\"1\" loading=\"lazy\" decoding=\"async\" class=\"lozad img-desc img  alignleft\" style=\"font-weight: bold;\" src=\"https:\/\/i0.wp.com\/www.service-public.fr\/webapp\/images\/actu\/small\/I3388.jpg?resize=381%2C253&#038;ssl=1\" alt=\"Image 1\" width=\"381\" height=\"253\" data-src=\"https:\/\/www.service-public.fr\/webapp\/images\/actu\/small\/I3388.jpg\" data-test-redimensionnable=\"true\" data-loaded=\"true\" \/><\/figcaption>Image 1Cr\u00e9dits : \u00a9 studio4pic &#8211; Adobe Stock.com<\/figure>\n<\/div>\n<p>Afin d&rsquo;encourager le recours \u00e0 des transports plus propres pour les trajets domicile-travail, le \u00ab\u00a0forfait mobilit\u00e9s durables\u00a0\u00bb est entr\u00e9 en vigueur le 10\u00a0mai\u00a02020. Dans le but d&rsquo;am\u00e9liorer le pouvoir d&rsquo;achat, les plafonds d&rsquo;exon\u00e9ration attach\u00e9s \u00e0 ce dispositif sont relev\u00e9s \u00e0 partir du 18\u00a0ao\u00fbt\u00a02022. C&rsquo;est ce que pr\u00e9voit la loi de finances rectificative pour\u00a02022.<\/p>\n<\/div>\n<p>Dans la lign\u00e9e de la loi mobilit\u00e9s, pour des transports quotidiens plus faciles, moins co\u00fbteux et plus propres, le d\u00e9cret du 9\u00a0mai\u00a02020 a mis en place le \u00ab\u00a0forfait mobilit\u00e9s durables\u00a0\u00bb, pour accompagner les salari\u00e9s et les employeurs du priv\u00e9. Les plafonds d&rsquo;exon\u00e9rations de cet avantage ont \u00e9t\u00e9 relev\u00e9s par la loi de finances rectificative pour 2022 du 16\u00a0ao\u00fbt\u00a02022.<\/p>\n<p>Pour les employ\u00e9s, il s&rsquo;agit de la prise en charge facultative par leur employeur de tout ou partie des frais de transports personnels entre le domicile et le lieu de travail (frais de carburant, frais engag\u00e9s pour l&rsquo;alimentation de v\u00e9hicules \u00e9lectriques, hybrides rechargeables ou hydrog\u00e8ne) jusqu&rsquo;\u00e0 800\u00a0\u20ac par an (au lieu de 600\u00a0\u20ac par an). Cette prise en charge, pour les ann\u00e9es\u00a02022 et 2023, b\u00e9n\u00e9ficiera \u00e0 l&rsquo;ensemble des salari\u00e9s et non plus aux seuls salari\u00e9s utilisant leur v\u00e9hicule pour se rendre sur leur lieu de travail.<\/p>\n<p>Les moyens de transports concern\u00e9s sont\u00a0:<\/p>\n<ul>\n<li>les v\u00e9los et v\u00e9los \u00e0 assistance \u00e9lectrique (personnel et en location)\u00a0;<\/li>\n<li>la voiture dans le cadre d&rsquo;un covoiturage (en tant que conducteur ou passager)\u00a0;<\/li>\n<li>les engins de d\u00e9placement personnels, cyclomoteurs et motocyclettes en location ou en libre-service (comme les scooters et trottinettes \u00e9lectriques en \u00ab free floating \u00bb)\u00a0;<\/li>\n<li>les engins de d\u00e9placement personnel motoris\u00e9s des particuliers (trottinettes, monoroues, gyropodes, skateboard, hoverboard&#8230;)\u00a0;<\/li>\n<li>l&rsquo;autopartage avec des v\u00e9hicules \u00e9lectriques, hybrides rechargeables ou hydrog\u00e8nes\u00a0;<\/li>\n<li>les transports en commun en dehors des frais d&rsquo;abonnement.<\/li>\n<\/ul>\n<p>&nbsp;<\/p>\n<p>Le forfait est exon\u00e9r\u00e9 d&rsquo;imp\u00f4t sur le revenu et de cotisations sociales dans la limite\u00a0de\u00a0:<\/p>\n<ul>\n<li>700\u00a0\u20ac par personne et par an pour les ann\u00e9es\u00a02022 et 2023 (dont 400\u00a0\u20ac au maximum de frais de carburant)\u00a0;<\/li>\n<li>800\u00a0\u20ac en cas de cumul du forfait mobilit\u00e9s durables et de la prise en charge par l&#8217;employeur de l&rsquo;abonnement de transport en commun.<\/li>\n<\/ul>\n<p>De plus, pour les ann\u00e9es 2022 et 2023, les salari\u00e9s utilisant leur v\u00e9hicule personnel pour se rendre sur le lieu de travail verront la prise en charge de leurs frais de carburant ou d&rsquo;alimentation de leur v\u00e9hicule \u00eatre cumulable avec la prise en charge obligatoire de 50\u00a0% du co\u00fbt des abonnements aux transports publics.<\/p>\n<p>Enfin, au titre des ann\u00e9es 2022 et 2023, les exon\u00e9rations fiscales et sociales applicables \u00e0 la prise en charge obligatoire par l&#8217;employeur des frais de transport public des salari\u00e9s\u00a0<strong>seront \u00e9tendues<\/strong>\u00a0\u00e0 la part facultative de ces frais au-del\u00e0 de 50\u00a0%. Cette exon\u00e9ration s&rsquo;appliquera dans la limite de 25\u00a0% du prix de ces titres d&rsquo;abonnement, portant donc au total l&rsquo;exon\u00e9ration \u00e0 75\u00a0% du prix des titres au maximum.<\/p>\n<p>Source : <a href=\"https:\/\/www.service-public.fr\/particuliers\/actualites\/A14046?xtor=EPR-100\" target=\"_blank\" rel=\"noopener\">Service Public<\/a><\/p>\n","protected":false},"excerpt":{"rendered":"<p>Image 1Cr\u00e9dits : \u00a9 studio4pic &#8211; Adobe Stock.com Afin d&rsquo;encourager le recours \u00e0 des transports plus propres pour les trajets domicile-travail, le \u00ab\u00a0forfait mobilit\u00e9s durables\u00a0\u00bb est entr\u00e9 en vigueur le 10\u00a0mai\u00a02020. Dans le but d&rsquo;am\u00e9liorer le pouvoir d&rsquo;achat, les plafonds d&rsquo;exon\u00e9ration attach\u00e9s \u00e0 ce dispositif sont relev\u00e9s \u00e0 partir du 18\u00a0ao\u00fbt\u00a02022. C&rsquo;est ce que pr\u00e9voit &hellip; <\/p>\n<p><a class=\"more-link btn\" href=\"https:\/\/www.enviroscop.fr\/actu\/2022\/08\/forfait-mobilites-durables-relevement-des-plafonds-dexoneration\/\">Lire la suite<\/a><\/p>\n","protected":false},"author":1,"featured_media":0,"comment_status":"open","ping_status":"open","sticky":false,"template":"","format":"standard","meta":{"jetpack_post_was_ever_published":false,"_jetpack_newsletter_access":"","_jetpack_dont_email_post_to_subs":false,"_jetpack_newsletter_tier_id":0,"_jetpack_memberships_contains_paywalled_content":false,"_jetpack_memberships_contains_paid_content":false,"footnotes":"","jetpack_publicize_message":"","jetpack_publicize_feature_enabled":true,"jetpack_social_post_already_shared":true,"jetpack_social_options":{"image_generator_settings":{"template":"highway","default_image_id":0,"font":"","enabled":false},"version":2}},"categories":[133,15,143,18,22,7,92,150,54],"tags":[],"class_list":["post-4909","post","type-post","status-publish","format-standard","hentry","category-activite","category-climat","category-consommation","category-deplacements","category-economie","category-energie","category-entreprise","category-service-public","category-transport","item-wrap"],"jetpack_publicize_connections":[],"jetpack_featured_media_url":"","jetpack_shortlink":"https:\/\/wp.me\/p3rXAp-1hb","jetpack_likes_enabled":true,"jetpack-related-posts":[{"id":5025,"url":"https:\/\/www.enviroscop.fr\/actu\/2022\/10\/mobilites-durables-et-inclusives-en-zones-peu-denses-participez-a-la-consultation-du-cese\/","url_meta":{"origin":4909,"position":0},"title":"Mobilit\u00e9s durables et inclusives en zones peu denses : Participez \u00e0 la consultation du CESE !","author":"Enviroscop","date":"18 octobre 2022","format":false,"excerpt":"Un avis du CESE nourri par vos contributions En\u00a0France,\u00a0plus de la moiti\u00e9 de la population habite dans des territoires ruraux ou p\u00e9riurbains. La question des mobilit\u00e9s est donc fondamentale : le risque d\u2019isolement et de d\u00e9pendance est encore plus important pour celles et ceux qui ne peuvent pas utiliser facilement\u2026","rel":"","context":"Dans &quot;Activit\u00e9&quot;","block_context":{"text":"Activit\u00e9","link":"https:\/\/www.enviroscop.fr\/actu\/category\/activite\/"},"img":{"alt_text":"","src":"","width":0,"height":0},"classes":[]},{"id":4413,"url":"https:\/\/www.enviroscop.fr\/actu\/2021\/09\/plan-velo-et-mobilites-actives-de-nouvelles-mesures-de-soutien-pour-conforter-une-pratique-en-hausse\/","url_meta":{"origin":4909,"position":1},"title":"Plan V\u00e9lo et mobilit\u00e9s actives : de nouvelles mesures de soutien pour conforter une pratique en hausse","author":"Enviroscop","date":"15 septembre 2021","format":false,"excerpt":"\u00c0 l'occasion des trois ans du \"plan V\u00e9lo et mobilit\u00e9s actives\", Barbara Pompili et Jean-Baptiste Djebbari ont annonc\u00e9 ce 14 septembre le lancement de nouveaux programmes et l\u2019engagement de pr\u00e8s de 250 millions fin 2021 et courant 2022 pour consolider la pratique du v\u00e9lo, qui a connu une hausse de\u2026","rel":"","context":"Dans &quot;Air&quot;","block_context":{"text":"Air","link":"https:\/\/www.enviroscop.fr\/actu\/category\/compartiments\/air\/"},"img":{"alt_text":"","src":"","width":0,"height":0},"classes":[]},{"id":4928,"url":"https:\/\/www.enviroscop.fr\/actu\/2022\/09\/capamob-un-outil-pour-aider-les-villes-moyennes-et-les-territoires-peu-denses-a-realiser-leur-diagnostic-des-mobilites\/","url_meta":{"origin":4909,"position":2},"title":"CapaMOB : Un outil pour aider les villes moyennes et les territoires peu denses \u00e0 r\u00e9aliser leur diagnostic des mobilit\u00e9s","author":"Enviroscop","date":"5 septembre 2022","format":false,"excerpt":"Le Cerema met en ligne un outil pour accompagner les collectivit\u00e9s en charge de l\u2019organisation des mobilit\u00e9s dans la r\u00e9alisation du diagnostic des mobilit\u00e9s sur leur territoire. Appel\u00e9 CapaMOB, il permet de guider les acteurs dans la d\u00e9marche, qu\u2019ils soient seuls ou en \u00e9quipe. Mathias Gent, Chef de projet planification\u2026","rel":"","context":"Dans &quot;Am\u00e9nagement&quot;","block_context":{"text":"Am\u00e9nagement","link":"https:\/\/www.enviroscop.fr\/actu\/category\/amenagement\/"},"img":{"alt_text":"Vue du pole multimodal de la gare de Lunel","src":"https:\/\/i0.wp.com\/www.cerema.fr\/sites\/default\/files\/styles\/uas_medium\/public\/media\/images\/2022\/06\/pole_multimodal_de_lunel_-_laurent_boutonnet_-_region_occitanie.jpg?resize=350%2C200&ssl=1","width":350,"height":200,"srcset":"https:\/\/i0.wp.com\/www.cerema.fr\/sites\/default\/files\/styles\/uas_medium\/public\/media\/images\/2022\/06\/pole_multimodal_de_lunel_-_laurent_boutonnet_-_region_occitanie.jpg?resize=350%2C200&ssl=1 1x, https:\/\/i0.wp.com\/www.cerema.fr\/sites\/default\/files\/styles\/uas_medium\/public\/media\/images\/2022\/06\/pole_multimodal_de_lunel_-_laurent_boutonnet_-_region_occitanie.jpg?resize=525%2C300&ssl=1 1.5x, https:\/\/i0.wp.com\/www.cerema.fr\/sites\/default\/files\/styles\/uas_medium\/public\/media\/images\/2022\/06\/pole_multimodal_de_lunel_-_laurent_boutonnet_-_region_occitanie.jpg?resize=700%2C400&ssl=1 2x, https:\/\/i0.wp.com\/www.cerema.fr\/sites\/default\/files\/styles\/uas_medium\/public\/media\/images\/2022\/06\/pole_multimodal_de_lunel_-_laurent_boutonnet_-_region_occitanie.jpg?resize=1050%2C600&ssl=1 3x"},"classes":[]},{"id":4644,"url":"https:\/\/www.enviroscop.fr\/actu\/2022\/02\/guide-sur-les-dispositions-opposables-du-plu\/","url_meta":{"origin":4909,"position":3},"title":"Guide sur les dispositions opposables du PLU","author":"Enviroscop","date":"28 f\u00e9vrier 2022","format":false,"excerpt":"Destin\u00e9 aux techniciens, ce guide de 2020 fait suite \u00e0 la loi Solidarit\u00e9 et Renouvellement Urbain (SRU) qui a modifi\u00e9 le droit de l\u2019urbanisation et du logement en profondeur. Il vise tous les plans locaux d\u2019urbanisme, communaux comme inter-communaux. Il a pour objet principal de traiter des dispositions opposables du\u2026","rel":"","context":"Dans &quot;droit&quot;","block_context":{"text":"droit","link":"https:\/\/www.enviroscop.fr\/actu\/category\/juridique\/droit\/"},"img":{"alt_text":"","src":"https:\/\/i0.wp.com\/erc.drealnpdc.fr\/wp-content\/uploads\/2022\/02\/Capture.png?resize=350%2C200&ssl=1","width":350,"height":200},"classes":[]},{"id":3723,"url":"https:\/\/www.enviroscop.fr\/actu\/2020\/04\/loi-dorientation-des-mobilites-decryptage-des-principales-dispositions-le-guide-du-gart\/","url_meta":{"origin":4909,"position":4},"title":"Loi d\u2019orientation des mobilit\u00e9s : d\u00e9cryptage des principales dispositions, le guide du GART","author":"Enviroscop","date":"22 avril 2020","format":false,"excerpt":"Ce guide a pour ambition de fournir aux autorit\u00e9s organisatrices de la mobilit\u00e9, un premier d\u00e9cryptage de la LOM. Il n\u2019a toutefois pas vocation \u00e0 reprendre exhaustivement toutes les mesures comprises dans cette loi, compos\u00e9e de plus de 180 articles. C\u2019est pourquoi, certaines de ses dispositions n\u2019y sont pas abord\u00e9es.Pour\u2026","rel":"","context":"Dans &quot;Am\u00e9nagement&quot;","block_context":{"text":"Am\u00e9nagement","link":"https:\/\/www.enviroscop.fr\/actu\/category\/amenagement\/"},"img":{"alt_text":"","src":"https:\/\/i0.wp.com\/www.gart.org\/wp-content\/uploads\/2020\/01\/Couverture_Guide-LOM_Version-1-212x300.png?resize=350%2C200&ssl=1","width":350,"height":200},"classes":[]},{"id":4269,"url":"https:\/\/www.enviroscop.fr\/actu\/2021\/06\/un-nouvel-appel-a-projets-pour-lamenagement-ditineraires-cyclables-structurants\/","url_meta":{"origin":4909,"position":5},"title":"Un nouvel appel \u00e0 projets pour l&rsquo;am\u00e9nagement d\u00a0\u00bbitin\u00e9raires cyclables structurants\u00a0\u00bb","author":"Enviroscop","date":"2 juin 2021","format":false,"excerpt":"Le ministre d\u00e9l\u00e9gu\u00e9 aux Transports, Jean-Baptiste Djebbari, a annonc\u00e9 ce 28 mai le lancement du quatri\u00e8me appel \u00e0 projets du fonds Mobilit\u00e9s actives \"am\u00e9nagements cyclables\", visant \u00e0 soutenir le d\u00e9ploiement d\u2019itin\u00e9raires cyclables structurants dans tous les territoires. \u00c0 l'approche des \u00e9lections r\u00e9gionales et d\u00e9partementales et de l'examen du projet de\u2026","rel":"","context":"Dans &quot;Climat&quot;","block_context":{"text":"Climat","link":"https:\/\/www.enviroscop.fr\/actu\/category\/climat\/"},"img":{"alt_text":"","src":"","width":0,"height":0},"classes":[]}],"jetpack_sharing_enabled":true,"_links":{"self":[{"href":"https:\/\/www.enviroscop.fr\/actu\/wp-json\/wp\/v2\/posts\/4909","targetHints":{"allow":["GET"]}}],"collection":[{"href":"https:\/\/www.enviroscop.fr\/actu\/wp-json\/wp\/v2\/posts"}],"about":[{"href":"https:\/\/www.enviroscop.fr\/actu\/wp-json\/wp\/v2\/types\/post"}],"author":[{"embeddable":true,"href":"https:\/\/www.enviroscop.fr\/actu\/wp-json\/wp\/v2\/users\/1"}],"replies":[{"embeddable":true,"href":"https:\/\/www.enviroscop.fr\/actu\/wp-json\/wp\/v2\/comments?post=4909"}],"version-history":[{"count":1,"href":"https:\/\/www.enviroscop.fr\/actu\/wp-json\/wp\/v2\/posts\/4909\/revisions"}],"predecessor-version":[{"id":4910,"href":"https:\/\/www.enviroscop.fr\/actu\/wp-json\/wp\/v2\/posts\/4909\/revisions\/4910"}],"wp:attachment":[{"href":"https:\/\/www.enviroscop.fr\/actu\/wp-json\/wp\/v2\/media?parent=4909"}],"wp:term":[{"taxonomy":"category","embeddable":true,"href":"https:\/\/www.enviroscop.fr\/actu\/wp-json\/wp\/v2\/categories?post=4909"},{"taxonomy":"post_tag","embeddable":true,"href":"https:\/\/www.enviroscop.fr\/actu\/wp-json\/wp\/v2\/tags?post=4909"}],"curies":[{"name":"wp","href":"https:\/\/api.w.org\/{rel}","templated":true}]}}