{"id":4911,"date":"2022-08-29T05:47:31","date_gmt":"2022-08-29T04:47:31","guid":{"rendered":"http:\/\/www.enviroscop.fr\/actu\/?p=4911"},"modified":"2022-08-29T05:47:55","modified_gmt":"2022-08-29T04:47:55","slug":"energies-renouvelables-leolien-en-mer-saffiche-dans-les-statistiques-du-deuxieme-trimestre-2022","status":"publish","type":"post","link":"https:\/\/www.enviroscop.fr\/actu\/2022\/08\/energies-renouvelables-leolien-en-mer-saffiche-dans-les-statistiques-du-deuxieme-trimestre-2022\/","title":{"rendered":"\u00c9nergies renouvelables : l&rsquo;\u00e9olien en mer s&rsquo;affiche dans les statistiques du deuxi\u00e8me trimestre 2022"},"content":{"rendered":"<p>Les secteurs du solaire photovolta\u00efque et du biom\u00e9thane continuent leurs courses exemplaires au deuxi\u00e8me trimestre\u00a02022, tandis que le premier parc \u00e9olien en mer int\u00e8gre les statistiques du minist\u00e8re de la Transition \u00e9nerg\u00e9tique.<\/p>\n<div class=\"toolbar\">\n<div>\n<p>&nbsp;<\/p>\n<\/div>\n<\/div>\n<p><iframe loading=\"lazy\" src=\"https:\/\/www.actu-environnement.com\/media\/infographies\/40205\/\" width=\"632\" height=\"3770\" frameborder=\"0\" scrolling=\"no\" data-mce-fragment=\"1\"><\/iframe><\/p>\n<div id=\"news_texte\" class=\"texte resizable\">\n<p>Pour lire l&rsquo;int\u00e9gralit\u00e9 de l&rsquo;article, <a href=\"https:\/\/www.actu-environnement.com\/ae\/news\/infographie-energies-renouvelables-production-eolien-mer-statistiques-trimestre-2-2022-40205.php4#xtor=RSS-6\" target=\"_blank\" rel=\"noopener\">c&rsquo;est sur Actu-Environnement<\/a><\/p>\n<\/div>\n","protected":false},"excerpt":{"rendered":"<p>Les secteurs du solaire photovolta\u00efque et du biom\u00e9thane continuent leurs courses exemplaires au deuxi\u00e8me trimestre\u00a02022, tandis que le premier parc \u00e9olien en mer int\u00e8gre les statistiques du minist\u00e8re de la Transition \u00e9nerg\u00e9tique. &nbsp; Pour lire l&rsquo;int\u00e9gralit\u00e9 de l&rsquo;article, c&rsquo;est sur Actu-Environnement<\/p>\n","protected":false},"author":1,"featured_media":0,"comment_status":"open","ping_status":"open","sticky":false,"template":"","format":"standard","meta":{"jetpack_post_was_ever_published":false,"_jetpack_newsletter_access":"","_jetpack_dont_email_post_to_subs":false,"_jetpack_newsletter_tier_id":0,"_jetpack_memberships_contains_paywalled_content":false,"_jetpack_memberships_contains_paid_content":false,"footnotes":"","jetpack_publicize_message":"","jetpack_publicize_feature_enabled":true,"jetpack_social_post_already_shared":true,"jetpack_social_options":{"image_generator_settings":{"template":"highway","default_image_id":0,"font":"","enabled":false},"version":2}},"categories":[151,12,22,7,8,68,148,64,72,42,43,125],"tags":[],"class_list":["post-4911","post","type-post","status-publish","format-standard","hentry","category-actu-environnement","category-biomasse","category-economie","category-energie","category-eolien","category-france","category-hydraulique","category-infographie","category-marine","category-pedagogie","category-photovoltaique","category-renouvelable","item-wrap"],"jetpack_publicize_connections":[],"jetpack_featured_media_url":"","jetpack_shortlink":"https:\/\/wp.me\/p3rXAp-1hd","jetpack_likes_enabled":true,"jetpack-related-posts":[{"id":3147,"url":"https:\/\/www.enviroscop.fr\/actu\/2018\/09\/tableau-de-bord-eolien-deuxieme-trimestre-2018\/","url_meta":{"origin":4911,"position":0},"title":"Tableau de bord \u00e9olien : Deuxi\u00e8me trimestre 2018","author":"Enviroscop","date":"5 septembre 2018","format":false,"excerpt":"Le Minist\u00e8re vient de mettre \u00e0 jour son tableau de bord \u00e9olien. Vous pouvez retrouver toutes les infos sur le site des statistiques du Minist\u00e8re","rel":"","context":"Dans &quot;Energie&quot;","block_context":{"text":"Energie","link":"https:\/\/www.enviroscop.fr\/actu\/category\/energie\/"},"img":{"alt_text":"","src":"","width":0,"height":0},"classes":[]},{"id":205,"url":"https:\/\/www.enviroscop.fr\/actu\/2010\/09\/tableau-de-bord-eolien-photovoltaique\/","url_meta":{"origin":4911,"position":1},"title":"Tableau de bord ??olien-photovolta??que","author":"Enviroscop","date":"7 septembre 2010","format":false,"excerpt":"Le MEEDDAT vient de publier le Tableau de bord ??olien-photovolta??que du deuxi??me trimestre 2010, deux pages pour conna??tre l'??volution des deux principales EnR pour cette ann??e... Cliquez ici pour le t??l??charger","rel":"","context":"Dans &quot;Eolien&quot;","block_context":{"text":"Eolien","link":"https:\/\/www.enviroscop.fr\/actu\/category\/energie\/renouvelable\/eolien\/"},"img":{"alt_text":"","src":"","width":0,"height":0},"classes":[]},{"id":2355,"url":"https:\/\/www.enviroscop.fr\/actu\/2015\/06\/parution-du-tableau-de-bord-eolien-photovoltaique-juin-2015\/","url_meta":{"origin":4911,"position":2},"title":"Parution du Tableau de bord \u00e9olien-photovolta\u00efque, juin 2015","author":"Enviroscop","date":"3 juin 2015","format":false,"excerpt":"Le parc \u00e9olien fran\u00e7ais atteint une puissance install\u00e9e de 9 482 MW \u00e0 fin mars 2015. Sur l\u2019ensemble de l\u2019ann\u00e9e 2014, la puissance raccord\u00e9e a \u00e9t\u00e9 r\u00e9\u00e9valu\u00e9e \u00e0 la hausse, \u00e0 1 071 MW, soit un niveau in\u00e9gal\u00e9 depuis 2010. Par rapport \u00e0 2013, la puissance raccord\u00e9e en 2014 a\u2026","rel":"","context":"Dans &quot;Enviroscop&quot;","block_context":{"text":"Enviroscop","link":"https:\/\/www.enviroscop.fr\/actu\/category\/non-classe\/"},"img":{"alt_text":"","src":"","width":0,"height":0},"classes":[]},{"id":2296,"url":"https:\/\/www.enviroscop.fr\/actu\/2015\/04\/tableau-de-bord-eolien-photovoltaique-2014-marque-un-retour-a-la-hausse-ministere-du-developpement-durable\/","url_meta":{"origin":4911,"position":3},"title":"Tableau de bord \u00e9olien photovolta\u00efque : 2014 marque un retour \u00e0 la hausse &#8211; Minist\u00e8re du D\u00e9veloppement durable","author":"Enviroscop","date":"13 avril 2015","format":false,"excerpt":"2014 s\u2019inscrit respectivement pour l\u2019\u00e9olien et le photovolta\u00efque comme la quatri\u00e8me et la troisi\u00e8me meilleure ann\u00e9e en termes de puissance raccord\u00e9e. Les capacit\u00e9s des deux fili\u00e8res progressent au m\u00eame rythme, avec pr\u00e8s de 1 000 MW suppl\u00e9mentaires sur l\u2019ann\u00e9e. \u00c9olien\u00a0: hausse de 6\u00a0% de la production La fili\u00e8re \u00e9olienne, apr\u00e8s\u2026","rel":"","context":"Dans &quot;Energie&quot;","block_context":{"text":"Energie","link":"https:\/\/www.enviroscop.fr\/actu\/category\/energie\/"},"img":{"alt_text":"","src":"https:\/\/i0.wp.com\/www.developpement-durable.gouv.fr\/IMG\/png\/courbe_e-pv.png?resize=350%2C200","width":350,"height":200},"classes":[]},{"id":2604,"url":"https:\/\/www.enviroscop.fr\/actu\/2016\/05\/tableau-de-bord-eolien-premier-trimestre-2016\/","url_meta":{"origin":4911,"position":4},"title":"Tableau de bord : \u00e9olien &#8211; Premier trimestre 2016","author":"Enviroscop","date":"30 mai 2016","format":false,"excerpt":"Chiffres et statistiques n\u00b0 764 - mai 2016 La puissance du parc \u00e9olien fran\u00e7ais atteint 10 460 MW fin mars 2016. Le seuil de 10 GW a \u00e9t\u00e9 franchi courant 2015, ann\u00e9e qui, avec une puissance raccord\u00e9e de 944 MW, s\u2019inscrit en net retrait par rapport \u00e0 2014 (- 20\u2026","rel":"","context":"Dans &quot;Energie&quot;","block_context":{"text":"Energie","link":"https:\/\/www.enviroscop.fr\/actu\/category\/energie\/"},"img":{"alt_text":"","src":"https:\/\/i0.wp.com\/www.statistiques.developpement-durable.gouv.fr\/uploads\/pics\/cs764.jpg?resize=350%2C200","width":350,"height":200},"classes":[]},{"id":1639,"url":"https:\/\/www.enviroscop.fr\/actu\/2013\/12\/eolien-et-photovoltaique-raccordements-et-production-hauss\/","url_meta":{"origin":4911,"position":5},"title":"Eolien et photovolta\u00efque : raccordements et production en hausse","author":"Enviroscop","date":"2 d\u00e9cembre 2013","format":false,"excerpt":"Selon le dernier tableau de bord \u00e9olien-photovolta\u00efque publi\u00e9 par le Commissariat g\u00e9n\u00e9ral au d\u00e9veloppement durable (CGDD), les raccordements de parcs \u00e9oliens et photovolta\u00efques au troisi\u00e8me trimestre ont \u00e9t\u00e9 sup\u00e9rieurs aux deux premiers trimestres de l'ann\u00e9e : - 150 MW \u00e9oliens raccord\u00e9s (80 MW au T01, 118 MW au T02) -\u2026","rel":"","context":"Dans &quot;Energie&quot;","block_context":{"text":"Energie","link":"https:\/\/www.enviroscop.fr\/actu\/category\/energie\/"},"img":{"alt_text":"","src":"","width":0,"height":0},"classes":[]}],"jetpack_sharing_enabled":true,"_links":{"self":[{"href":"https:\/\/www.enviroscop.fr\/actu\/wp-json\/wp\/v2\/posts\/4911","targetHints":{"allow":["GET"]}}],"collection":[{"href":"https:\/\/www.enviroscop.fr\/actu\/wp-json\/wp\/v2\/posts"}],"about":[{"href":"https:\/\/www.enviroscop.fr\/actu\/wp-json\/wp\/v2\/types\/post"}],"author":[{"embeddable":true,"href":"https:\/\/www.enviroscop.fr\/actu\/wp-json\/wp\/v2\/users\/1"}],"replies":[{"embeddable":true,"href":"https:\/\/www.enviroscop.fr\/actu\/wp-json\/wp\/v2\/comments?post=4911"}],"version-history":[{"count":2,"href":"https:\/\/www.enviroscop.fr\/actu\/wp-json\/wp\/v2\/posts\/4911\/revisions"}],"predecessor-version":[{"id":4913,"href":"https:\/\/www.enviroscop.fr\/actu\/wp-json\/wp\/v2\/posts\/4911\/revisions\/4913"}],"wp:attachment":[{"href":"https:\/\/www.enviroscop.fr\/actu\/wp-json\/wp\/v2\/media?parent=4911"}],"wp:term":[{"taxonomy":"category","embeddable":true,"href":"https:\/\/www.enviroscop.fr\/actu\/wp-json\/wp\/v2\/categories?post=4911"},{"taxonomy":"post_tag","embeddable":true,"href":"https:\/\/www.enviroscop.fr\/actu\/wp-json\/wp\/v2\/tags?post=4911"}],"curies":[{"name":"wp","href":"https:\/\/api.w.org\/{rel}","templated":true}]}}