{"id":4939,"date":"2022-09-09T07:50:15","date_gmt":"2022-09-09T06:50:15","guid":{"rendered":"http:\/\/www.enviroscop.fr\/actu\/?p=4939"},"modified":"2022-09-09T07:50:15","modified_gmt":"2022-09-09T06:50:15","slug":"comment-integrer-la-biodiversite-dans-la-planification-urbaine-ou-linverse","status":"publish","type":"post","link":"https:\/\/www.enviroscop.fr\/actu\/2022\/09\/comment-integrer-la-biodiversite-dans-la-planification-urbaine-ou-linverse\/","title":{"rendered":"Comment int\u00e9grer la biodiversit\u00e9 dans la planification urbaine\u2026 ou l\u2019inverse ?"},"content":{"rendered":"<div class=\"lead__wrapper mb-4\">\n<h2 class=\"lead mb-3 mt-2\"><img data-recalc-dims=\"1\" loading=\"lazy\" decoding=\"async\" class=\"img-fluid image-style-landscape-no-crop lazyloaded\" style=\"font-size: 16px;\" src=\"https:\/\/i0.wp.com\/www.banquedesterritoires.fr\/sites\/default\/files\/styles\/landscape_no_crop\/public\/2022-09\/Sanfghfdghfghfghs%20titre-1.jpg?resize=716%2C509&#038;ssl=1\" alt=\"espace naturel ville \" width=\"716\" height=\"509\" data-src=\"\/sites\/default\/files\/styles\/landscape_no_crop\/public\/2022-09\/Sanfghfdghfghfghs%20titre-1.jpg?itok=PtFDn9Ad\" \/><\/h2>\n<\/div>\n<div class=\"row\">\n<div class=\"col-md-8 mx-md-auto mb-5 mb-md-8\">\n<div class=\"field field--name-field-tra-media-image field--type-entity-reference\">\n<div class=\"media media--type-image media--view-mode-landscape  figure figure__wrapper \">\n<div class=\"image-copyright\" role=\"figure\" aria-label=\"\u00a9\u00a9 DR\">\n<div class=\"field field--name-field-media-image block-media-image\">\u00a9 DR \u00ab\u00a0D\u00e9montrer comment l\u2019urbanisme doit et peut s\u2019adapter \u00e0 la biodiversit\u00e9, et non l\u2019inverse\u00a0\u00bb. Tel \u00e9tait l\u2019objectif affich\u00e9 de l\u2019un des ateliers des\u00a012es Assises nationales de la biodiversit\u00e9\u00a0qui se tiennent \u00e0 Besan\u00e7on du 7 au 9 septembre.<\/div>\n<\/div>\n<\/div>\n<\/div>\n<\/div>\n<\/div>\n<div class=\"spacer-b text-formatted\">\n<p>&nbsp;<\/p>\n<h2 class=\"lead mb-3 mt-2\">Un atelier des 12es Assises nationales de la biodiversit\u00e9 qui se tiennent \u00e0 Besan\u00e7on jusqu&rsquo;au 9 septembre a soulign\u00e9 combien la planification urbaine, aux ressources encore sous-utilis\u00e9es, pouvait \u00eatre mise au service de la biodiversit\u00e9. Si la lourdeur de sa mise en place peut constituer un frein pour les collectivit\u00e9s en mal d\u2019ing\u00e9nierie, elle ne saurait pour autant \u00eatre une raison de baisser les bras, rel\u00e8vent les intervenants. Qu\u2019elle passe par le PLU ou d\u2019autres outils, la lutte en faveur de la biodiversit\u00e9 semble en revanche condamn\u00e9e, pour r\u00e9ussir, \u00e0 remettre l\u2019homme au c\u0153ur du projet.<\/h2>\n<h2>Des outils sous-exploit\u00e9s<\/h2>\n<p>Agn\u00e8s Hennequin, charg\u00e9e de mission Am\u00e9nagement biodiversit\u00e9 au sein de l\u2019agence r\u00e9gionale pour la biodiversit\u00e9 et l\u2019environnement Paca (Arbe), s\u2019est ainsi employ\u00e9e \u00e0 d\u00e9montrer comment la planification \u00e9tait un outil \u00ab\u00a0compl\u00e9mentaire, mais indispensable, aux outils de protection de la biodiversit\u00e9\u00a0\u00bb. Et de lister les diff\u00e9rents instruments mobilisables \u00e0 cette fin dans le plan local d\u2019urbanisme (PLU) : plan de zonage et cr\u00e9ation de zonages indic\u00e9s, localisation d\u2019\u00e9l\u00e9ments ponctuels (comme un arbre remarquable), coefficient de biotope, coefficient de pleine-terre, orientations d\u2019am\u00e9nagement et de programmation, outil souvent sous-exploit\u00e9, etc. L\u2019experte attire toutefois l\u2019attention sur la n\u00e9cessit\u00e9, en amont, de \u00ab\u00a0bien identifier les enjeux, les continuit\u00e9s \u00e9cologiques et de hi\u00e9rarchiser\u00a0\u00bb. Elle souligne encore combien la biodiversit\u00e9, souvent v\u00e9cue comme une contrainte, peut se r\u00e9v\u00e9ler au contraire une opportunit\u00e9, effeuillant ses diff\u00e9rents b\u00e9n\u00e9fices pour le territoire et ses habitants : effets sur le cadre de vie, diminution des risques (inondations, pollution\u2026), maintien d\u2019une fili\u00e8re alimentaire locale, confort thermique, etc., le tout rendant in fine le territoire plus attractif. Des b\u00e9n\u00e9fices qu\u2019il faut encore mettre en avant.<\/p>\n<h2>Des demoiselles et des hommes<\/h2>\n<p>Partir d\u2019abord des habitants et de leurs attentes, c\u2019est pr\u00e9cis\u00e9ment ce que pr\u00e9conise Margot Pitois, charg\u00e9e de projet au sein de Jura Nature environnement : \u00ab\u00a0Il faut savoir \u00e0 qui nous voulons nous adresser\u00a0\u00bb, rappelle-t-elle, prenant l\u2019exemple de la cr\u00e9ation d\u2019une zone humide sur un ancien terrain vague d\u2019un lotissement : \u00ab\u00a0Il ne faut pas venir en disant &lsquo;On va faire une zone humide pour les libellules et les demoiselles'\u00a0\u00bb, pr\u00e9conise-t-elle, mais mettre en avant l\u2019\u00e9volution du cadre de vie, les b\u00e9n\u00e9fices induits par la zone en \u00e9t\u00e9, etc. Et d\u2019alerter encore sur les risques de la position d\u2019expert : \u00ab\u00a0Dans la s\u00e9ance d\u2019ouverture de ces assises, on formait le v\u0153u que l\u2019on \u00e9tait sorti de l\u2019entre-soi. Mais nous sommes encore dans l\u2019entre-soi. Et on le cultive, notamment en utilisant un vocabulaire de l\u2019entre-soi. La biodiversit\u00e9, ce n\u2019est pas parlant pour tout le monde\u00a0\u00bb, insiste-t-elle. \u00ab\u00a0Tout le monde n\u2019a pas fait biodiversit\u00e9 premi\u00e8re langue\u00a0\u00bb, pointait dans un autre atelier Pierre Billet, membre de la direction de la pr\u00e9vention et de la ma\u00eetrise des risques chez GRT Gaz.<\/p>\n<h2>Pas besoin d\u2019un PLU pour agir<\/h2>\n<p>Comme d\u2019autres intervenants de l\u2019atelier, Margot Pitois pointe \u00e9galement la difficult\u00e9 des petites communes \u00e0 mettre en \u0153uvre des projets, \u00ab\u00a0faute de moyens financiers, mais surtout techniques\u00a0\u00bb. \u00ab\u00a0Les communes ont le sentiment d\u2019avoir peu de visibilit\u00e9 et ne savent pas par quel bout prendre le dossier. Elles veulent agir, mais se sentent parfois d\u00e9munies face \u00e0 des lois, des PLU qui leur tombent dessus\u00a0\u00bb, expose-t-elle, en relevant que les difficult\u00e9s ne sont pas moindres \u00ab\u00a0en l\u2019absence de PLU, ou avec des PLU anciens dans lesquels la prise en compte de la biodiversit\u00e9 \u00e9tait faible\u00a0\u00bb. Pas d\u2019inqui\u00e9tude toutefois, estime Agn\u00e8s Hennequin : \u00ab\u00a0On n\u2019a pas n\u00e9cessairement besoin d\u2019un PLU pour agir. On peut d\u2019abord d\u00e9velopper des petits projets, et ensuite seulement b\u00e2tir ou faire \u00e9voluer le PLU\u00a0\u00bb. \u00ab\u00a0Il faut faire des communes des territoires d\u2019exp\u00e9rimentation\u00a0\u00bb, invite Margot Pitois, qui rel\u00e8ve que les petites communes b\u00e9n\u00e9ficient d\u2019un atout pr\u00e9cieux : \u00ab\u00a0une connaissance fine du territoire et de ses acteurs\u00a0\u00bb.<\/p>\n<h2>Raconter une histoire<\/h2>\n<p>Pour faire face \u00e0 ce \u00ab\u00a0manque d\u2019ing\u00e9nierie dans les communes rurales\u00a0\u00bb, la communaut\u00e9 du Grand Reims a pour sa part mis en place une d\u00e9marche d\u2019accompagnement pr\u00e9sent\u00e9e par St\u00e9phane Delavallade, chef de son service Environnement. Elle consiste notamment \u00e0 mettre en place \u00ab\u00a0un p\u00f4le de comp\u00e9tences autour de la commune\u00a0\u00bb, rassemblant diff\u00e9rents acteurs incluant r\u00e9gion, d\u00e9partement, ONF, parc naturel, LPO, f\u00e9d\u00e9ration de chasseurs\u2026 La d\u00e9marche s\u2019articule aussi autour d\u2019un fil d\u2019Ariane \u00ab\u00a0en 15 points\u00a0\u00bb, dont les deux premi\u00e8res \u00e9tapes consistent \u00e0 \u00ab\u00a0replacer la collectivit\u00e9 dans son contexte historique et g\u00e9ographique\u00a0\u00bb et \u00e0 \u00ab\u00a0trouver un fil conducteur qui caract\u00e9rise la collectivit\u00e9\u00a0\u00bb. \u00ab\u00a0Il faut raconter une histoire, il faut donner du sens\u00a0\u00bb, recommande le fonctionnaire, qui insiste encore sur l\u2019importance de la gouvernance du projet, \u00ab\u00a0incluant citoyens et acteurs du territoire\u00a0\u00bb, et sur la communication. Remettre l\u2019homme au c\u0153ur de la biodiversit\u00e9, en quelque sorte.<\/p>\n<\/div>\n<p>Lire l&rsquo;article original <a href=\"https:\/\/www.banquedesterritoires.fr\/comment-integrer-la-biodiversite-dans-la-planification-urbaine-ou-linverse?pk_campaign=newsletter_quotidienne&amp;pk_kwd=2022-09-08&amp;pk_source=Actualit%C3%A9s_Localtis&amp;pk_medium=newsletter_quotidienne\" target=\"_blank\" rel=\"noopener\">sur le site de la Banque des Territoires<\/a><\/p>\n","protected":false},"excerpt":{"rendered":"<p>\u00a9 DR \u00ab\u00a0D\u00e9montrer comment l\u2019urbanisme doit et peut s\u2019adapter \u00e0 la biodiversit\u00e9, et non l\u2019inverse\u00a0\u00bb. Tel \u00e9tait l\u2019objectif affich\u00e9 de l\u2019un des ateliers des\u00a012es Assises nationales de la biodiversit\u00e9\u00a0qui se tiennent \u00e0 Besan\u00e7on du 7 au 9 septembre. &nbsp; Un atelier des 12es Assises nationales de la biodiversit\u00e9 qui se tiennent \u00e0 Besan\u00e7on jusqu&rsquo;au 9 &hellip; <\/p>\n<p><a class=\"more-link btn\" href=\"https:\/\/www.enviroscop.fr\/actu\/2022\/09\/comment-integrer-la-biodiversite-dans-la-planification-urbaine-ou-linverse\/\">Lire la suite<\/a><\/p>\n","protected":false},"author":1,"featured_media":0,"comment_status":"open","ping_status":"open","sticky":false,"template":"","format":"standard","meta":{"jetpack_post_was_ever_published":false,"_jetpack_newsletter_access":"","_jetpack_dont_email_post_to_subs":false,"_jetpack_newsletter_tier_id":0,"_jetpack_memberships_contains_paywalled_content":false,"_jetpack_memberships_contains_paid_content":false,"footnotes":"","jetpack_publicize_message":"","jetpack_publicize_feature_enabled":true,"jetpack_social_post_already_shared":true,"jetpack_social_options":{"image_generator_settings":{"template":"highway","default_image_id":0,"font":"","enabled":false},"version":2}},"categories":[83,4,5,127,21,30,44,94,54,56,57],"tags":[],"class_list":["post-4939","post","type-post","status-publish","format-standard","hentry","category-aeu","category-air","category-amenagement","category-banque-des-territoires","category-eau","category-guide","category-plu","category-sol","category-transport","category-urbanisation","category-urbanisme","item-wrap"],"jetpack_publicize_connections":[],"jetpack_featured_media_url":"","jetpack_shortlink":"https:\/\/wp.me\/p3rXAp-1hF","jetpack_likes_enabled":true,"jetpack-related-posts":[{"id":2902,"url":"https:\/\/www.enviroscop.fr\/actu\/2017\/10\/guide-plu-biodiversite-concilier-nature-amenagement\/","url_meta":{"origin":4939,"position":0},"title":"Guide PLU et Biodiversit\u00e9 &#8211; Concilier nature et am\u00e9nagement","author":"Enviroscop","date":"16 octobre 2017","format":false,"excerpt":"La loi pour la reconqu\u00eate de la biodiversit\u00e9, de la nature et des paysages d\u2019ao\u00fbt 2016 est venue rappeler ce que repr\u00e9sente la biodiversit\u00e9 tant pour notre patrimoine que pour notre quotidien.Au-del\u00e0 de la faune et la flore, la biodiversit\u00e9 c\u2019est aussi notre nourriture, notre eau, notre sant\u00e9, nos paysages.\u2026","rel":"","context":"Dans &quot;biodiversit\u00e9&quot;","block_context":{"text":"biodiversit\u00e9","link":"https:\/\/www.enviroscop.fr\/actu\/category\/nature\/biodiversite\/"},"img":{"alt_text":"","src":"","width":0,"height":0},"classes":[]},{"id":2915,"url":"https:\/\/www.enviroscop.fr\/actu\/2017\/11\/concilier-energies-renouvelables-biodiversite-nouvelle-note-de-lassociation-oree\/","url_meta":{"origin":4939,"position":1},"title":"Concilier \u00e9nergies renouvelables et biodiversit\u00e9, nouvelle note de l&rsquo;association Or\u00e9e","author":"Enviroscop","date":"8 novembre 2017","format":false,"excerpt":"Encourag\u00e9 par la lutte contre le changement climatique, le d\u00e9veloppement des \u00e9nergies durables suscite des enjeux majeurs pour la protection de la biodiversit\u00e9. La note r\u00e9alis\u00e9e par OR\u00c9E part du principe selon lequel la protection de la biodiversit\u00e9 et la transition \u00e9nerg\u00e9tique sont deux notions cl\u00e9s et interconnect\u00e9es. Bas\u00e9e sur\u2026","rel":"","context":"Dans &quot;Climat&quot;","block_context":{"text":"Climat","link":"https:\/\/www.enviroscop.fr\/actu\/category\/climat\/"},"img":{"alt_text":"","src":"https:\/\/i0.wp.com\/www.oree.org\/source\/imgs\/_2017_couv_cop23.jpg?resize=350%2C200","width":350,"height":200},"classes":[]},{"id":139,"url":"https:\/\/www.enviroscop.fr\/actu\/2012\/09\/seminaire-biodiversite-et-adaptation-au-chang\/","url_meta":{"origin":4939,"position":2},"title":"S\u00e9minaire \u00ab\u00a0Biodiversit\u00e9 et adaptation au changement climatique\u00a0\u00bb Co-organis\u00e9 par l&rsquo;Onerc et la Direction de l&rsquo;eau et de la biodiversit\u00e9","author":"Enviroscop","date":"25 septembre 2012","format":false,"excerpt":"INVITATION 3 octobre 2012, Paris, Arche de la D??fense Le lien entre les objectifs de conservation de la biodiversit?? et la lutte contre les effets du changement climatique a ??t?? explicitement ??tabli tant au niveau international (objectifs d'A...","rel":"","context":"Dans &quot;biodiversit\u00e9&quot;","block_context":{"text":"biodiversit\u00e9","link":"https:\/\/www.enviroscop.fr\/actu\/category\/nature\/biodiversite\/"},"img":{"alt_text":"","src":"","width":0,"height":0},"classes":[]},{"id":4440,"url":"https:\/\/www.enviroscop.fr\/actu\/2021\/10\/quelles-reponses-economiques-face-au-declin-de-la-biodiversite-la-depense-nationale-de-protection-de-la-biodiversite-et-des-paysages\/","url_meta":{"origin":4939,"position":3},"title":"Quelles r\u00e9ponses \u00e9conomiques face au d\u00e9clin de la biodiversit\u00e9 ? La d\u00e9pense nationale de protection de la biodiversit\u00e9 et des paysages","author":"Enviroscop","date":"6 octobre 2021","format":false,"excerpt":"En 2018, 2,4 milliards d\u2019euros ont \u00e9t\u00e9 consacr\u00e9s \u00e0 la protection de la biodiversit\u00e9 et des paysages sur le territoire national. Cette d\u00e9pense se r\u00e9partit, \u00e0 parts sensiblement \u00e9gales, entre le d\u00e9veloppement des aires prot\u00e9g\u00e9es, la r\u00e9duction des pressions sur les milieux naturels, la protection du patrimoine naturel et la\u2026","rel":"","context":"Dans &quot;Agriculture&quot;","block_context":{"text":"Agriculture","link":"https:\/\/www.enviroscop.fr\/actu\/category\/activite\/agriculture\/"},"img":{"alt_text":"","src":"https:\/\/i0.wp.com\/www.enviroscop.fr\/actu\/wp-content\/uploads\/2021\/06\/Capture-decran-2021-06-30-082126.jpg?resize=350%2C200","width":350,"height":200},"classes":[]},{"id":117,"url":"https:\/\/www.enviroscop.fr\/actu\/2013\/01\/conference-debat-entreprises-et-biodiversite\/","url_meta":{"origin":4939,"position":4},"title":"Conf\u00e9rence-d\u00e9bat Entreprises et Biodiversit\u00e9 : Comprendre et Agir","author":"Enviroscop","date":"22 janvier 2013","format":false,"excerpt":"22\/01\/13 La Conf??rence Environnementale a plac?? la biodiversit?? au rang des priorit??s et pr??vu qu'une loi-cadre sur la biodiversit?? serait discut??e au Parlement. En quoi les entreprises sont-elles concern??es ? Quels risques, quelles opport...","rel":"","context":"Dans &quot;biodiversit\u00e9&quot;","block_context":{"text":"biodiversit\u00e9","link":"https:\/\/www.enviroscop.fr\/actu\/category\/nature\/biodiversite\/"},"img":{"alt_text":"","src":"","width":0,"height":0},"classes":[]},{"id":2526,"url":"https:\/\/www.enviroscop.fr\/actu\/2015\/12\/plan-batiment-durable-20-propositions-dactions-pour-la-biodiversite\/","url_meta":{"origin":4939,"position":5},"title":"Plan b\u00e2timent durable, 20 propositions d&rsquo;actions pour la biodiversit\u00e9","author":"Enviroscop","date":"16 d\u00e9cembre 2015","format":false,"excerpt":"La transition \u00e9cologique conduit \u00e0 faire \u00e9merger la biodiversit\u00e9 comme un sujet \u00e0 part enti\u00e8re participant \u00e0 l\u2019\u00e9laboration du b\u00e2timent de demain et \u00e0 plus grande qualit\u00e9 de vie urbaine. De nombreux travaux et initiatives sur ce th\u00e8me sont d\u00e9j\u00e0 entrepris mais tr\u00e8s divers et \u00e9pars, ils sont trop souvent\u2026","rel":"","context":"Dans &quot;biodiversit\u00e9&quot;","block_context":{"text":"biodiversit\u00e9","link":"https:\/\/www.enviroscop.fr\/actu\/category\/nature\/biodiversite\/"},"img":{"alt_text":"","src":"","width":0,"height":0},"classes":[]}],"jetpack_sharing_enabled":true,"_links":{"self":[{"href":"https:\/\/www.enviroscop.fr\/actu\/wp-json\/wp\/v2\/posts\/4939","targetHints":{"allow":["GET"]}}],"collection":[{"href":"https:\/\/www.enviroscop.fr\/actu\/wp-json\/wp\/v2\/posts"}],"about":[{"href":"https:\/\/www.enviroscop.fr\/actu\/wp-json\/wp\/v2\/types\/post"}],"author":[{"embeddable":true,"href":"https:\/\/www.enviroscop.fr\/actu\/wp-json\/wp\/v2\/users\/1"}],"replies":[{"embeddable":true,"href":"https:\/\/www.enviroscop.fr\/actu\/wp-json\/wp\/v2\/comments?post=4939"}],"version-history":[{"count":1,"href":"https:\/\/www.enviroscop.fr\/actu\/wp-json\/wp\/v2\/posts\/4939\/revisions"}],"predecessor-version":[{"id":4940,"href":"https:\/\/www.enviroscop.fr\/actu\/wp-json\/wp\/v2\/posts\/4939\/revisions\/4940"}],"wp:attachment":[{"href":"https:\/\/www.enviroscop.fr\/actu\/wp-json\/wp\/v2\/media?parent=4939"}],"wp:term":[{"taxonomy":"category","embeddable":true,"href":"https:\/\/www.enviroscop.fr\/actu\/wp-json\/wp\/v2\/categories?post=4939"},{"taxonomy":"post_tag","embeddable":true,"href":"https:\/\/www.enviroscop.fr\/actu\/wp-json\/wp\/v2\/tags?post=4939"}],"curies":[{"name":"wp","href":"https:\/\/api.w.org\/{rel}","templated":true}]}}