{"id":495,"date":"2013-03-13T09:09:39","date_gmt":"2013-03-13T08:09:39","guid":{"rendered":"http:\/\/www.enviroscop.fr\/actu\/?p=495"},"modified":"2024-11-19T05:52:33","modified_gmt":"2024-11-19T04:52:33","slug":"adoption-de-la-loi-brottes","status":"publish","type":"post","link":"https:\/\/www.enviroscop.fr\/actu\/2013\/03\/adoption-de-la-loi-brottes\/","title":{"rendered":"Adoption de la Loi Brottes"},"content":{"rendered":"<p>C&rsquo;est un texte fortement remani\u00e9 par rapport \u00e0 l&rsquo;original que l&rsquo;Assembl\u00e9e Nationale vient de voter.<\/p>\n<p>Retenons, outre la mise en place du bonus-malus \u00e9nerg\u00e9tique et la tarification sociale de l&rsquo;eau :<\/p>\n<p>&#8211; la suppression de la r\u00e8gle des 5 m\u00e2ts pour les parcs \u00e9oliens, permettant le d\u00e9veloppement de parcs \u00e9oliens dans des zones dites d&rsquo;habitat dispers\u00e9, ou l&rsquo;extension de parcs existant,<\/p>\n<p>&#8211; la suppression des ZDE (article 24), la planification de l&rsquo;implantation d&rsquo;\u00e9olien revenant maintenant uniquement aux SRCAE, sachant que chaque demande d&rsquo;autorisation d&rsquo;exploiter\u00a0\u00ab\u00a0pourra aussi s&rsquo;en \u00e9carter s&rsquo;il estime qu&rsquo;un projet d&rsquo;implantation pr\u00e9cis, bien que ne correspondant pas au zonage du sch\u00e9ma, pr\u00e9sente n\u00e9anmoins un r\u00e9el int\u00e9r\u00eat qui justifie qu&rsquo;il soit autoris\u00e9\u00a0\u00bb&#8230;<\/p>\n<p>&#8211; dans les communes d&rsquo;outre-mer (Guadeloupe, Guyane, Martinique, La R\u00e9union et Mayotte), les Pr\u00e9fets pourront instituer un arr\u00eat\u00e9 permettant de d\u00e9roger au principe d&rsquo;urbanisation en continuit\u00e9 de la loi littoral pour d\u00e9velopper l&rsquo;\u00e9olien terrestre,<\/p>\n<p>&#8211; dans les espaces remarquables du littoral, la proposition de loi (article 25) autorise les dispositifs souterrains de raccordement des installations marines de production \u00e0 partir d&rsquo;\u00e9nergies renouvelables (parcs \u00e9oliens offshore ou hydroliens) aux r\u00e9seaux publics de transport ou de distribution d&rsquo;\u00e9lectricit\u00e9<\/p>\n","protected":false},"excerpt":{"rendered":"<p>C&rsquo;est un texte fortement remani\u00e9 par rapport \u00e0 l&rsquo;original que l&rsquo;Assembl\u00e9e Nationale vient de voter. Retenons, outre la mise en place du bonus-malus \u00e9nerg\u00e9tique et la tarification sociale de l&rsquo;eau : &#8211; la suppression de la r\u00e8gle des 5 m\u00e2ts pour les parcs \u00e9oliens, permettant le d\u00e9veloppement de parcs \u00e9oliens dans des zones dites d&rsquo;habitat &hellip; <\/p>\n<p><a class=\"more-link btn\" href=\"https:\/\/www.enviroscop.fr\/actu\/2013\/03\/adoption-de-la-loi-brottes\/\">Lire la suite<\/a><\/p>\n","protected":false},"author":1,"featured_media":0,"comment_status":"open","ping_status":"open","sticky":false,"template":"","format":"standard","meta":{"jetpack_post_was_ever_published":false,"_jetpack_newsletter_access":"","_jetpack_dont_email_post_to_subs":false,"_jetpack_newsletter_tier_id":0,"_jetpack_memberships_contains_paywalled_content":false,"_jetpack_memberships_contains_paid_content":false,"footnotes":"","jetpack_publicize_message":"","jetpack_publicize_feature_enabled":true,"jetpack_social_post_already_shared":false,"jetpack_social_options":{"image_generator_settings":{"template":"highway","default_image_id":0,"font":"","enabled":false},"version":2}},"categories":[7,8,35,52],"tags":[],"class_list":["post-495","post","type-post","status-publish","format-standard","hentry","category-energie","category-eolien","category-juridique","category-srcae","item-wrap"],"jetpack_publicize_connections":[],"jetpack_featured_media_url":"","jetpack_shortlink":"https:\/\/wp.me\/p3rXAp-7Z","jetpack_likes_enabled":true,"jetpack-related-posts":[{"id":2787,"url":"https:\/\/www.enviroscop.fr\/actu\/2017\/04\/exposition-aux-basses-frequences-infrasons-des-parcs-eoliens-renforcer-linformation-des-riverains-la-surveillance-de-lexposition-aux-bruits\/","url_meta":{"origin":495,"position":0},"title":"Exposition aux basses fr\u00e9quences et infrasons des parcs \u00e9oliens : renforcer l\u2019information des riverains et la surveillance de l\u2019exposition aux bruits","author":"Enviroscop","date":"3 avril 2017","format":false,"excerpt":"L\u2019Anses publie ce jour les r\u00e9sultats de son \u00e9valuation des effets sanitaires li\u00e9s aux basses fr\u00e9quences sonores (20\u00a0Hz \u00e0 200\u00a0Hz) et infrasons (inf\u00e9rieurs \u00e0 20\u00a0Hz) \u00e9mis par les parcs \u00e9oliens. L\u2019expertise men\u00e9e par l\u2019Agence a permis d\u2019une part de mesurer et caract\u00e9riser en situation r\u00e9elle les infrasons \u00e9mis par des\u2026","rel":"","context":"Dans &quot;Energie&quot;","block_context":{"text":"Energie","link":"https:\/\/www.enviroscop.fr\/actu\/category\/energie\/"},"img":{"alt_text":"","src":"https:\/\/i0.wp.com\/www.enviroscop.fr\/actu\/wp-content\/uploads\/2015\/07\/20150702_121207_img0014-150x150.jpg?resize=350%2C200","width":350,"height":200},"classes":[]},{"id":1920,"url":"https:\/\/www.enviroscop.fr\/actu\/2014\/05\/parcs-eoliens-terrestres-especes-protegees\/","url_meta":{"origin":495,"position":1},"title":"Parcs \u00e9oliens terrestres et esp\u00e8ces prot\u00e9g\u00e9es","author":"Enviroscop","date":"5 mai 2014","format":false,"excerpt":"Parution du guide du Minist\u00e8re sur l'application des dispositions de protection stricte des esp\u00e8ces dans ce secteur d\u2019activit\u00e9s au regard des effets sp\u00e9cifiques que les installations de production d\u2019\u00e9lectricit\u00e9 peuvent pr\u00e9senter et \u00a0les interpr\u00e9tations qu\u2019il convient de donner \u00e0 certaines exigences r\u00e9glementaires applicables \u00e0 la protection stricte des esp\u00e8ces potentiellement\u2026","rel":"","context":"Dans &quot;Ecologie&quot;","block_context":{"text":"Ecologie","link":"https:\/\/www.enviroscop.fr\/actu\/category\/nature\/ecologie\/"},"img":{"alt_text":"","src":"","width":0,"height":0},"classes":[]},{"id":905,"url":"https:\/\/www.enviroscop.fr\/actu\/2013\/04\/les-parcs-eoliens-en-mer-un-nouvel-habitat-pour-les-homards\/","url_meta":{"origin":495,"position":2},"title":"Les parcs \u00e9oliens en mer, un nouvel habitat pour les homards ?","author":"Enviroscop","date":"29 avril 2013","format":false,"excerpt":"http:\/\/www.bulletins-electroniques.com\/actualites\/72893.htm Des chercheurs de l'Institut Alfred Wegener (AWI) pour la recherche polaire et marine de Bremerhaven (Br\u00eame), membre de la Communaut\u00e9 Helmholtz, d\u00e9veloppent un projet pilote ayant pour but d'implanter une population de homards europ\u00e9ens dans le parc \u00e9olien en mer allemand \"Riffgat\". Les scientifiques commencent actuellement l'\u00e9levage de 3.000\u2026","rel":"","context":"Dans &quot;biodiversit\u00e9&quot;","block_context":{"text":"biodiversit\u00e9","link":"https:\/\/www.enviroscop.fr\/actu\/category\/nature\/biodiversite\/"},"img":{"alt_text":"","src":"","width":0,"height":0},"classes":[]},{"id":3968,"url":"https:\/\/www.enviroscop.fr\/actu\/2020\/12\/renouvellement-de-leolien-quelles-strategies-possibles-et-envisageables-en-fin-dexploitation-pour-les-parcs-eoliens-terrestres\/","url_meta":{"origin":495,"position":3},"title":"Renouvellement de l\u2019\u00e9olien : quelles strat\u00e9gies possibles et envisageables en fin d\u2019exploitation pour les parcs \u00e9oliens terrestres ?","author":"Enviroscop","date":"17 d\u00e9cembre 2020","format":false,"excerpt":"L\u2019objectif de la pr\u00e9sente \u00e9tude est d\u2019analyser, dans le cadre de l\u2019application de la r\u00e9glementation en vigueur, le potentiel associ\u00e9 au renouvellement des parcs \u00e9oliens fran\u00e7ais et les enjeux que cela soul\u00e8ve, des points de vue technico-\u00e9conomique, environnemental et r\u00e9glementaire. Pour ce faire, l\u2019\u00e9tude analyse les diff\u00e9rentes options possibles lors\u2026","rel":"","context":"Dans &quot;ADEME&quot;","block_context":{"text":"ADEME","link":"https:\/\/www.enviroscop.fr\/actu\/category\/source\/ademe\/"},"img":{"alt_text":"","src":"https:\/\/i0.wp.com\/www.enviroscop.fr\/actu\/wp-content\/uploads\/2020\/12\/Capture-decran-2020-12-17-111028-218x300.jpg?resize=350%2C200","width":350,"height":200},"classes":[]},{"id":311,"url":"https:\/\/www.enviroscop.fr\/actu\/2011\/05\/projet-de-decret-modifiant-la-nomenclature-de\/","url_meta":{"origin":495,"position":4},"title":"Projet de d\u00e9cret modifiant la nomenclature des installations class\u00e9es (cr\u00e9ation de la rubrique 2980 &#8211; \u00e9oliennes)","author":"Enviroscop","date":"19 mai 2011","format":false,"excerpt":"La loi Grenelle 2 du 12 juillet 2010 a pr??vu l'entr??e des ??oliennes dans le r??gime des installations class??es partir du 13 juillet prochain. Si la loi a fix?? le principe du r??gime de l'autorisation a minima pour les a??rog??n??rateurs \/ ...","rel":"","context":"Dans &quot;Eolien&quot;","block_context":{"text":"Eolien","link":"https:\/\/www.enviroscop.fr\/actu\/category\/energie\/renouvelable\/eolien\/"},"img":{"alt_text":"","src":"","width":0,"height":0},"classes":[]},{"id":172,"url":"https:\/\/www.enviroscop.fr\/actu\/2010\/11\/leurope-natura-2000-et-les-eoliennes\/","url_meta":{"origin":495,"position":5},"title":"L&rsquo;Europe, Natura 2000 et les \u00e9oliennes","author":"Enviroscop","date":"9 novembre 2010","format":false,"excerpt":"Un rapport vient d'??tre publi?? sur les potentialit??s de d??veloppement de parcs ??oliens en zone Natura 2000 R??dig?? en anglais, vous pouvez le t??l??charger ici. Les parcs ??oliens bien con??us ne sont pas une menace pour la biodiversit??. Malheureusemen...","rel":"","context":"Dans &quot;Eolien&quot;","block_context":{"text":"Eolien","link":"https:\/\/www.enviroscop.fr\/actu\/category\/energie\/renouvelable\/eolien\/"},"img":{"alt_text":"","src":"","width":0,"height":0},"classes":[]}],"jetpack_sharing_enabled":true,"_links":{"self":[{"href":"https:\/\/www.enviroscop.fr\/actu\/wp-json\/wp\/v2\/posts\/495","targetHints":{"allow":["GET"]}}],"collection":[{"href":"https:\/\/www.enviroscop.fr\/actu\/wp-json\/wp\/v2\/posts"}],"about":[{"href":"https:\/\/www.enviroscop.fr\/actu\/wp-json\/wp\/v2\/types\/post"}],"author":[{"embeddable":true,"href":"https:\/\/www.enviroscop.fr\/actu\/wp-json\/wp\/v2\/users\/1"}],"replies":[{"embeddable":true,"href":"https:\/\/www.enviroscop.fr\/actu\/wp-json\/wp\/v2\/comments?post=495"}],"version-history":[{"count":1,"href":"https:\/\/www.enviroscop.fr\/actu\/wp-json\/wp\/v2\/posts\/495\/revisions"}],"predecessor-version":[{"id":5521,"href":"https:\/\/www.enviroscop.fr\/actu\/wp-json\/wp\/v2\/posts\/495\/revisions\/5521"}],"wp:attachment":[{"href":"https:\/\/www.enviroscop.fr\/actu\/wp-json\/wp\/v2\/media?parent=495"}],"wp:term":[{"taxonomy":"category","embeddable":true,"href":"https:\/\/www.enviroscop.fr\/actu\/wp-json\/wp\/v2\/categories?post=495"},{"taxonomy":"post_tag","embeddable":true,"href":"https:\/\/www.enviroscop.fr\/actu\/wp-json\/wp\/v2\/tags?post=495"}],"curies":[{"name":"wp","href":"https:\/\/api.w.org\/{rel}","templated":true}]}}