{"id":4976,"date":"2022-09-28T07:24:59","date_gmt":"2022-09-28T06:24:59","guid":{"rendered":"http:\/\/www.enviroscop.fr\/actu\/?p=4976"},"modified":"2022-09-28T07:24:59","modified_gmt":"2022-09-28T06:24:59","slug":"plf-2023-des-moyens-historiquement-eleves-pour-les-ministeres-des-transitions-ecologique-et-energetique","status":"publish","type":"post","link":"https:\/\/www.enviroscop.fr\/actu\/2022\/09\/plf-2023-des-moyens-historiquement-eleves-pour-les-ministeres-des-transitions-ecologique-et-energetique\/","title":{"rendered":"PLF 2023 : des moyens \u00ab\u00a0historiquement \u00e9lev\u00e9s\u00a0\u00bb pour les minist\u00e8res des transitions \u00e9cologique et \u00e9nerg\u00e9tique"},"content":{"rendered":"<div class=\"lead__wrapper mb-4\">\n<div style=\"width: 1040px\" class=\"wp-caption alignnone\"><a class=\"colorbox cboxElement\" title=\"DR avec le dossier de presse PLF 2023 et Adobe stock\" role=\"button\" href=\"https:\/\/i0.wp.com\/www.banquedesterritoires.fr\/sites\/default\/files\/2022-09\/okSansghdfghfghdfgfhfghfghfgh%20titre-1.jpg?ssl=1\" aria-controls=\"colorbox\" aria-label=\"{&quot;alt&quot;:&quot;transitions \u00e9cologique et \u00e9nerg\u00e9tique&quot;}\" data-colorbox-gallery=\"\" data-cbox-img-attrs=\"{&quot;alt&quot;:&quot;transitions \u00e9cologique et \u00e9nerg\u00e9tique&quot;}\"><img data-recalc-dims=\"1\" loading=\"lazy\" decoding=\"async\" class=\"img-fluid image-style-landscape-auto-crop lazyloaded\" src=\"https:\/\/i0.wp.com\/www.banquedesterritoires.fr\/sites\/default\/files\/styles\/landscape_auto_crop\/public\/2022-09\/okSansghdfghfghdfgfhfghfghfgh%20titre-1.jpg?resize=750%2C534&#038;ssl=1\" alt=\"transitions \u00e9cologique et \u00e9nerg\u00e9tique\" width=\"750\" height=\"534\" data-src=\"\/sites\/default\/files\/styles\/landscape_auto_crop\/public\/2022-09\/okSansghdfghfghdfgfhfghfghfgh%20titre-1.jpg?itok=WCDmNK5t\" \/><\/a><p class=\"wp-caption-text\">\u00a9 DR avec le dossier de presse PLF 2023 et Adobe stock<\/p><\/div>\n<h2 class=\"lead mb-3 mt-2\">Le projet de loi de finances pour 2023 pr\u00e9voit un budget de pr\u00e8s de 60 milliards d\u2019euros pour les minist\u00e8res de la Transition \u00e9cologique et de la Transition \u00e9nerg\u00e9tique. Une somme qui ne sera pas enti\u00e8rement consacr\u00e9e \u00e0 ces derni\u00e8res \u2013 un cinqui\u00e8me est consacr\u00e9 au bouclier tarifaire \u00e9nerg\u00e9tique\u00a0 \u2013, mais qui ne prend pas non plus en compte l\u2019ensemble des investissements destin\u00e9s \u00e0 \u00ab\u00a0verdir\u00a0\u00bb la France.<\/h2>\n<\/div>\n<div class=\"row\"><\/div>\n<div class=\"spacer-b text-formatted\">\n<p>\u00ab\u00a0Des moyens financiers historiquement \u00e9lev\u00e9s.\u00a0\u00bb C\u2019est ainsi que Christophe B\u00e9chu et Agn\u00e8s Pannier-Runacher pr\u00e9sentent les budgets de leurs minist\u00e8res dans le cadre du projet de loi de finances pour 2023 (voir\u00a0<a href=\"https:\/\/www.banquedesterritoires.fr\/plf-2023-pour-une-france-leuro-pres\" target=\"_blank\" rel=\"noopener\">notre article<\/a>\u00a0du 26 septembre). 40 milliards d\u2019euros pour celui de la Transition \u00e9cologique et de la Coh\u00e9sion des territoires, 19 milliards pour celui de la Transition \u00e9nerg\u00e9tique, pour un total affich\u00e9 de 59,6 milliards, \u00ab\u00a0en progression de 15% par rapport \u00e0 2022\u00a0\u00bb, affiche-t-on. Au cabinet de Christophe B\u00e9chu, on prend le soin d\u2019indiquer que \u00ab\u00a0le seul examen des cr\u00e9dits de ces deux minist\u00e8res n\u2019est pas suffisant pour \u00e9valuer le soutien public correspondant aux 10 milliards d\u2019euros\u00a0\u00bb suppl\u00e9mentaires que le candidat Macron avait promis qu\u2019il consacrerait chaque ann\u00e9e de son deuxi\u00e8me quinquennat \u00e0 la transition \u00e9cologique. \u00ab\u00a0Il faut tenir compte des cr\u00e9dits en faveur de la r\u00e9novation des b\u00e2timents publics de l\u2019\u00c9tat, des cr\u00e9dits de France 2030, des investissements d\u2019avenir, des d\u00e9penses fiscales, des financements apport\u00e9s par la Caisse des D\u00e9p\u00f4ts\u2026\u00a0\u00bb, \u00e9gr\u00e8ne-t-on, en avouant l\u2019impossibilit\u00e9 pour l\u2019heure de faire un d\u00e9compte pr\u00e9cis. Il faut \u00e0 l\u2019inverse en retrancher, au moins en partie, les d\u00e9penses \u00ab\u00a0hors p\u00e9rim\u00e8tre\u00a0\u00bb (sur ces 59,6 milliards, une partie des 5,2 milliards d\u2019appui aux territoires et des 3,6 milliards d\u2019appui aux politiques publiques). Sans compter que certaines d\u00e9penses restent sans doute fort \u00ab\u00a0brunes\u00a0\u00bb.<\/p>\n<p>L&rsquo;int\u00e9gralit\u00e9 de l&rsquo;article <a href=\"https:\/\/www.banquedesterritoires.fr\/plf-2023-des-moyens-historiquement-eleves-pour-les-ministeres-des-transitions-ecologique-et?pk_campaign=newsletter_quotidienne&amp;pk_kwd=2022-09-27&amp;pk_source=Actualit%C3%A9s_Localtis&amp;pk_medium=newsletter_quotidienne\" target=\"_blank\" rel=\"noopener\">sur le site de la Banque des Territoires<\/a><\/p>\n<\/div>\n","protected":false},"excerpt":{"rendered":"<p>Le projet de loi de finances pour 2023 pr\u00e9voit un budget de pr\u00e8s de 60 milliards d\u2019euros pour les minist\u00e8res de la Transition \u00e9cologique et de la Transition \u00e9nerg\u00e9tique. Une somme qui ne sera pas enti\u00e8rement consacr\u00e9e \u00e0 ces derni\u00e8res \u2013 un cinqui\u00e8me est consacr\u00e9 au bouclier tarifaire \u00e9nerg\u00e9tique\u00a0 \u2013, mais qui ne prend pas &hellip; <\/p>\n<p><a class=\"more-link btn\" href=\"https:\/\/www.enviroscop.fr\/actu\/2022\/09\/plf-2023-des-moyens-historiquement-eleves-pour-les-ministeres-des-transitions-ecologique-et-energetique\/\">Lire la suite<\/a><\/p>\n","protected":false},"author":1,"featured_media":0,"comment_status":"open","ping_status":"open","sticky":false,"template":"","format":"standard","meta":{"jetpack_post_was_ever_published":false,"_jetpack_newsletter_access":"","_jetpack_dont_email_post_to_subs":false,"_jetpack_newsletter_tier_id":0,"_jetpack_memberships_contains_paywalled_content":false,"_jetpack_memberships_contains_paid_content":false,"footnotes":"","jetpack_publicize_message":"","jetpack_publicize_feature_enabled":true,"jetpack_social_post_already_shared":true,"jetpack_social_options":{"image_generator_settings":{"template":"highway","default_image_id":0,"font":"","enabled":false},"version":2}},"categories":[127,22,68,38],"tags":[],"class_list":["post-4976","post","type-post","status-publish","format-standard","hentry","category-banque-des-territoires","category-economie","category-france","category-ministere","item-wrap"],"jetpack_publicize_connections":[],"jetpack_featured_media_url":"","jetpack_shortlink":"https:\/\/wp.me\/p3rXAp-1ig","jetpack_likes_enabled":true,"jetpack-related-posts":[{"id":5357,"url":"https:\/\/www.enviroscop.fr\/actu\/2023\/09\/plf-2024-7-milliards-deuros-de-credits-supplementaires-pour-la-planification-ecologique\/","url_meta":{"origin":4976,"position":0},"title":"PLF 2024 &#8211; 7 milliards d&rsquo;euros de cr\u00e9dits suppl\u00e9mentaires pour la planification \u00e9cologique","author":"Enviroscop","date":"28 septembre 2023","format":false,"excerpt":"R\u00e9novation des logements, mobilit\u00e9, pr\u00e9servation de la biodiversit\u00e9, eau et \u00e9nergie, appui aux territoires, notamment \u00e0 travers le fonds vert : le budget port\u00e9 par les minist\u00e8res de la Transition \u00e9cologique et de la Transition \u00e9nerg\u00e9tique va b\u00e9n\u00e9ficier de 7 milliards d'euros de cr\u00e9dits suppl\u00e9mentaires en 2024. Les effectifs des\u2026","rel":"","context":"Dans &quot;Air&quot;","block_context":{"text":"Air","link":"https:\/\/www.enviroscop.fr\/actu\/category\/compartiments\/air\/"},"img":{"alt_text":"PLF 2024 transition \u00e9cologique","src":"https:\/\/i0.wp.com\/www.banquedesterritoires.fr\/sites\/default\/files\/styles\/landscape_auto_crop\/public\/2023-09\/F7BsioGWsAAIN5r.jpg?resize=350%2C200&ssl=1","width":350,"height":200,"srcset":"https:\/\/i0.wp.com\/www.banquedesterritoires.fr\/sites\/default\/files\/styles\/landscape_auto_crop\/public\/2023-09\/F7BsioGWsAAIN5r.jpg?resize=350%2C200&ssl=1 1x, https:\/\/i0.wp.com\/www.banquedesterritoires.fr\/sites\/default\/files\/styles\/landscape_auto_crop\/public\/2023-09\/F7BsioGWsAAIN5r.jpg?resize=525%2C300&ssl=1 1.5x, https:\/\/i0.wp.com\/www.banquedesterritoires.fr\/sites\/default\/files\/styles\/landscape_auto_crop\/public\/2023-09\/F7BsioGWsAAIN5r.jpg?resize=700%2C400&ssl=1 2x"},"classes":[]},{"id":55,"url":"https:\/\/www.enviroscop.fr\/actu\/2010\/10\/revalorisation-prevue-de-lifer-sur-les-eolien\/","url_meta":{"origin":4976,"position":1},"title":"Revalorisation pr??vue de l&rsquo;Ifer sur les ??oliennes","author":"Enviroscop","date":"1 octobre 2010","format":false,"excerpt":"Le projet de loi de finances (PLF) 2011 pr??voit de relever le tarif de la composante de l'imposition forfaitaire sur les entreprises de r??seaux (Ifer) applicable aux ??oliennes et aux hydroliennes 5 euros par kilowatt de puissance install??e ...","rel":"","context":"Dans &quot;Eolien&quot;","block_context":{"text":"Eolien","link":"https:\/\/www.enviroscop.fr\/actu\/category\/energie\/renouvelable\/eolien\/"},"img":{"alt_text":"","src":"","width":0,"height":0},"classes":[]},{"id":4195,"url":"https:\/\/www.enviroscop.fr\/actu\/2021\/05\/fonds-barnier-la-reglementation-se-met-a-jour\/","url_meta":{"origin":4976,"position":2},"title":"Fonds Barnier : la r\u00e9glementation se met \u00e0 jour","author":"Enviroscop","date":"3 mai 2021","format":false,"excerpt":"Deux d\u00e9crets, publi\u00e9s ce 30 avril au Journal officiel, en application de la loi de finances pour 2021, mettent notamment en \u0153uvre l'int\u00e9gration du fonds de pr\u00e9vention des risques naturels majeurs (FPRNM), dit \"Fonds Barnier\", au budget g\u00e9n\u00e9ral de l\u2019\u00c9tat. Un\u00a0premier d\u00e9cret en Conseil d\u2019\u00c9tat\u00a0abroge ou supprime en cons\u00e9quence les\u2026","rel":"","context":"Dans &quot;Eau&quot;","block_context":{"text":"Eau","link":"https:\/\/www.enviroscop.fr\/actu\/category\/compartiments\/eau\/"},"img":{"alt_text":"","src":"https:\/\/i0.wp.com\/www.enviroscop.fr\/actu\/wp-content\/uploads\/2013\/05\/17141_une.jpg?resize=350%2C200","width":350,"height":200},"classes":[]},{"id":5037,"url":"https:\/\/www.enviroscop.fr\/actu\/2022\/10\/fiscalite-du-zan-le-conseil-des-prelevements-obligatoires-a-rendu-sa-copie\/","url_meta":{"origin":4976,"position":3},"title":"Fiscalit\u00e9 du ZAN : le Conseil des pr\u00e9l\u00e8vements obligatoires a rendu sa copie","author":"Enviroscop","date":"28 octobre 2022","format":false,"excerpt":"L'atteinte de l'objectif z\u00e9ro artificialisation nette (ZAN) rend plus urgente, voire in\u00e9luctable, une refonte de la fiscalit\u00e9 locale, notamment fonci\u00e8re. Le Conseil des pr\u00e9l\u00e8vements obligatoires (CPO), \u00e0 la demande de la commission des finances du S\u00e9nat, s'est livr\u00e9 \u00e0 une \u00e9tude sur le sujet qui a \u00e9t\u00e9 pr\u00e9sent\u00e9e ce 26\u2026","rel":"","context":"Dans &quot;Activit\u00e9&quot;","block_context":{"text":"Activit\u00e9","link":"https:\/\/www.enviroscop.fr\/actu\/category\/activite\/"},"img":{"alt_text":"ZAN ","src":"https:\/\/i0.wp.com\/www.banquedesterritoires.fr\/sites\/default\/files\/styles\/landscape_auto_crop\/public\/2022-10\/Captuiiiiiiiiiiiiiiiiiiiiityuiytuiure.JPG.jpg?resize=350%2C200&ssl=1","width":350,"height":200,"srcset":"https:\/\/i0.wp.com\/www.banquedesterritoires.fr\/sites\/default\/files\/styles\/landscape_auto_crop\/public\/2022-10\/Captuiiiiiiiiiiiiiiiiiiiiityuiytuiure.JPG.jpg?resize=350%2C200&ssl=1 1x, https:\/\/i0.wp.com\/www.banquedesterritoires.fr\/sites\/default\/files\/styles\/landscape_auto_crop\/public\/2022-10\/Captuiiiiiiiiiiiiiiiiiiiiityuiytuiure.JPG.jpg?resize=525%2C300&ssl=1 1.5x, https:\/\/i0.wp.com\/www.banquedesterritoires.fr\/sites\/default\/files\/styles\/landscape_auto_crop\/public\/2022-10\/Captuiiiiiiiiiiiiiiiiiiiiityuiytuiure.JPG.jpg?resize=700%2C400&ssl=1 2x"},"classes":[]},{"id":5270,"url":"https:\/\/www.enviroscop.fr\/actu\/2023\/06\/decret-n-2023-517-du-28-juin-2023-fixant-certaines-modalites-dapplication-des-articles-27-37-et-66-de-la-loi-n-2023-175-du-10-mars-2023-relative-a-lacceleration-de-la-production-den\/","url_meta":{"origin":4976,"position":4},"title":"D\u00e9cret n\u00b0 2023-517 du 28 juin 2023 fixant certaines modalit\u00e9s d&rsquo;application des articles 27, 37 et 66 de la loi n\u00b0 2023-175 du 10 mars 2023 relative \u00e0 l&rsquo;acc\u00e9l\u00e9ration de la production d&rsquo;\u00e9nergies renouvelables","author":"Enviroscop","date":"29 juin 2023","format":false,"excerpt":"La loi n\u00b0 2023-175 du 10 mars 2023\u00a0relative \u00e0 l'acc\u00e9l\u00e9ration de la production d'\u00e9nergies renouvelables a introduit de nouvelles d\u00e9rogations \u00e0 la loi littoral, en faveur, d'une part, des ouvrages du r\u00e9seau public de transport d'\u00e9lectricit\u00e9 n\u00e9cessaires au d\u00e9veloppement de l'\u00e9olien en mer et \u00e0 la d\u00e9carbonation des industries et,\u2026","rel":"","context":"Dans &quot;D\u00e9cret&quot;","block_context":{"text":"D\u00e9cret","link":"https:\/\/www.enviroscop.fr\/actu\/category\/juridique\/decret\/"},"img":{"alt_text":"","src":"https:\/\/i0.wp.com\/www.enviroscop.fr\/actu\/wp-content\/uploads\/2013\/05\/17141_une.jpg?resize=350%2C200&ssl=1","width":350,"height":200},"classes":[]},{"id":5215,"url":"https:\/\/www.enviroscop.fr\/actu\/2023\/04\/photovoltaique-sol-et-biodiversite-enjeux-et-bonnes-pratiques\/","url_meta":{"origin":4976,"position":5},"title":"Photovolta\u00efque, sol et biodiversit\u00e9 : enjeux et bonnes pratiques","author":"Enviroscop","date":"6 avril 2023","format":false,"excerpt":"Le d\u00e9ploiement des \u00e9nergies renouvelables est l\u2019un des moyens majeurs d\u2019atteindre la neutralit\u00e9 carbone et de r\u00e9duire notre d\u00e9pendance \u00e9nerg\u00e9tique. Le solaire photovolta\u00efque, en particulier, est appel\u00e9 \u00e0 jouer un r\u00f4le majeur dans la transition en cours. Lorsqu\u2019elles sont implant\u00e9es dans des milieux naturels, les centrales photovolta\u00efques peuvent avoir des\u2026","rel":"","context":"Dans &quot;ADEME&quot;","block_context":{"text":"ADEME","link":"https:\/\/www.enviroscop.fr\/actu\/category\/source\/ademe\/"},"img":{"alt_text":"","src":"","width":0,"height":0},"classes":[]}],"jetpack_sharing_enabled":true,"_links":{"self":[{"href":"https:\/\/www.enviroscop.fr\/actu\/wp-json\/wp\/v2\/posts\/4976","targetHints":{"allow":["GET"]}}],"collection":[{"href":"https:\/\/www.enviroscop.fr\/actu\/wp-json\/wp\/v2\/posts"}],"about":[{"href":"https:\/\/www.enviroscop.fr\/actu\/wp-json\/wp\/v2\/types\/post"}],"author":[{"embeddable":true,"href":"https:\/\/www.enviroscop.fr\/actu\/wp-json\/wp\/v2\/users\/1"}],"replies":[{"embeddable":true,"href":"https:\/\/www.enviroscop.fr\/actu\/wp-json\/wp\/v2\/comments?post=4976"}],"version-history":[{"count":1,"href":"https:\/\/www.enviroscop.fr\/actu\/wp-json\/wp\/v2\/posts\/4976\/revisions"}],"predecessor-version":[{"id":4977,"href":"https:\/\/www.enviroscop.fr\/actu\/wp-json\/wp\/v2\/posts\/4976\/revisions\/4977"}],"wp:attachment":[{"href":"https:\/\/www.enviroscop.fr\/actu\/wp-json\/wp\/v2\/media?parent=4976"}],"wp:term":[{"taxonomy":"category","embeddable":true,"href":"https:\/\/www.enviroscop.fr\/actu\/wp-json\/wp\/v2\/categories?post=4976"},{"taxonomy":"post_tag","embeddable":true,"href":"https:\/\/www.enviroscop.fr\/actu\/wp-json\/wp\/v2\/tags?post=4976"}],"curies":[{"name":"wp","href":"https:\/\/api.w.org\/{rel}","templated":true}]}}