{"id":502,"date":"2013-03-18T07:42:19","date_gmt":"2013-03-18T06:42:19","guid":{"rendered":"http:\/\/www.enviroscop.fr\/actu\/?p=502"},"modified":"2013-04-26T10:54:17","modified_gmt":"2013-04-26T09:54:17","slug":"loi-brottes-lanalyse-de-notre-confrere-arnaud-gossement","status":"publish","type":"post","link":"https:\/\/www.enviroscop.fr\/actu\/2013\/03\/loi-brottes-lanalyse-de-notre-confrere-arnaud-gossement\/","title":{"rendered":"Loi Brottes, l&rsquo;analyse de notre confr\u00e8re Arnaud Gossement"},"content":{"rendered":"<div>\n<p>La proposition de loi d\u00e9pos\u00e9e par Fran\u00e7ois Brottes et visant \u00e0 pr\u00e9parer la transition vers un syst\u00e8me \u00e9nerg\u00e9tique sobre et portant diverses dispositions sur la tarification de l&rsquo;eau et sur les \u00e9oliennes\u00a0<a href=\"http:\/\/www.assemblee-nationale.fr\/14\/ta\/ta0094.asp\">a \u00e9t\u00e9 adopt\u00e9e en lecture d\u00e9finitive par l&rsquo;Assembl\u00e9e nationale, ce 11 mars 2013<\/a>.<\/p>\n<\/div>\n<p><span style=\"font-size: 12px; line-height: 18px;\">Il convient pour l&rsquo;heure d&rsquo;\u00eatre prudent s&rsquo;agissant du commentaire des dispositions de cette loi.\u00a0<\/span><a style=\"font-size: 12px; line-height: 18px;\" href=\"http:\/\/www.conseil-constitutionnel.fr\/conseil-constitutionnel\/francais\/affaires-en-instance\/affaires-en-instance.28377.html#DC\">Le Conseil constitutionnel a en effet \u00e9t\u00e9 saisi aux fins de contr\u00f4le de la constitutionnalit\u00e9 de cette loi<\/a><span style=\"font-size: 12px; line-height: 18px;\">. Je reviendrai donc sur ce texte, une fois la d\u00e9cision DC du Conseil constitutionnel publi\u00e9e et la loi promulgu\u00e9e.<\/span><a id=\"more\"><\/a><\/p>\n<p>Sous cette (importante) r\u00e9serve, je vous propose cette premi\u00e8re analyse, r\u00e9dig\u00e9e en janvier, des principales dispositions de la proposition, aujourd&rsquo;hui adopt\u00e9es, qui concernaient l&rsquo;\u00e9olien.<\/p>\n<p>La suite sur le <a href=\"http:\/\/www.arnaudgossement.com\/archive\/2013\/03\/17\/loi-brottes.html\" target=\"_blank\">site d&rsquo;Arnaud Gossement<\/a><\/p>\n","protected":false},"excerpt":{"rendered":"<p>La proposition de loi d\u00e9pos\u00e9e par Fran\u00e7ois Brottes et visant \u00e0 pr\u00e9parer la transition vers un syst\u00e8me \u00e9nerg\u00e9tique sobre et portant diverses dispositions sur la tarification de l&rsquo;eau et sur les \u00e9oliennes\u00a0a \u00e9t\u00e9 adopt\u00e9e en lecture d\u00e9finitive par l&rsquo;Assembl\u00e9e nationale, ce 11 mars 2013. Il convient pour l&rsquo;heure d&rsquo;\u00eatre prudent s&rsquo;agissant du commentaire des dispositions &hellip; <\/p>\n<p><a class=\"more-link btn\" href=\"https:\/\/www.enviroscop.fr\/actu\/2013\/03\/loi-brottes-lanalyse-de-notre-confrere-arnaud-gossement\/\">Lire la suite<\/a><\/p>\n","protected":false},"author":1,"featured_media":0,"comment_status":"open","ping_status":"open","sticky":false,"template":"","format":"standard","meta":{"jetpack_post_was_ever_published":false,"_jetpack_newsletter_access":"","_jetpack_dont_email_post_to_subs":false,"_jetpack_newsletter_tier_id":0,"_jetpack_memberships_contains_paywalled_content":false,"_jetpack_memberships_contains_paid_content":false,"footnotes":"","jetpack_publicize_message":"","jetpack_publicize_feature_enabled":true,"jetpack_social_post_already_shared":false,"jetpack_social_options":{"image_generator_settings":{"template":"highway","default_image_id":0,"font":"","enabled":false},"version":2}},"categories":[7,8,32,35,52],"tags":[],"class_list":["post-502","post","type-post","status-publish","format-standard","hentry","category-energie","category-eolien","category-icpe","category-juridique","category-srcae","item-wrap"],"jetpack_publicize_connections":[],"jetpack_featured_media_url":"","jetpack_shortlink":"https:\/\/wp.me\/p3rXAp-86","jetpack_likes_enabled":true,"jetpack-related-posts":[{"id":805,"url":"https:\/\/www.enviroscop.fr\/actu\/2013\/04\/la-loi-brottes-validee-par-le-conseil-constitutionnel\/","url_meta":{"origin":502,"position":0},"title":"La loi Brottes, valid\u00e9e par le Conseil Constitutionnel","author":"Enviroscop","date":"12 avril 2013","format":false,"excerpt":"Le\u00a0 11 avril \u00a0le Conseil constitutionnel s'est prononc\u00e9 sur la loi dite \"Brottes\" sur la transition \u00e9nerg\u00e9tique. Elle abandonne cependant les \u00a0dispositions relatives\u00a0 au \u00ab bonus\u2212malus \u00bb \u00e9nerg\u00e9tique. Le Conseil a cependant valid\u00e9 les dispositions sur l'\u00e9olien : les zones de d\u00e9veloppement \u00e9olien sont supprim\u00e9es la r\u00e8gle des cinq m\u00e2ts\u2026","rel":"","context":"Dans &quot;Conseil Constitutionnel&quot;","block_context":{"text":"Conseil Constitutionnel","link":"https:\/\/www.enviroscop.fr\/actu\/category\/juridique\/conseil-constitutionnel\/"},"img":{"alt_text":"Graphique 1","src":"https:\/\/i0.wp.com\/www.enviroscop.fr\/actu\/wp-content\/uploads\/2013\/03\/Graphique-1-300x163.png?resize=350%2C200","width":350,"height":200},"classes":[]},{"id":1227,"url":"https:\/\/www.enviroscop.fr\/actu\/2013\/07\/eolien-les-arretes-definissant-les-zde-etaient-ils-soumis-a-la-participation-du-public\/","url_meta":{"origin":502,"position":1},"title":"Eolien : les arr\u00eat\u00e9s d\u00e9finissant les ZDE \u00e9taient-ils soumis \u00e0 la participation du public ?","author":"Enviroscop","date":"2 juillet 2013","format":false,"excerpt":"Les arr\u00eat\u00e9s pr\u00e9fectoraux d\u00e9finissant les ZDE n'\u00e9taient pas soumis au principe de participation du public tel qu'\u00e9nonc\u00e9 par le code de l'environnement. C'est ce que vient de trancher le Conseil d'Etat, non sans cons\u00e9quences. Par\u00a0une d\u00e9cision du 26 juin 2013, le Conseil d'Etat s'est prononc\u00e9 sur la question de savoir\u2026","rel":"","context":"Dans &quot;Concertation&quot;","block_context":{"text":"Concertation","link":"https:\/\/www.enviroscop.fr\/actu\/category\/concertation\/"},"img":{"alt_text":"Eolien : les arr\u00eat\u00e9s d\u00e9finissant les ZDE \u00e9taient-ils soumis \u00e0 la participation du public ?","src":"https:\/\/i0.wp.com\/www.actu-environnement.com\/images\/illustrations\/news\/18899_une.jpg?resize=350%2C200","width":350,"height":200},"classes":[]},{"id":5181,"url":"https:\/\/www.enviroscop.fr\/actu\/2023\/03\/le-conseil-constitutionnel-donne-son-feu-vert-a-la-loi-energies-renouvelables\/","url_meta":{"origin":502,"position":2},"title":"Le Conseil constitutionnel donne son feu vert \u00e0 la loi \u00e9nergies renouvelables","author":"Enviroscop","date":"10 mars 2023","format":false,"excerpt":"La loi sur l'acc\u00e9l\u00e9ration des \u00e9nergies renouvelables est sur le point d'\u00eatre promulgu\u00e9e presque sans modification. Dans une d\u00e9cision rendue ce jeudi, la juridiction a jug\u00e9 que les dispositions de huit articles critiqu\u00e9es par le RN et LR \u00e9taient conformes \u00e0 la Constitution. Cependant, elle a \u00e9galement censur\u00e9 onze autres\u2026","rel":"","context":"Dans &quot;Conseil Constitutionnel&quot;","block_context":{"text":"Conseil Constitutionnel","link":"https:\/\/www.enviroscop.fr\/actu\/category\/juridique\/conseil-constitutionnel\/"},"img":{"alt_text":"Eoliennes au soleil couchant","src":"https:\/\/i0.wp.com\/www.enviroscop.fr\/actu\/wp-content\/uploads\/2022\/05\/IMG_20161205_083745_01-scaled.jpg?resize=350%2C200","width":350,"height":200,"srcset":"https:\/\/i0.wp.com\/www.enviroscop.fr\/actu\/wp-content\/uploads\/2022\/05\/IMG_20161205_083745_01-scaled.jpg?resize=350%2C200 1x, https:\/\/i0.wp.com\/www.enviroscop.fr\/actu\/wp-content\/uploads\/2022\/05\/IMG_20161205_083745_01-scaled.jpg?resize=525%2C300 1.5x, https:\/\/i0.wp.com\/www.enviroscop.fr\/actu\/wp-content\/uploads\/2022\/05\/IMG_20161205_083745_01-scaled.jpg?resize=700%2C400 2x, https:\/\/i0.wp.com\/www.enviroscop.fr\/actu\/wp-content\/uploads\/2022\/05\/IMG_20161205_083745_01-scaled.jpg?resize=1050%2C600 3x, https:\/\/i0.wp.com\/www.enviroscop.fr\/actu\/wp-content\/uploads\/2022\/05\/IMG_20161205_083745_01-scaled.jpg?resize=1400%2C800 4x"},"classes":[]},{"id":1928,"url":"https:\/\/www.enviroscop.fr\/actu\/2014\/05\/schemas-regionaux-du-climat-de-lair-et-de-lenergie-declaration-dinconstitutionnalite-du-conseil-constitutionnel\/","url_meta":{"origin":502,"position":3},"title":"Sch\u00e9mas r\u00e9gionaux du climat, de l&rsquo;air et de l&rsquo;\u00e9nergie : d\u00e9claration d&rsquo;inconstitutionnalit\u00e9 du Conseil constitutionnel","author":"Enviroscop","date":"12 mai 2014","format":false,"excerpt":"Par une d\u00e9cision n\u00b02014-395 QPC du 7 mai 2014, le Conseil constitutionnel a d\u00e9clar\u00e9 contraire \u00e0 l'article 7 de la Charte de l'environnement, les dispositions l\u00e9gislatives cr\u00e9ant les sch\u00e9mas r\u00e9gionaux du climat, de l'air et de l'\u00e9nergie.Dans cette affaire, plusieurs associations oppos\u00e9es au d\u00e9veloppement de l'\u00e9olien terrestre, avaient saisi le\u2026","rel":"","context":"Dans &quot;Air&quot;","block_context":{"text":"Air","link":"https:\/\/www.enviroscop.fr\/actu\/category\/compartiments\/air\/"},"img":{"alt_text":"","src":"","width":0,"height":0},"classes":[]},{"id":1080,"url":"https:\/\/www.enviroscop.fr\/actu\/2013\/05\/nouvelle-loi-transport\/","url_meta":{"origin":502,"position":4},"title":"Nouvelle loi \u00ab\u00a0transport\u00a0\u00bb","author":"Enviroscop","date":"30 mai 2013","format":false,"excerpt":"La\u00a0loi portant diverses dispositions en mati\u00e8re d'infrastructures et de services de transports\u00a0a \u00e9t\u00e9 publi\u00e9e au\u00a0Journal officiel\u00a0ce 29 mai. Si elle avait fait l'objet d'un recours (Conseil constitutionnel),\u00a0elle a d\u00e9finitivement adopt\u00e9e par l'Assembl\u00e9e nationale le 24 avril. Ce texte pr\u00e9voit notamment un m\u00e9canisme de r\u00e9percussion de l'\u00e9cotaxe poids-lourds sur les clients\u2026","rel":"","context":"Dans &quot;Conseil Constitutionnel&quot;","block_context":{"text":"Conseil Constitutionnel","link":"https:\/\/www.enviroscop.fr\/actu\/category\/juridique\/conseil-constitutionnel\/"},"img":{"alt_text":"","src":"https:\/\/i0.wp.com\/www.my-angers.info\/wp-content\/uploads\/2013\/04\/velo-bicycle_m1-300x225.jpg?resize=350%2C200","width":350,"height":200},"classes":[]},{"id":1527,"url":"https:\/\/www.enviroscop.fr\/actu\/2013\/10\/gaz-de-schiste-le-conseil-constitutionnel-valide-la-loi\/","url_meta":{"origin":502,"position":5},"title":"Gaz de schiste : le Conseil constitutionnel valide la loi","author":"Enviroscop","date":"11 octobre 2013","format":false,"excerpt":"La loi Jacob de 2011 interdisant la fracturation hydraulique est conforme \u00e0 la Constitution, jugent les sages. Ni l'\u00e9galit\u00e9 devant la loi, ni la libert\u00e9 d'entreprendre ne sont bafou\u00e9es. Pas plus que le droit de propri\u00e9t\u00e9. Le Conseil constitutionnel a rendu publique ce matin sa d\u00e9cision relative \u00e0 la question\u2026","rel":"","context":"Dans &quot;Conseil Constitutionnel&quot;","block_context":{"text":"Conseil Constitutionnel","link":"https:\/\/www.enviroscop.fr\/actu\/category\/juridique\/conseil-constitutionnel\/"},"img":{"alt_text":"","src":"","width":0,"height":0},"classes":[]}],"jetpack_sharing_enabled":true,"_links":{"self":[{"href":"https:\/\/www.enviroscop.fr\/actu\/wp-json\/wp\/v2\/posts\/502","targetHints":{"allow":["GET"]}}],"collection":[{"href":"https:\/\/www.enviroscop.fr\/actu\/wp-json\/wp\/v2\/posts"}],"about":[{"href":"https:\/\/www.enviroscop.fr\/actu\/wp-json\/wp\/v2\/types\/post"}],"author":[{"embeddable":true,"href":"https:\/\/www.enviroscop.fr\/actu\/wp-json\/wp\/v2\/users\/1"}],"replies":[{"embeddable":true,"href":"https:\/\/www.enviroscop.fr\/actu\/wp-json\/wp\/v2\/comments?post=502"}],"version-history":[{"count":0,"href":"https:\/\/www.enviroscop.fr\/actu\/wp-json\/wp\/v2\/posts\/502\/revisions"}],"wp:attachment":[{"href":"https:\/\/www.enviroscop.fr\/actu\/wp-json\/wp\/v2\/media?parent=502"}],"wp:term":[{"taxonomy":"category","embeddable":true,"href":"https:\/\/www.enviroscop.fr\/actu\/wp-json\/wp\/v2\/categories?post=502"},{"taxonomy":"post_tag","embeddable":true,"href":"https:\/\/www.enviroscop.fr\/actu\/wp-json\/wp\/v2\/tags?post=502"}],"curies":[{"name":"wp","href":"https:\/\/api.w.org\/{rel}","templated":true}]}}