{"id":5046,"date":"2022-11-03T10:15:48","date_gmt":"2022-11-03T09:15:48","guid":{"rendered":"http:\/\/www.enviroscop.fr\/actu\/?p=5046"},"modified":"2022-11-03T10:15:48","modified_gmt":"2022-11-03T09:15:48","slug":"energies-renouvelables-le-regime-contentieux-ajuste-par-decret","status":"publish","type":"post","link":"https:\/\/www.enviroscop.fr\/actu\/2022\/11\/energies-renouvelables-le-regime-contentieux-ajuste-par-decret\/","title":{"rendered":"\u00c9nergies renouvelables : le r\u00e9gime contentieux ajust\u00e9 par d\u00e9cret"},"content":{"rendered":"<div class=\"lead__wrapper mb-4\">\n<h2 class=\"lead mb-3 mt-2\">La refonte du r\u00e9gime contentieux des autorisations aff\u00e9rentes aux installations de production d&rsquo;\u00e9nergie renouvelable (hors \u00e9olien) pr\u00e9vue par un d\u00e9cret paru ce 30 octobre impose notamment un d\u00e9lai d&rsquo;instruction maximal des recours de dix mois. Un ajustement destin\u00e9 \u00e0 ma\u00eetriser le tempo de la proc\u00e9dure qui pourrait s\u2019av\u00e9rer contre-productif.<\/h2>\n<\/div>\n<div class=\"row\">\n<div class=\"col-md-8 mx-md-auto mb-5 mb-md-8\">\n<div class=\"field field--name-field-tra-media-image field--type-entity-reference\">\n<div class=\"media media--type-image media--view-mode-landscape  figure figure__wrapper \">\n<div class=\"image-copyright\" role=\"figure\" aria-label=\"\u00a9\u00a9 Pascal POGGI CC BY-NC-SA 2.0\">\n<div class=\"field field--name-field-media-image block-media-image\"><img data-recalc-dims=\"1\" loading=\"lazy\" decoding=\"async\" class=\"img-fluid image-style-landscape-auto-crop lazyloaded\" src=\"https:\/\/i0.wp.com\/www.banquedesterritoires.fr\/sites\/default\/files\/styles\/landscape_auto_crop\/public\/2022-11\/Sans%20yuityyyyyyyyyyyytutyuityuititre-1.jpg?resize=750%2C534&#038;ssl=1\" alt=\"panneaux photovolta\u00efque \" width=\"750\" height=\"534\" data-src=\"\/sites\/default\/files\/styles\/landscape_auto_crop\/public\/2022-11\/Sans%20yuityyyyyyyyyyyytutyuityuititre-1.jpg?itok=yb0hOWiB\" \/><\/div>\n<div class=\"figcaption\">\u00a9 Pascal POGGI CC BY-NC-SA 2.0<\/div>\n<\/div>\n<\/div>\n<\/div>\n<\/div>\n<\/div>\n<div class=\"spacer-b text-formatted\">\n<p>Alors que les s\u00e9nateurs entament l\u2019examen en s\u00e9ance du\u00a0<a href=\"https:\/\/www.banquedesterritoires.fr\/projet-de-loi-sur-lacceleration-des-energies-renouvelables-les-senateurs-veulent-renforcer-les\" target=\"_blank\" rel=\"noopener\">projet de loi d&rsquo;acc\u00e9l\u00e9ration des \u00e9nergies renouvelables<\/a>\u00a0(EnR), un\u00a0<a href=\"https:\/\/www.legifrance.gouv.fr\/jorf\/id\/JORFTEXT000046503647\" target=\"_blank\" rel=\"noopener\">d\u00e9cret<\/a>, paru ce 30 octobre, pr\u00e9voit d\u2019en ajuster le r\u00e9gime contentieux. Le texte pr\u00e9cise entre autres que les tribunaux administratifs et les cours administratives d&rsquo;appel statuent dans un d\u00e9lai de dix mois pour les litiges portant sur les diverses d\u00e9cisions, y compris de refus, relatives \u00e0 certains types d&rsquo;installations de production d&rsquo;\u00e9nergie \u00e0 partir de sources renouvelables (hors \u00e9olien) et aux ouvrages des r\u00e9seaux publics de transport et de distribution d\u2019\u00e9lectricit\u00e9.\u00a0Concr\u00e8tement \u00e0 l\u2019issue de ce d\u00e9lai, le litige sera port\u00e9 devant la juridiction de rang sup\u00e9rieure. Ce n\u2019est pas la premi\u00e8re fois que le gouvernement utilise ce levier pour acc\u00e9l\u00e9rer la proc\u00e9dure puisque l\u2019\u00e9olien b\u00e9n\u00e9ficie quant \u00e0 lui d\u00e9j\u00e0 d\u2019un r\u00e9gime contentieux sp\u00e9cial (suite \u00e0 un\u00a0<a href=\"https:\/\/www.banquedesterritoires.fr\/simplification-du-droit-de-lenvironnement-un-decret-balai-axe-sur-leolien-terrestre\" target=\"_blank\" rel=\"noopener\">d\u00e9cret de 2018 pour l\u2019\u00e9olien terrestre<\/a>\u00a0et \u00e0 un\u00a0<a href=\"https:\/\/www.banquedesterritoires.fr\/premiers%20retours%20d'application%20de%20la%20loi%20Asap\" target=\"_blank\" rel=\"noopener\">d\u00e9cret de 2021 pour l\u2019\u00e9olien en mer<\/a>).<\/p>\n<h2><strong>Installations cibl\u00e9es hors \u00e9olien<\/strong><\/h2>\n<p>Les installations concern\u00e9es par cette refonte du contentieux de leurs autorisations sont list\u00e9es par le d\u00e9cret qui fixe en outre certains seuils. Y figurent les installations de m\u00e9thanisation de d\u00e9chets non dangereux ou de mati\u00e8re v\u00e9g\u00e9tale brute (\u00e0 l&rsquo;exclusion des installations de m\u00e9thanisation d&rsquo;eaux us\u00e9es ou de boues d&rsquo;\u00e9puration urbaines lorsqu&rsquo;elles sont m\u00e9thanis\u00e9es sur leur site de production) ; les installations photovolta\u00efques \u00e0 partir de 5 MW ; les gites g\u00e9othermiques ; les installations hydro\u00e9lectriques \u00e0 partir de 3 MW ; ainsi que certains ouvrages des r\u00e9seaux publics de transport et de distribution d&rsquo;\u00e9lectricit\u00e9 de raccordement des installations de production d&rsquo;\u00e9lectricit\u00e9 renouvelable et ceux inscrits au sch\u00e9ma r\u00e9gional de raccordement au r\u00e9seau des \u00e9nergies renouvelables. En revanche, l\u2019\u00e9olien n\u2019en fait pas partie. Le texte d\u00e9taille \u00e9galement la liste des diverses d\u00e9cisions int\u00e9ress\u00e9es. Notons par ailleurs que le d\u00e9cret s\u2019applique sur une p\u00e9riode cibl\u00e9e, c\u2019est-\u00e0-dire \u00ab\u00a0aux d\u00e9cisions prises entre le 1<sup>er<\/sup>\u00a0novembre 2022 et le 31 d\u00e9cembre 2026&Prime;. Le texte pr\u00e9voit un d\u00e9lai de recours contentieux contre ces d\u00e9cisions de deux mois, qui \u00ab\u00a0n&rsquo;est pas prorog\u00e9 par l&rsquo;exercice d&rsquo;un recours administratif\u00a0\u00bb, pr\u00e9cise-t-il. Enfin, il mentionne que ce d\u00e9lai d\u2019instruction de dix mois peut \u00eatre suspendu pour un d\u00e9lai de six mois en cas de mesure de r\u00e9gularisation en cours d\u2019instance.<\/p>\n<h2><strong>Une port\u00e9e r\u00e9duite mais davantage de complexit\u00e9\u00a0<\/strong><\/h2>\n<p>Selon le rapport d\u2019activit\u00e9 du Conseil d\u2019\u00c9tat pour 2021, les d\u00e9lais moyens de jugement sont de 9 mois et 16 jours devant les tribunaux administratifs, de 11 mois et 15 jours devant les cours administratives d\u2019appel et de 7 mois devant le Conseil d\u2019\u00c9tat. Pour l\u2019avocat sp\u00e9cialis\u00e9 en droit de l\u2019environnement, Arnaud Gossement, il est donc possible que la d\u00e9finition d&rsquo;un d\u00e9lai maximal de dix mois ait pour effet \u00ab\u00a0un tr\u00e8s l\u00e9ger raccourcissement de ce d\u00e9lai, s&rsquo;agissant du contentieux des \u00e9nergies renouvelables en particulier\u00a0\u00bb. Cette proc\u00e9dure \u00ab\u00a0toboggan\u00a0\u00bb pourrait au final accro\u00eetre la complexit\u00e9 de la proc\u00e9dure et, comporter, selon lui, bien des inconv\u00e9nients pour les porteurs de projets. \u00ab\u00a0Le dessaisissement d&rsquo;une juridiction au profit d&rsquo;une autre pourra avoir pour effet que les dix ou vingt premiers mois d&rsquo;instruction devant le premier juge saisi auront \u00e9t\u00e9, en tout ou partie, inutiles\u00a0\u00bb, explique-t-il notamment. \u00ab\u00a0Si l&rsquo;autorisation querell\u00e9e est annul\u00e9e devant le Conseil d&rsquo;\u00c9tat sans instruction aboutie devant les juridictions subordonn\u00e9es, son b\u00e9n\u00e9ficiaire pourra regretter de ne plus disposer de voie de recours\u00a0\u00bb, ajoute-t-il. Et dans certains cas ce d\u00e9lai de dix mois peut \u00eatre \u00ab\u00a0contraignant\u00a0\u00bb pour toutes les parties \u00ab\u00a0car trop court\u00a0\u00bb, en particulier pour organiser une m\u00e9diation et une instruction en cas d&rsquo;\u00e9chec de la m\u00e9diation.<\/p>\n<\/div>\n<p><a href=\"https:\/\/www.banquedesterritoires.fr\/energies-renouvelables-le-regime-contentieux-ajuste-par-decret?pk_campaign=newsletter_quotidienne&amp;pk_kwd=2022-11-02&amp;pk_source=Actualit%C3%A9s_Localtis&amp;pk_medium=newsletter_quotidienne\" target=\"_blank\" rel=\"noopener\">Article de la Banque des Territoires<\/a><\/p>\n<div class=\"spacer-b text-formatted\">\n<div class=\"table-responsive\">\n<table>\n<caption>\u00a0<\/caption>\n<tbody>\n<tr>\n<td><strong>R\u00e9f\u00e9rence<\/strong>\u00a0:\u00a0<a href=\"https:\/\/www.legifrance.gouv.fr\/jorf\/id\/JORFTEXT000046503647\" target=\"_blank\" rel=\"noopener\">d\u00e9cret n\u00b0 2022-1379 du 29 octobre 2022<\/a>\u00a0relatif au r\u00e9gime juridique applicable au contentieux des d\u00e9cisions aff\u00e9rentes aux installations de production d&rsquo;\u00e9nergie \u00e0 partir de sources renouvelables (hors \u00e9nergie \u00e9olienne) et aux ouvrages des r\u00e9seaux publics de transport et de distribution d\u2019\u00e9lectricit\u00e9, JO du 30 octobre 2022, texte n\u00b0 41.<\/td>\n<\/tr>\n<\/tbody>\n<\/table>\n<\/div>\n<\/div>\n","protected":false},"excerpt":{"rendered":"<p>La refonte du r\u00e9gime contentieux des autorisations aff\u00e9rentes aux installations de production d&rsquo;\u00e9nergie renouvelable (hors \u00e9olien) pr\u00e9vue par un d\u00e9cret paru ce 30 octobre impose notamment un d\u00e9lai d&rsquo;instruction maximal des recours de dix mois. Un ajustement destin\u00e9 \u00e0 ma\u00eetriser le tempo de la proc\u00e9dure qui pourrait s\u2019av\u00e9rer contre-productif. \u00a9 Pascal POGGI CC BY-NC-SA 2.0 &hellip; <\/p>\n<p><a class=\"more-link btn\" href=\"https:\/\/www.enviroscop.fr\/actu\/2022\/11\/energies-renouvelables-le-regime-contentieux-ajuste-par-decret\/\">Lire la suite<\/a><\/p>\n","protected":false},"author":1,"featured_media":0,"comment_status":"open","ping_status":"open","sticky":false,"template":"","format":"standard","meta":{"jetpack_post_was_ever_published":false,"_jetpack_newsletter_access":"","_jetpack_dont_email_post_to_subs":false,"_jetpack_newsletter_tier_id":0,"_jetpack_memberships_contains_paywalled_content":false,"_jetpack_memberships_contains_paid_content":false,"footnotes":"","jetpack_publicize_message":"","jetpack_publicize_feature_enabled":true,"jetpack_social_post_already_shared":true,"jetpack_social_options":{"image_generator_settings":{"template":"highway","default_image_id":0,"font":"","enabled":false},"version":2}},"categories":[5,127,135,7,68,125,57],"tags":[],"class_list":["post-5046","post","type-post","status-publish","format-standard","hentry","category-amenagement","category-banque-des-territoires","category-decret","category-energie","category-france","category-renouvelable","category-urbanisme","item-wrap"],"jetpack_publicize_connections":[],"jetpack_featured_media_url":"","jetpack_shortlink":"https:\/\/wp.me\/p3rXAp-1jo","jetpack_likes_enabled":true,"jetpack-related-posts":[{"id":5382,"url":"https:\/\/www.enviroscop.fr\/actu\/2023\/11\/agrivoltaisme-le-point-sur-le-projet-de-decret-dapplication-de-la-loi-du-10-mars-2023-relative-a-lacceleration-de-la-production-denergie-renouvelable-et-sur-le-cadre-juridique-en-formation\/","url_meta":{"origin":5046,"position":0},"title":"Agrivolta\u00efsme : le point sur le projet de d\u00e9cret d&rsquo;application de la loi du 10 mars 2023 relative \u00e0 l&rsquo;acc\u00e9l\u00e9ration de la production d&rsquo;\u00e9nergie renouvelable et sur le cadre juridique en formation","author":"Enviroscop","date":"16 novembre 2023","format":false,"excerpt":"Les minist\u00e8res de la transition \u00e9nerg\u00e9tique, de la transition \u00e9cologique et de l'agriculture\u00a0r\u00e9digent actuellement le projet de d\u00e9cret d'application de l'article 54 de la loi n\u00b02023-175 du 10 mars 2023 relative \u00e0 l'acc\u00e9l\u00e9ration de la production d'\u00e9nergies renouvelables. L'occasion de faire le point sur ce projet de d\u00e9cret en particulier\u2026","rel":"","context":"Dans &quot;Agriculture&quot;","block_context":{"text":"Agriculture","link":"https:\/\/www.enviroscop.fr\/actu\/category\/activite\/agriculture\/"},"img":{"alt_text":"","src":"https:\/\/i0.wp.com\/www.enviroscop.fr\/actu\/wp-content\/uploads\/2021\/01\/AVD_Domaine-de-Nidole%CC%80res_Tresserre_vue-du-ciel-cre%CC%81dit-SunAgri-3-1200x799-1.jpg?resize=350%2C200&ssl=1","width":350,"height":200},"classes":[]},{"id":5255,"url":"https:\/\/www.enviroscop.fr\/actu\/2023\/06\/acceleration-du-developpement-du-biogaz-le-cadre-reglementaire-de-soutien-evolue-a-nouveau\/","url_meta":{"origin":5046,"position":1},"title":"Acc\u00e9l\u00e9ration du d\u00e9veloppement du biogaz : le cadre r\u00e9glementaire de soutien \u00e9volue \u00e0 nouveau","author":"Enviroscop","date":"15 juin 2023","format":false,"excerpt":"Nicolas DUPREY, CD 78 (CC BY-ND 2.0)\/ Injection de biom\u00e9thane dans le r\u00e9seau de gaz d'\u00eele-de-France par la station d'\u00e9puration des Mureaux Les mesures r\u00e9glementaires - un d\u00e9cret et deux arr\u00eat\u00e9s publi\u00e9s ce 13 juin - de soutien au biogaz devraient notamment permettre de r\u00e9pondre aux inqui\u00e9tudes des porteurs de\u2026","rel":"","context":"Dans &quot;Activit\u00e9&quot;","block_context":{"text":"Activit\u00e9","link":"https:\/\/www.enviroscop.fr\/actu\/category\/activite\/"},"img":{"alt_text":"Station d\u00e9puration biogaz","src":"https:\/\/i0.wp.com\/www.banquedesterritoires.fr\/sites\/default\/files\/styles\/landscape_auto_crop\/public\/2023-06\/49165340422_b51de6abdd_6k.jpg?resize=350%2C200&ssl=1","width":350,"height":200,"srcset":"https:\/\/i0.wp.com\/www.banquedesterritoires.fr\/sites\/default\/files\/styles\/landscape_auto_crop\/public\/2023-06\/49165340422_b51de6abdd_6k.jpg?resize=350%2C200&ssl=1 1x, https:\/\/i0.wp.com\/www.banquedesterritoires.fr\/sites\/default\/files\/styles\/landscape_auto_crop\/public\/2023-06\/49165340422_b51de6abdd_6k.jpg?resize=525%2C300&ssl=1 1.5x, https:\/\/i0.wp.com\/www.banquedesterritoires.fr\/sites\/default\/files\/styles\/landscape_auto_crop\/public\/2023-06\/49165340422_b51de6abdd_6k.jpg?resize=700%2C400&ssl=1 2x"},"classes":[]},{"id":3207,"url":"https:\/\/www.enviroscop.fr\/actu\/2018\/12\/autorisation-environnementale-eolien-publication-du-decret-simplification-et-clarification-du-29-novembre-2018\/","url_meta":{"origin":5046,"position":2},"title":"Autorisation environnementale \/ \u00e9olien : publication du d\u00e9cret \u00ab\u00a0simplification et clarification\u00a0\u00bb du 29 novembre 2018","author":"Enviroscop","date":"11 d\u00e9cembre 2018","format":false,"excerpt":"17h10\u00a010\u00a0d\u00e9c. 2018 Le Gouvernement a publi\u00e9 au Journal officiel du 1er d\u00e9cembre 2018, le\u00a0d\u00e9cret n\u00b0 2018-1054 du\u00a029 novembre 2018\u00a0relatif aux \u00e9oliennes terrestres, \u00e0 l'autorisation environnementale et portant diverses dispositions de simplification et de clarification du droit de l'environnement.\u00a0 R\u00e9sum\u00e9.\u00a0Le d\u00e9cret n\u00b02018-1054 du 29 novembre 2018 comporte deux s\u00e9ries de dispositions\u2026","rel":"","context":"Dans &quot;Energie&quot;","block_context":{"text":"Energie","link":"https:\/\/www.enviroscop.fr\/actu\/category\/energie\/"},"img":{"alt_text":"","src":"","width":0,"height":0},"classes":[]},{"id":5432,"url":"https:\/\/www.enviroscop.fr\/actu\/2024\/04\/decret-n-2024-318-du-8-avril-2024-relatif-au-developpement-de-lagrivoltaisme-et-aux-conditions-dimplantation-des-installations-photovoltaiques-sur-des-terrains-agricoles-natur\/","url_meta":{"origin":5046,"position":3},"title":"D\u00e9cret n\u00b0 2024-318 du 8 avril 2024 relatif au d\u00e9veloppement de l\u2019agrivolta\u00efsme et aux conditions d\u2019implantation des installations photovolta\u00efques sur des terrains agricoles, naturels ou forestiers.","author":"Enviroscop","date":"15 avril 2024","format":false,"excerpt":"Le d\u00e9cret comporte 9 articles en 5 chapitres : \u2022 Chapitre Ier : Dispositions sp\u00e9cifiques \u00e0 l'agrivolta\u00efsme (Article 1) \u2022 Chapitre II : Dispositions sp\u00e9cifiques aux installations photovolta\u00efques compatibles avec l'exercice d'une activit\u00e9 agricole (Article 2) \u2022 Chapitre III : R\u00e9gime des autorisations d'urbanisme relatives aux projets d'ouvrages de production\u2026","rel":"","context":"Dans &quot;Agriculture&quot;","block_context":{"text":"Agriculture","link":"https:\/\/www.enviroscop.fr\/actu\/category\/activite\/agriculture\/"},"img":{"alt_text":"","src":"https:\/\/i0.wp.com\/www.enviroscop.fr\/actu\/wp-content\/uploads\/2021\/01\/AVD_Domaine-de-Nidole%CC%80res_Tresserre_vue-du-ciel-cre%CC%81dit-SunAgri-3-1200x799-1.jpg?resize=350%2C200&ssl=1","width":350,"height":200,"srcset":"https:\/\/i0.wp.com\/www.enviroscop.fr\/actu\/wp-content\/uploads\/2021\/01\/AVD_Domaine-de-Nidole%CC%80res_Tresserre_vue-du-ciel-cre%CC%81dit-SunAgri-3-1200x799-1.jpg?resize=350%2C200&ssl=1 1x, https:\/\/i0.wp.com\/www.enviroscop.fr\/actu\/wp-content\/uploads\/2021\/01\/AVD_Domaine-de-Nidole%CC%80res_Tresserre_vue-du-ciel-cre%CC%81dit-SunAgri-3-1200x799-1.jpg?resize=525%2C300&ssl=1 1.5x, https:\/\/i0.wp.com\/www.enviroscop.fr\/actu\/wp-content\/uploads\/2021\/01\/AVD_Domaine-de-Nidole%CC%80res_Tresserre_vue-du-ciel-cre%CC%81dit-SunAgri-3-1200x799-1.jpg?resize=700%2C400&ssl=1 2x, https:\/\/i0.wp.com\/www.enviroscop.fr\/actu\/wp-content\/uploads\/2021\/01\/AVD_Domaine-de-Nidole%CC%80res_Tresserre_vue-du-ciel-cre%CC%81dit-SunAgri-3-1200x799-1.jpg?resize=1050%2C600&ssl=1 3x"},"classes":[]},{"id":1988,"url":"https:\/\/www.enviroscop.fr\/actu\/2014\/07\/decret-n-2014-760-du-2-juillet-2014-modifiant-le-decret-n-2012-533-du-20-avril-2012-relatif-aux-schemas-regionaux-de-raccordement-au-reseau-des-energies-renouvelables-prevus-par-larticle\/","url_meta":{"origin":5046,"position":4},"title":"D\u00e9cret n\u00b0 2014-760 du 2 juillet 2014 modifiant le d\u00e9cret n\u00b0 2012-533 du 20 avril 2012 relatif aux sch\u00e9mas r\u00e9gionaux de raccordement au r\u00e9seau des \u00e9nergies renouvelables pr\u00e9vus par l&rsquo;article L. 321-7 du code de l&rsquo;\u00e9nergie | Legifrance","author":"Enviroscop","date":"4 juillet 2014","format":false,"excerpt":"Le d\u00e9cret modifie le d\u00e9cret n\u00b0 2012-533 du 20 avril 2012 relatif aux sch\u00e9mas r\u00e9gionaux de raccordement au r\u00e9seau des \u00e9nergies renouvelables. Ces sch\u00e9mas, institu\u00e9s par la loi n\u00b0 2010-788 du 12 juillet 2010 portant engagement national pour l'environnement, d\u00e9finissent les ouvrages \u00e0 cr\u00e9er ou \u00e0 renforcer pour atteindre les\u2026","rel":"","context":"Dans &quot;Energie&quot;","block_context":{"text":"Energie","link":"https:\/\/www.enviroscop.fr\/actu\/category\/energie\/"},"img":{"alt_text":"","src":"","width":0,"height":0},"classes":[]},{"id":5332,"url":"https:\/\/www.enviroscop.fr\/actu\/2023\/09\/energies-renouvelables-le-decret-sur-les-comites-de-projet-mis-en-consultation\/","url_meta":{"origin":5046,"position":5},"title":"\u00c9nergies renouvelables : le d\u00e9cret sur les comit\u00e9s de projet mis en consultation","author":"Enviroscop","date":"4 septembre 2023","format":false,"excerpt":"Le d\u00e9cret sur les modalit\u00e9s d'organisation des comit\u00e9s de projet dont la cr\u00e9ation est pr\u00e9vue par la loi d'acc\u00e9l\u00e9ration de la production d'\u00e9nergies renouvelables est soumis \u00e0 consultation publique jusqu'au 17 septembre prochain. Ces comit\u00e9s sont obligatoires pour les projets situ\u00e9s en dehors des zones d'acc\u00e9l\u00e9ration dans lesquelles les communes\u2026","rel":"","context":"Dans &quot;Banque des Territoires&quot;","block_context":{"text":"Banque des Territoires","link":"https:\/\/www.enviroscop.fr\/actu\/category\/source\/banque-des-territoires\/"},"img":{"alt_text":"eoliennes","src":"https:\/\/i0.wp.com\/www.banquedesterritoires.fr\/sites\/default\/files\/styles\/landscape_auto_crop\/public\/2023-08\/1686056465974%20%281%29.jpg?resize=350%2C200&ssl=1","width":350,"height":200},"classes":[]}],"jetpack_sharing_enabled":true,"_links":{"self":[{"href":"https:\/\/www.enviroscop.fr\/actu\/wp-json\/wp\/v2\/posts\/5046","targetHints":{"allow":["GET"]}}],"collection":[{"href":"https:\/\/www.enviroscop.fr\/actu\/wp-json\/wp\/v2\/posts"}],"about":[{"href":"https:\/\/www.enviroscop.fr\/actu\/wp-json\/wp\/v2\/types\/post"}],"author":[{"embeddable":true,"href":"https:\/\/www.enviroscop.fr\/actu\/wp-json\/wp\/v2\/users\/1"}],"replies":[{"embeddable":true,"href":"https:\/\/www.enviroscop.fr\/actu\/wp-json\/wp\/v2\/comments?post=5046"}],"version-history":[{"count":1,"href":"https:\/\/www.enviroscop.fr\/actu\/wp-json\/wp\/v2\/posts\/5046\/revisions"}],"predecessor-version":[{"id":5047,"href":"https:\/\/www.enviroscop.fr\/actu\/wp-json\/wp\/v2\/posts\/5046\/revisions\/5047"}],"wp:attachment":[{"href":"https:\/\/www.enviroscop.fr\/actu\/wp-json\/wp\/v2\/media?parent=5046"}],"wp:term":[{"taxonomy":"category","embeddable":true,"href":"https:\/\/www.enviroscop.fr\/actu\/wp-json\/wp\/v2\/categories?post=5046"},{"taxonomy":"post_tag","embeddable":true,"href":"https:\/\/www.enviroscop.fr\/actu\/wp-json\/wp\/v2\/tags?post=5046"}],"curies":[{"name":"wp","href":"https:\/\/api.w.org\/{rel}","templated":true}]}}