{"id":5064,"date":"2022-11-15T07:47:10","date_gmt":"2022-11-15T06:47:10","guid":{"rendered":"http:\/\/www.enviroscop.fr\/actu\/?p=5064"},"modified":"2022-11-15T07:47:10","modified_gmt":"2022-11-15T06:47:10","slug":"conseil-detat-annulation-de-larticle-3-du-decret-n-2020-828-du-30-juin-2020-modifiant-la-nomenclature-et-la-procedure-en-matiere-de-police-de-leau","status":"publish","type":"post","link":"https:\/\/www.enviroscop.fr\/actu\/2022\/11\/conseil-detat-annulation-de-larticle-3-du-decret-n-2020-828-du-30-juin-2020-modifiant-la-nomenclature-et-la-procedure-en-matiere-de-police-de-leau\/","title":{"rendered":"Conseil d&rsquo;Etat : Annulation de l&rsquo;article 3 du d\u00e9cret n\u00b0 2020-828 du 30 juin 2020 modifiant la nomenclature et la proc\u00e9dure en mati\u00e8re de police de l&rsquo;eau"},"content":{"rendered":"<p><img data-recalc-dims=\"1\" loading=\"lazy\" decoding=\"async\" data-attachment-id=\"5065\" data-permalink=\"https:\/\/www.enviroscop.fr\/actu\/2022\/11\/conseil-detat-annulation-de-larticle-3-du-decret-n-2020-828-du-30-juin-2020-modifiant-la-nomenclature-et-la-procedure-en-matiere-de-police-de-leau\/img_4516\/\" data-orig-file=\"https:\/\/i0.wp.com\/www.enviroscop.fr\/actu\/wp-content\/uploads\/2022\/11\/IMG_4516.jpg?fit=1098%2C1952&amp;ssl=1\" data-orig-size=\"1098,1952\" data-comments-opened=\"1\" data-image-meta=\"{&quot;aperture&quot;:&quot;0&quot;,&quot;credit&quot;:&quot;&quot;,&quot;camera&quot;:&quot;&quot;,&quot;caption&quot;:&quot;&quot;,&quot;created_timestamp&quot;:&quot;0&quot;,&quot;copyright&quot;:&quot;&quot;,&quot;focal_length&quot;:&quot;0&quot;,&quot;iso&quot;:&quot;0&quot;,&quot;shutter_speed&quot;:&quot;0&quot;,&quot;title&quot;:&quot;&quot;,&quot;orientation&quot;:&quot;0&quot;}\" data-image-title=\"IMG_4516\" data-image-description=\"\" data-image-caption=\"\" data-large-file=\"https:\/\/i0.wp.com\/www.enviroscop.fr\/actu\/wp-content\/uploads\/2022\/11\/IMG_4516.jpg?fit=576%2C1024&amp;ssl=1\" class=\"alignleft  wp-image-5065\" src=\"https:\/\/i0.wp.com\/www.enviroscop.fr\/actu\/wp-content\/uploads\/2022\/11\/IMG_4516.jpg?resize=217%2C386&#038;ssl=1\" alt=\"\" width=\"217\" height=\"386\" srcset=\"https:\/\/i0.wp.com\/www.enviroscop.fr\/actu\/wp-content\/uploads\/2022\/11\/IMG_4516.jpg?w=1098&amp;ssl=1 1098w, https:\/\/i0.wp.com\/www.enviroscop.fr\/actu\/wp-content\/uploads\/2022\/11\/IMG_4516.jpg?resize=169%2C300&amp;ssl=1 169w, https:\/\/i0.wp.com\/www.enviroscop.fr\/actu\/wp-content\/uploads\/2022\/11\/IMG_4516.jpg?resize=576%2C1024&amp;ssl=1 576w, https:\/\/i0.wp.com\/www.enviroscop.fr\/actu\/wp-content\/uploads\/2022\/11\/IMG_4516.jpg?resize=768%2C1365&amp;ssl=1 768w, https:\/\/i0.wp.com\/www.enviroscop.fr\/actu\/wp-content\/uploads\/2022\/11\/IMG_4516.jpg?resize=864%2C1536&amp;ssl=1 864w, https:\/\/i0.wp.com\/www.enviroscop.fr\/actu\/wp-content\/uploads\/2022\/11\/IMG_4516.jpg?resize=750%2C1333&amp;ssl=1 750w\" sizes=\"auto, (max-width: 217px) 100vw, 217px\" \/>Dans son rendu du 31\/10\/2022, le Conseil d&rsquo;Etat d\u00e9cide :<\/p>\n<p>Article 1er : Le h) de l&rsquo;article 3 du d\u00e9cret du 30 juin 2020 modifiant la nomenclature et la proc\u00e9dure en mati\u00e8re de police de l&rsquo;eau et l&rsquo;arr\u00eat\u00e9 du 30 juin 2020 d\u00e9finissant les travaux de restauration des fonctionnalit\u00e9s naturelles des milieux aquatiques relevant de la rubrique 3.3.5.0 de la nomenclature annex\u00e9e \u00e0 l&rsquo;article R. 214-1 du code de l&rsquo;environnement sont annul\u00e9s. Cette annulation prendra effet au 1er mars 2023.<br \/>\nArticle 2 : Sous r\u00e9serve des actions contentieuses engag\u00e9es \u00e0 la date de la pr\u00e9sente d\u00e9cision contre les actes pris sur le fondement des dispositions annul\u00e9es, les effets ant\u00e9rieurs \u00e0 cette annulation doivent \u00eatre r\u00e9put\u00e9s d\u00e9finitifs.<br \/>\nArticle 3 : Le surplus des conclusions de la requ\u00eate de l&rsquo;association Union des \u00e9tangs de France est rejet\u00e9, y compris les conclusions pr\u00e9sent\u00e9es au titre de l&rsquo;article L.761-1 du code de justice administrative.<br \/>\nArticle 4 : L&rsquo;Etat versera, d&rsquo;une part, au syndicat France Hydro-Electricit\u00e9 et autres, d&rsquo;autre part, \u00e0 l&rsquo;association Hydrauxois la somme de 2 000 euros au titre de l&rsquo;article L. 761-1 du code de justice administrative.<br \/>\nArticle 5 : La pr\u00e9sente d\u00e9cision sera notifi\u00e9e au syndicat France Hydro-Electricit\u00e9, premier d\u00e9nomm\u00e9 pour les autres requ\u00e9rants de la requ\u00eate n\u00b0 443683, \u00e0 l&rsquo;association Hydrauxois, \u00e0 l&rsquo;association Union des \u00e9tangs de France, \u00e0 la Premi\u00e8re ministre et au ministre de la transition \u00e9cologique et de la coh\u00e9sion des territoires.<\/p>\n<p>Lire l&rsquo;int\u00e9gralit\u00e9 du texte <a href=\"https:\/\/www.legifrance.gouv.fr\/ceta\/id\/CETATEXT000046511543?init=true&amp;page=1&amp;query=&amp;searchField=ALL&amp;tab_selection=cetat\" target=\"_blank\" rel=\"noopener\">sur le site de L\u00e9giFrance<\/a><\/p>\n<p>Ce ni\u00e8me rebondissement ne va pas faciliter le dialogue entre propri\u00e9taires de moulins, producteurs d&rsquo;\u00e9nergies renouvelables, p\u00eacheurs et amoureux de la nature (le d\u00e9lais au 31\/03\/2023 n&rsquo;arrangera rien, notamment pour les situations de blocage d\u00e9j\u00e0 en place).<\/p>\n","protected":false},"excerpt":{"rendered":"<p>Dans son rendu du 31\/10\/2022, le Conseil d&rsquo;Etat d\u00e9cide : Article 1er : Le h) de l&rsquo;article 3 du d\u00e9cret du 30 juin 2020 modifiant la nomenclature et la proc\u00e9dure en mati\u00e8re de police de l&rsquo;eau et l&rsquo;arr\u00eat\u00e9 du 30 juin 2020 d\u00e9finissant les travaux de restauration des fonctionnalit\u00e9s naturelles des milieux aquatiques relevant de &hellip; <\/p>\n<p><a class=\"more-link btn\" href=\"https:\/\/www.enviroscop.fr\/actu\/2022\/11\/conseil-detat-annulation-de-larticle-3-du-decret-n-2020-828-du-30-juin-2020-modifiant-la-nomenclature-et-la-procedure-en-matiere-de-police-de-leau\/\">Lire la suite<\/a><\/p>\n","protected":false},"author":1,"featured_media":0,"comment_status":"open","ping_status":"open","sticky":false,"template":"","format":"standard","meta":{"jetpack_post_was_ever_published":false,"_jetpack_newsletter_access":"","_jetpack_dont_email_post_to_subs":false,"_jetpack_newsletter_tier_id":0,"_jetpack_memberships_contains_paywalled_content":false,"_jetpack_memberships_contains_paid_content":false,"footnotes":"","jetpack_publicize_message":"","jetpack_publicize_feature_enabled":true,"jetpack_social_post_already_shared":true,"jetpack_social_options":{"image_generator_settings":{"template":"highway","default_image_id":0,"font":"","enabled":false},"version":2}},"categories":[5,11,78,21,7,148,157,67,42,125,53,59],"tags":[],"class_list":["post-5064","post","type-post","status-publish","format-standard","hentry","category-amenagement","category-biodiversite","category-conseil-detat","category-eau","category-energie","category-hydraulique","category-legifrance","category-nature","category-pedagogie","category-renouvelable","category-trames-verte-et-bleue","category-zones-humides","item-wrap"],"jetpack_publicize_connections":[],"jetpack_featured_media_url":"","jetpack_shortlink":"https:\/\/wp.me\/p3rXAp-1jG","jetpack_likes_enabled":true,"jetpack-related-posts":[{"id":3270,"url":"https:\/\/www.enviroscop.fr\/actu\/2019\/03\/autorisation-environnementale-autorite-environnementale-annulation-partielle-du-decret-n-2017-626-du-5-avril-2017-conseil-detat\/","url_meta":{"origin":5064,"position":0},"title":"Autorisation environnementale \/ Autorit\u00e9 environnementale : annulation partielle du d\u00e9cret n\u00b0 2017-626 du 5 avril 2017 (Conseil d\u2019Etat)","author":"Enviroscop","date":"22 mars 2019","format":false,"excerpt":"Par une\u00a0d\u00e9cision en date du 13 mars 2019 (n\u00b0 414930), le Conseil d\u2019Etat a apport\u00e9 plusieurs pr\u00e9cisions sur l\u2019\u00e9valuation environnementale et sa proc\u00e9dure. Dans cette affaire, une association agr\u00e9e pour la protection de l\u2019environnement a form\u00e9 une demande d\u2019abrogation du d\u00e9cret n\u00b0 2017-626 du 5 avril 2017 relatif aux proc\u00e9dures\u2026","rel":"","context":"Dans &quot;Conseil d'Etat&quot;","block_context":{"text":"Conseil d'Etat","link":"https:\/\/www.enviroscop.fr\/actu\/category\/juridique\/conseil-detat\/"},"img":{"alt_text":"","src":"","width":0,"height":0},"classes":[]},{"id":1230,"url":"https:\/\/www.enviroscop.fr\/actu\/2013\/07\/solaire-annulation-partielle-de-larrete-tarifaire-du-31-aout-2010-et-du-tarif-dachat-pour-les-installations-beneficiant-dune-prime-dintegration-au-bati-conseil-detat-arnaud-gossement\/","url_meta":{"origin":5064,"position":1},"title":"Solaire : annulation partielle de l\u2019arr\u00eat\u00e9 tarifaire du 31 ao\u00fbt 2010 et du tarif d&rsquo;achat pour les installations b\u00e9n\u00e9ficiant d&rsquo;une prime d&rsquo;int\u00e9gration au b\u00e2ti","author":"Enviroscop","date":"3 juillet 2013","format":false,"excerpt":"Par arr\u00eat du 28 juin 2013 le Conseil d\u2019Etat a annul\u00e9 plusieurs dispositions de l\u2019arr\u00eat\u00e9 du 31 ao\u00fbt 2010 \u00ab\u00a0fixant les conditions d\u2019achat d\u2019\u00e9lectricit\u00e9 produite par les installations utilisant l\u2019\u00e9nergie radiative du soleil telles que vis\u00e9es au 3\u00b0 de l\u2019article 2 du d\u00e9cret du n\u00b02000-1196 du 6 d\u00e9cembre 2000\u00a0\u00bb. via\u2026","rel":"","context":"Dans &quot;Arr\u00eat\u00e9&quot;","block_context":{"text":"Arr\u00eat\u00e9","link":"https:\/\/www.enviroscop.fr\/actu\/category\/juridique\/arrete\/"},"img":{"alt_text":"ferme-solaire-photovoltaique2","src":"https:\/\/i0.wp.com\/www.enviroscop.fr\/actu\/wp-content\/uploads\/2013\/04\/ferme-solaire-photovoltaique2-300x157.jpg?resize=350%2C200","width":350,"height":200},"classes":[]},{"id":3861,"url":"https:\/\/www.enviroscop.fr\/actu\/2020\/09\/decret-n-2020-1169-du-24-septembre-2020-modifiant-la-nomenclature-des-installations-classees-pour-la-protection-de-lenvironnement-et-la-nomenclature-annexee-a-larticle-r-122-2-du-code-de-l\/","url_meta":{"origin":5064,"position":2},"title":"D\u00e9cret n\u00b0 2020-1169 du 24 septembre 2020 modifiant la nomenclature des installations class\u00e9es pour la protection de l&rsquo;environnement et la nomenclature annex\u00e9e \u00e0 l&rsquo;article R. 122-2 du code de l&rsquo;environnement","author":"Enviroscop","date":"27 septembre 2020","format":false,"excerpt":"Publics concern\u00e9s : exploitants d'installations class\u00e9es pour la protection de l'environnement (ICPE) relevant\u00a0 des rubriques 1510, 1511, 1530, 1532, 2662, 2663. Porteurs de projets relevant du point 39. de la nomenclature annex\u00e9e \u00e0 l'article R. 122-2 (\u00e9valuation environnementale). Objet : modification de la nomenclature des installations class\u00e9es pour la protection\u2026","rel":"","context":"Dans &quot;Am\u00e9nagement&quot;","block_context":{"text":"Am\u00e9nagement","link":"https:\/\/www.enviroscop.fr\/actu\/category\/amenagement\/"},"img":{"alt_text":"","src":"https:\/\/i0.wp.com\/www.enviroscop.fr\/actu\/wp-content\/uploads\/2013\/05\/17141_une-300x152.jpg?resize=350%2C200","width":350,"height":200},"classes":[]},{"id":3818,"url":"https:\/\/www.enviroscop.fr\/actu\/2020\/08\/nouvelle-nomenclature-iota\/","url_meta":{"origin":5064,"position":3},"title":"Nouvelle nomenclature IOTA","author":"Enviroscop","date":"31 ao\u00fbt 2020","format":false,"excerpt":"Au journal officiel du 02 juillet 2020, deux d\u00e9crets et deux arr\u00eat\u00e9s ont \u00e9t\u00e9 publi\u00e9s. Ils visent \u00e0\u00a0simplifier le r\u00e9gime relatif aux IOTA, clarifier les dispositions applicables en la mati\u00e8re et atteindre les objectifs de l\u2019Union europ\u00e9enne notamment fix\u00e9s par la directive cadre sur l\u2019eau et la directive relative au\u2026","rel":"","context":"Dans &quot;Arr\u00eat\u00e9&quot;","block_context":{"text":"Arr\u00eat\u00e9","link":"https:\/\/www.enviroscop.fr\/actu\/category\/juridique\/arrete\/"},"img":{"alt_text":"","src":"https:\/\/i0.wp.com\/www.enviroscop.fr\/actu\/wp-content\/uploads\/2019\/08\/P1080957-300x225.jpg?resize=350%2C200","width":350,"height":200},"classes":[]},{"id":2381,"url":"https:\/\/www.enviroscop.fr\/actu\/2015\/06\/autorite-environnementale-le-conseil-detat-saisit-la-cour-de-justice-de-lunion-europeenne-du-risque-dannulation-de-nombreux-plans-programmes-des-actes-pris-sur-leur-fondement\/","url_meta":{"origin":5064,"position":4},"title":"Autorit\u00e9 environnementale : le Conseil d&rsquo;Etat saisit la Cour de justice de l&rsquo;Union europ\u00e9enne du risque d&rsquo;annulation de nombreux plans et programmes et des actes pris sur leur fondement","author":"Enviroscop","date":"30 juin 2015","format":false,"excerpt":"Alors que le Minist\u00e8re de l'\u00e9cologie annonce depuis des mois la\u00a0mise en consultation publique\u00a0d'un projet de\u00a0d\u00e9cret destin\u00e9 \u00e0 r\u00e9former la proc\u00e9dure de saisine pour avis de l'autorit\u00e9 environnementale de mani\u00e8re \u00e0 assurer l'ind\u00e9pendance de celle-ci, le Conseil d'Etat vient de rendre un arr\u00eat qui pourrait contraindre le Gouvernement \u00e0 acc\u00e9l\u00e9rer\u2026","rel":"","context":"Dans &quot;Enviroscop&quot;","block_context":{"text":"Enviroscop","link":"https:\/\/www.enviroscop.fr\/actu\/category\/non-classe\/"},"img":{"alt_text":"","src":"","width":0,"height":0},"classes":[]},{"id":1830,"url":"https:\/\/www.enviroscop.fr\/actu\/2014\/03\/decret-n-2014-285-du-3-mars-2014-modifiant-la-nomenclature-des-installations-classees-pour-la-protection-de-lenvironnement-legifrance\/","url_meta":{"origin":5064,"position":5},"title":"D\u00e9cret n\u00b0 2014-285 du 3 mars 2014 modifiant la nomenclature des installations class\u00e9es pour la protection de l&rsquo;environnement | Legifrance","author":"Enviroscop","date":"5 mars 2014","format":false,"excerpt":".Objet : modification de la nomenclature des ICPE. Entr\u00e9e en vigueur : le texte entre en vigueur le 1er juin 2015. Notice : la nomenclature des ICPE susceptibles de cr\u00e9er des accidents majeurs impliquant des substances dangereuses est modifi\u00e9e pour tenir compte des dispositions issues de la directive n\u00b0 2012\/18\/UE\u2026","rel":"","context":"Dans &quot;ICPE&quot;","block_context":{"text":"ICPE","link":"https:\/\/www.enviroscop.fr\/actu\/category\/icpe\/"},"img":{"alt_text":"","src":"","width":0,"height":0},"classes":[]}],"jetpack_sharing_enabled":true,"_links":{"self":[{"href":"https:\/\/www.enviroscop.fr\/actu\/wp-json\/wp\/v2\/posts\/5064","targetHints":{"allow":["GET"]}}],"collection":[{"href":"https:\/\/www.enviroscop.fr\/actu\/wp-json\/wp\/v2\/posts"}],"about":[{"href":"https:\/\/www.enviroscop.fr\/actu\/wp-json\/wp\/v2\/types\/post"}],"author":[{"embeddable":true,"href":"https:\/\/www.enviroscop.fr\/actu\/wp-json\/wp\/v2\/users\/1"}],"replies":[{"embeddable":true,"href":"https:\/\/www.enviroscop.fr\/actu\/wp-json\/wp\/v2\/comments?post=5064"}],"version-history":[{"count":1,"href":"https:\/\/www.enviroscop.fr\/actu\/wp-json\/wp\/v2\/posts\/5064\/revisions"}],"predecessor-version":[{"id":5066,"href":"https:\/\/www.enviroscop.fr\/actu\/wp-json\/wp\/v2\/posts\/5064\/revisions\/5066"}],"wp:attachment":[{"href":"https:\/\/www.enviroscop.fr\/actu\/wp-json\/wp\/v2\/media?parent=5064"}],"wp:term":[{"taxonomy":"category","embeddable":true,"href":"https:\/\/www.enviroscop.fr\/actu\/wp-json\/wp\/v2\/categories?post=5064"},{"taxonomy":"post_tag","embeddable":true,"href":"https:\/\/www.enviroscop.fr\/actu\/wp-json\/wp\/v2\/tags?post=5064"}],"curies":[{"name":"wp","href":"https:\/\/api.w.org\/{rel}","templated":true}]}}