{"id":5070,"date":"2022-11-23T07:16:58","date_gmt":"2022-11-23T06:16:58","guid":{"rendered":"http:\/\/www.enviroscop.fr\/actu\/?p=5070"},"modified":"2022-11-23T07:16:58","modified_gmt":"2022-11-23T06:16:58","slug":"des-indicateurs-bases-sur-des-odd-pour-nourrir-des-strategies-territoriales","status":"publish","type":"post","link":"https:\/\/www.enviroscop.fr\/actu\/2022\/11\/des-indicateurs-bases-sur-des-odd-pour-nourrir-des-strategies-territoriales\/","title":{"rendered":"Des indicateurs bas\u00e9s sur des ODD pour nourrir des strat\u00e9gies territoriales"},"content":{"rendered":"<div class=\"texte surlignable clearfix chapo\">\n<p><img data-recalc-dims=\"1\" loading=\"lazy\" decoding=\"async\" class=\"fr-content-media__img\" src=\"https:\/\/i0.wp.com\/www.agenda-2030.fr\/local\/cache-vignettes\/L462xH533\/image_inidcateurs-e3c63-4d9ea.png?resize=462%2C533&#038;ssl=1\" alt=\"\" width=\"462\" height=\"533\" aria-labelledby=\"collapse-img2054\" \/><\/p>\n<p>Le guide \u00ab\u00a0Elaborer des indicateurs de contribution aux ODD pour nourrir des strat\u00e9gies territoriales\u00a0\u00bb a pour objectif de tester une m\u00e9thodologie d\u2019\u00e9laboration d\u2019indicateurs pour appr\u00e9cier la contribution de collectivit\u00e9s locales aux ODD. Il a \u00e9t\u00e9 \u00e9labor\u00e9 dans le cadre d\u2019une d\u00e9marche exp\u00e9rimentale conduite en Bourgogne Franche Comt\u00e9 avec les villes de Besan\u00e7on et de Quetigny, le soutien de la DREAL Bourgogne-Franche-Comt\u00e9 et le CEREMA.<\/p>\n<\/div>\n<div class=\"texte surlignable clearfix  \">\n<h2 id=\"Quel-type-d-indicateur-utiliser\">Quel type d\u2019indicateur utiliser ?<\/h2>\n<p>Il existe diff\u00e9rents types d\u2019indicateurs (r\u00e9sultat, impact, contribution\u2026)\u00a0; le choix s\u2019est fait sur l\u2019indicateur de contribution qui vise la mesure des effets d\u2019une action sur des objectifs (ici les ODD) qui ne sont pas directement les objectifs sp\u00e9cifiques de l\u2019action.<br class=\"autobr\" \/>L\u2019objectif de la d\u00e9marche men\u00e9e en Bourgogne France Comt\u00e9 est d\u2019appr\u00e9cier dans quelle mesure les actions de la ville contribuent aux ODD, qu\u2019elles aient \u00e9t\u00e9 ou non \u00e9labor\u00e9es dans un objectif de d\u00e9veloppement durable. La qualit\u00e9 des indicateurs de contribution d\u00e9pend de la justesse de leur articulation entre d\u2019une part les actions de la collectivit\u00e9 et d\u2019autre part, les ODD vis\u00e9s.<br class=\"autobr\" \/>Deux risques principaux sont \u00e0 \u00e9viter\u00a0:<br class=\"autobr\" \/>\u2022 D\u00e9finir des indicateurs de r\u00e9alisation qui d\u00e9crivent l\u2019action de la ville (par exemple, le nombre d\u2019ateliers de sensibilisation, etc.) sans permettre d\u2019appr\u00e9cier leurs effets sur les b\u00e9n\u00e9ficiaires\u00a0;<br class=\"autobr\" \/>\u2022 D\u00e9finir des indicateurs de contexte qui d\u00e9crivent des impacts globaux d\u00e9pendant de multiples facteurs et pour lesquels l\u2019effet de l\u2019action de la collectivit\u00e9 est diffus et difficile \u00e0 isoler (par exemple, le taux d\u2019\u00e9mission de GES sur le territoire).<\/p>\n<h2 id=\"Quel-usage-des-indicateurs-de-contribution-aux-ODD\">Quel usage des indicateurs de contribution aux ODD ?<\/h2>\n<p>En permettant d\u2019appr\u00e9cier la contribution d\u2019une collectivit\u00e9 \u00e0 l\u2019atteinte des objectifs de d\u00e9veloppement durable, les indicateurs construits peuvent \u00eatre mobilis\u00e9s \u00e0 diff\u00e9rentes fins, notamment pour\u00a0:<br class=\"autobr\" \/>\u2022 Enrichir les rapports de d\u00e9veloppement durable des collectivit\u00e9s avec des \u00e9l\u00e9ments structur\u00e9s qui mettent en valeur les r\u00e9sultats atteints gr\u00e2ce aux actions r\u00e9alis\u00e9s\u00a0;<br class=\"autobr\" \/>\u2022 Etablir un tableau de bord de suivi des indicateurs r\u00e9guli\u00e8rement renseign\u00e9 par les services qui peut faire l\u2019objet d\u2019\u00e9changes et susciter des id\u00e9es de nouvelles actions\u00a0;<br class=\"autobr\" \/>\u2022 Disposer d\u2019une \u00ab\u00a0photographie\u00a0\u00bb des r\u00e9sultats de l\u2019action de la Ville sur les ODD permettant d\u2019alimenter les r\u00e9flexions de la collectivit\u00e9 sur la conception ou l\u2019\u00e9volution de sa strat\u00e9gie de d\u00e9veloppement durable.<\/p>\n<p><a class=\"spip_out fr-link fr-icon-external-link-fill fr-link--icon-right\" href=\"https:\/\/www.besancon.fr\/actualite\/rapport-annuel-developpement-durable\/\" rel=\"external\">Utilisation du guide dans le Rapport D\u00e9veloppement Durable de Besan\u00e7on<\/a><\/p>\n<p><a class=\"spip_out fr-link fr-icon-external-link-fill fr-link--icon-right\" href=\"https:\/\/www.bourgogne-franche-comte.developpement-durable.gouv.fr\/IMG\/pdf\/odd_guide_def_cle0f6426.pdf\" rel=\"external\">T\u00e9l\u00e9charger le guide m\u00e9thodologique<\/a><\/p>\n<p>Lire l&rsquo;article original <a href=\"https:\/\/www.agenda-2030.fr\/ressources\/article\/des-indicateurs-bases-sur-des-odd-pour-nourrir-des-strategies-territoriales\" target=\"_blank\" rel=\"noopener\">sur le site du Gouvernement Agenda 2030<\/a><\/p>\n<\/div>\n","protected":false},"excerpt":{"rendered":"<p>Le guide \u00ab\u00a0Elaborer des indicateurs de contribution aux ODD pour nourrir des strat\u00e9gies territoriales\u00a0\u00bb a pour objectif de tester une m\u00e9thodologie d\u2019\u00e9laboration d\u2019indicateurs pour appr\u00e9cier la contribution de collectivit\u00e9s locales aux ODD. Il a \u00e9t\u00e9 \u00e9labor\u00e9 dans le cadre d\u2019une d\u00e9marche exp\u00e9rimentale conduite en Bourgogne Franche Comt\u00e9 avec les villes de Besan\u00e7on et de Quetigny, &hellip; <\/p>\n<p><a class=\"more-link btn\" href=\"https:\/\/www.enviroscop.fr\/actu\/2022\/11\/des-indicateurs-bases-sur-des-odd-pour-nourrir-des-strategies-territoriales\/\">Lire la suite<\/a><\/p>\n","protected":false},"author":1,"featured_media":0,"comment_status":"open","ping_status":"open","sticky":false,"template":"","format":"standard","meta":{"jetpack_post_was_ever_published":false,"_jetpack_newsletter_access":"","_jetpack_dont_email_post_to_subs":false,"_jetpack_newsletter_tier_id":0,"_jetpack_memberships_contains_paywalled_content":false,"_jetpack_memberships_contains_paid_content":false,"footnotes":"","jetpack_publicize_message":"","jetpack_publicize_feature_enabled":true,"jetpack_social_post_already_shared":true,"jetpack_social_options":{"image_generator_settings":{"template":"highway","default_image_id":0,"font":"","enabled":false},"version":2}},"categories":[133,5,124,119,15,16,20,22,7,30,33,67,42,54,57,123],"tags":[],"class_list":["post-5070","post","type-post","status-publish","format-standard","hentry","category-activite","category-amenagement","category-cerema","category-citoyen","category-climat","category-concertation","category-durable","category-economie","category-energie","category-guide","category-indicateur","category-nature","category-pedagogie","category-transport","category-urbanisme","category-zan","item-wrap"],"jetpack_publicize_connections":[],"jetpack_featured_media_url":"","jetpack_shortlink":"https:\/\/wp.me\/p3rXAp-1jM","jetpack_likes_enabled":true,"jetpack-related-posts":[{"id":1798,"url":"https:\/\/www.enviroscop.fr\/actu\/2014\/02\/des-indicateurs-de-developpement-durable-pour-les-territoires-ministere-du-developpement-durable\/","url_meta":{"origin":5070,"position":0},"title":"Des indicateurs de d\u00e9veloppement durable pour les territoires &#8211; Minist\u00e8re du D\u00e9veloppement durable","author":"Enviroscop","date":"7 f\u00e9vrier 2014","format":false,"excerpt":"Pour r\u00e9pondre aux enjeux de d\u00e9veloppement durable et permettre aux acteurs publics de les d\u00e9cliner localement, le Commissariat g\u00e9n\u00e9ral au d\u00e9veloppement durable (CGDD) et la D\u00e9l\u00e9gation interminist\u00e9rielle \u00e0 l\u2019am\u00e9nagement du territoire et \u00e0 l\u2019attractivit\u00e9 r\u00e9gionale (Datar) ont construit un r\u00e9f\u00e9rentiel d\u2019indicateurs de d\u00e9veloppement durable territoriaux. Ce r\u00e9f\u00e9rentiel est le fruit\u2026","rel":"","context":"Dans &quot;durable&quot;","block_context":{"text":"durable","link":"https:\/\/www.enviroscop.fr\/actu\/category\/durable\/"},"img":{"alt_text":"","src":"","width":0,"height":0},"classes":[]},{"id":2384,"url":"https:\/\/www.enviroscop.fr\/actu\/2015\/06\/proposition-dindicateurs-de-suivi-de-la-strategie-nationale-de-transition-ecologique-vers-developpement-durable-2015-2020-ministere-du-developpement-durable\/","url_meta":{"origin":5070,"position":1},"title":"Proposition d\u2019indicateurs de suivi de la strat\u00e9gie nationale de transition \u00e9cologique vers un d\u00e9veloppement durable 2015-2020 &#8211; Minist\u00e8re du D\u00e9veloppement durable","author":"Enviroscop","date":"30 juin 2015","format":false,"excerpt":"La commission Indicateurs du Conseil national de la transition \u00e9cologique (CNTE) a \u00e9t\u00e9 charg\u00e9e en 2014 de proposer des indicateurs nationaux pour le suivi de la nouvelle strat\u00e9gie nationale de transition \u00e9cologique vers un d\u00e9veloppement durable 2015-2020. Un tableau de bord des indicateurs essentiels est compos\u00e9 de 22 indicateurs sur\u2026","rel":"","context":"Dans &quot;Climat&quot;","block_context":{"text":"Climat","link":"https:\/\/www.enviroscop.fr\/actu\/category\/climat\/"},"img":{"alt_text":"","src":"https:\/\/i0.wp.com\/www.enviroscop.fr\/actu\/wp-content\/uploads\/2015\/06\/arton41639.png?resize=350%2C200","width":350,"height":200},"classes":[]},{"id":5447,"url":"https:\/\/www.enviroscop.fr\/actu\/2024\/05\/le-cerema-publie-les-donnees-2009-2023-de-consommation-foncier\/","url_meta":{"origin":5070,"position":2},"title":"Le Cerema publie les donn\u00e9es 2009-2023 de consommation fonci\u00e8re","author":"Enviroscop","date":"14 mai 2024","format":false,"excerpt":"Dans le cadre de l'observatoire de l'artificialisation des sols, le Cerema vient de produire les nouveaux chiffres de mesure annuelle de la consommation d'espaces. Des outils d'aide \u00e0 la visualisation et \u00e0 l'analyse de ces donn\u00e9es sont aussi propos\u00e9s, via un tableau de bord interactif et la publication d'indicateurs pr\u00e9-calcul\u00e9s\u2026","rel":"","context":"Dans &quot;Agriculture&quot;","block_context":{"text":"Agriculture","link":"https:\/\/www.enviroscop.fr\/actu\/category\/activite\/agriculture\/"},"img":{"alt_text":"Consommation annuelle d'espaces naturels, agricoles et forestiers","src":"https:\/\/i0.wp.com\/www.cerema.fr\/sites\/default\/files\/inline-images\/graphe1_2023.png?resize=350%2C200&ssl=1","width":350,"height":200,"srcset":"https:\/\/i0.wp.com\/www.cerema.fr\/sites\/default\/files\/inline-images\/graphe1_2023.png?resize=350%2C200&ssl=1 1x, https:\/\/i0.wp.com\/www.cerema.fr\/sites\/default\/files\/inline-images\/graphe1_2023.png?resize=525%2C300&ssl=1 1.5x, https:\/\/i0.wp.com\/www.cerema.fr\/sites\/default\/files\/inline-images\/graphe1_2023.png?resize=700%2C400&ssl=1 2x, https:\/\/i0.wp.com\/www.cerema.fr\/sites\/default\/files\/inline-images\/graphe1_2023.png?resize=1050%2C600&ssl=1 3x, https:\/\/i0.wp.com\/www.cerema.fr\/sites\/default\/files\/inline-images\/graphe1_2023.png?resize=1400%2C800&ssl=1 4x"},"classes":[]},{"id":5172,"url":"https:\/\/www.enviroscop.fr\/actu\/2023\/02\/adaptation-au-changement-climatique-un-comite-de-pilotage-ministeriel-charge-de-preparer-une-nouvelle-strategie\/","url_meta":{"origin":5070,"position":3},"title":"Adaptation au changement climatique : un comit\u00e9 de pilotage minist\u00e9riel charg\u00e9 de pr\u00e9parer une nouvelle strat\u00e9gie","author":"Enviroscop","date":"24 f\u00e9vrier 2023","format":false,"excerpt":"Christophe B\u00e9chu a install\u00e9 ce 23 f\u00e9vrier un comit\u00e9 de pilotage minist\u00e9riel sur l'adaptation au changement climatique. Ce comit\u00e9, qui s'appuie sur un rapport de l'inspection g\u00e9n\u00e9rale de l'environnement et du d\u00e9veloppement durable rendu public ce m\u00eame jour par le ministre de la Transition \u00e9cologique, devra travailler sur des sc\u00e9narios\u2026","rel":"","context":"Dans &quot;Activit\u00e9&quot;","block_context":{"text":"Activit\u00e9","link":"https:\/\/www.enviroscop.fr\/actu\/category\/activite\/"},"img":{"alt_text":"changement climatique","src":"https:\/\/i0.wp.com\/www.banquedesterritoires.fr\/sites\/default\/files\/styles\/landscape_auto_crop\/public\/2023-02\/mijhgmkjhkjhjhhhjhhjjhjh.jpg?resize=350%2C200&ssl=1","width":350,"height":200,"srcset":"https:\/\/i0.wp.com\/www.banquedesterritoires.fr\/sites\/default\/files\/styles\/landscape_auto_crop\/public\/2023-02\/mijhgmkjhkjhjhhhjhhjjhjh.jpg?resize=350%2C200&ssl=1 1x, https:\/\/i0.wp.com\/www.banquedesterritoires.fr\/sites\/default\/files\/styles\/landscape_auto_crop\/public\/2023-02\/mijhgmkjhkjhjhhhjhhjjhjh.jpg?resize=525%2C300&ssl=1 1.5x, https:\/\/i0.wp.com\/www.banquedesterritoires.fr\/sites\/default\/files\/styles\/landscape_auto_crop\/public\/2023-02\/mijhgmkjhkjhjhhhjhhjjhjh.jpg?resize=700%2C400&ssl=1 2x"},"classes":[]},{"id":1332,"url":"https:\/\/www.enviroscop.fr\/actu\/2013\/08\/indicateurs-de-leconomie-verte\/","url_meta":{"origin":5070,"position":4},"title":"Indicateurs de l\u2019\u00e9conomie verte","author":"Enviroscop","date":"17 ao\u00fbt 2013","format":false,"excerpt":"\u00c0 la suite du s\u00e9minaire gouvernemental sur la transition \u00e9cologique du 4 d\u00e9cembre 2012 et de l\u2019envoi fin janvier des lettres de cadrage par le Premier ministre, le minist\u00e8re a \u00e9labor\u00e9 un tableau de bord d\u2019indicateurs pour suivre l\u2019impact macro\u00e9conomique de l\u2019\u00e9conomie verte en France. Ce tableau de bord a\u2026","rel":"","context":"Dans &quot;durable&quot;","block_context":{"text":"durable","link":"https:\/\/www.enviroscop.fr\/actu\/category\/durable\/"},"img":{"alt_text":"","src":"","width":0,"height":0},"classes":[]},{"id":199,"url":"https:\/\/www.enviroscop.fr\/actu\/2012\/10\/le-dossier-developpement-durable-senrichit-de\/","url_meta":{"origin":5070,"position":5},"title":"Le dossier D\u00e9veloppement Durable s&rsquo;enrichit de donn\u00e9es territoriales","author":"Enviroscop","date":"26 octobre 2012","format":false,"excerpt":"Pour aider la prise en compte des questions de d??veloppement durable dans les diagnostics de territoires, permettre des comparaisons entre territoires, et suivre leur ??volution, l???Insee et le SOeS ont d??velopp?? une offre d???indicateurs r...","rel":"","context":"Dans &quot;Indicateur&quot;","block_context":{"text":"Indicateur","link":"https:\/\/www.enviroscop.fr\/actu\/category\/evaluation\/indicateur\/"},"img":{"alt_text":"","src":"","width":0,"height":0},"classes":[]}],"jetpack_sharing_enabled":true,"_links":{"self":[{"href":"https:\/\/www.enviroscop.fr\/actu\/wp-json\/wp\/v2\/posts\/5070","targetHints":{"allow":["GET"]}}],"collection":[{"href":"https:\/\/www.enviroscop.fr\/actu\/wp-json\/wp\/v2\/posts"}],"about":[{"href":"https:\/\/www.enviroscop.fr\/actu\/wp-json\/wp\/v2\/types\/post"}],"author":[{"embeddable":true,"href":"https:\/\/www.enviroscop.fr\/actu\/wp-json\/wp\/v2\/users\/1"}],"replies":[{"embeddable":true,"href":"https:\/\/www.enviroscop.fr\/actu\/wp-json\/wp\/v2\/comments?post=5070"}],"version-history":[{"count":1,"href":"https:\/\/www.enviroscop.fr\/actu\/wp-json\/wp\/v2\/posts\/5070\/revisions"}],"predecessor-version":[{"id":5071,"href":"https:\/\/www.enviroscop.fr\/actu\/wp-json\/wp\/v2\/posts\/5070\/revisions\/5071"}],"wp:attachment":[{"href":"https:\/\/www.enviroscop.fr\/actu\/wp-json\/wp\/v2\/media?parent=5070"}],"wp:term":[{"taxonomy":"category","embeddable":true,"href":"https:\/\/www.enviroscop.fr\/actu\/wp-json\/wp\/v2\/categories?post=5070"},{"taxonomy":"post_tag","embeddable":true,"href":"https:\/\/www.enviroscop.fr\/actu\/wp-json\/wp\/v2\/tags?post=5070"}],"curies":[{"name":"wp","href":"https:\/\/api.w.org\/{rel}","templated":true}]}}