{"id":5072,"date":"2022-11-24T13:18:07","date_gmt":"2022-11-24T12:18:07","guid":{"rendered":"http:\/\/www.enviroscop.fr\/actu\/?p=5072"},"modified":"2022-11-24T13:18:07","modified_gmt":"2022-11-24T12:18:07","slug":"lancement-dhexadone-plateforme-numerique-pour-gerer-et-valoriser-les-donnees-territoriales","status":"publish","type":"post","link":"https:\/\/www.enviroscop.fr\/actu\/2022\/11\/lancement-dhexadone-plateforme-numerique-pour-gerer-et-valoriser-les-donnees-territoriales\/","title":{"rendered":"Lancement d&rsquo;Hexadone, plateforme num\u00e9rique pour g\u00e9rer et valoriser les donn\u00e9es territoriales"},"content":{"rendered":"<div style=\"width: 896px\" class=\"wp-caption alignnone\"><img data-recalc-dims=\"1\" loading=\"lazy\" decoding=\"async\" src=\"https:\/\/i0.wp.com\/www.lemoniteur.fr\/mediatheque\/7\/1\/0\/002293017_896x598_c.jpg?resize=750%2C501&#038;ssl=1\" alt=\"Hexadone veut acc\u00e9l\u00e9rer la transition num\u00e9rique des territoires\" width=\"750\" height=\"501\" \/><p class=\"wp-caption-text\">Chrystel Heydemann, directrice g\u00e9n\u00e9rale d&rsquo;Orange, et Olivier Sichel, directeur de la banque des territoires, ont annonc\u00e9 la naissance d&rsquo;Hexadone le 23 novembre au salon des maires.<\/p><\/div>\n<p>La Banque des Territoires et Orange ont annonc\u00e9 le lancement d&rsquo;Hexadone, une plateforme num\u00e9rique pour g\u00e9rer et valoriser les donn\u00e9es territoriales, \u00e0 l\u2019occasion du Salon des maires et des collectivit\u00e9s locales\u00a02022. Cette plateforme d\u00e9crite comme \u00ab\u00a0ouverte et interop\u00e9rable pour l\u2019agr\u00e9gation, la structuration et l\u2019utilisation des donn\u00e9es\u00a0\u00bb des territoires, sera lanc\u00e9e au premier semestre 2023, pr\u00e9cisent la Banque des Territoires et Orange dans un communiqu\u00e9 commun du 23 novembre 2023. Son ambition est \u00ab\u00a0d\u2019\u00eatre le partenaire de confiance des territoires pour l\u2019exploitation et la valorisation souveraine de leurs donn\u00e9es\u00a0\u00bb. Les donn\u00e9es qui sont \u00ab\u00a0un levier pour am\u00e9liorer la connaissance des territoires et le pilotage des politiques publiques locales\u00a0\u00bb, constitue aussi un \u00ab\u00a0enjeu majeur de souverainet\u00e9 et de s\u00e9curit\u00e9\u00a0\u00bb, rappellent les partenaires. Ils mettent en avant \u00ab\u00a0la complexit\u00e9 technique, la quantit\u00e9 infinie de donn\u00e9es, les \u00e9volutions technologiques permanentes, les risques li\u00e9s \u00e0 la cybers\u00e9curit\u00e9 et \u00e0 la fuite de donn\u00e9es personnelles qui \u00ab\u00a0peuvent constituer des freins majeurs \u00e0 la mise en \u0153uvre efficiente d\u2019une politique de gestion de la donn\u00e9e territoriale\u00a0\u00bb. Le communiqu\u00e9 pr\u00e9cise que cette\u00a0plateforme num\u00e9rique \u00ab\u00a0facilitera l\u2019agr\u00e9gation et la mise en qualit\u00e9 des donn\u00e9es existantes provenant des syst\u00e8mes d\u2019information des collectivit\u00e9s, d\u2019applications m\u00e9tier, de capteurs, de l\u2019open data, d\u2019\u00e9cosyst\u00e8mes publics et priv\u00e9s et des citoyens\u00a0\u00bb.\u00a0La plateforme doit par ailleurs faciliter \u00ab\u00a0la mobilisation des donn\u00e9es par les collectivit\u00e9s pour le d\u00e9veloppement de solutions innovantes, avec un vaste \u00e9cosyst\u00e8me de partenaires industriels et de startups que les collectivit\u00e9s choisiront librement\u00a0\u00bb. \u00ab\u00a0L\u2019interop\u00e9rabilit\u00e9 avec des partenaires garantira le caract\u00e8re ouvert de la plateforme\u00a0\u00bb, souligne le communiqu\u00e9.\u00a0Hexadone proposera un catalogue de cas d\u2019usage de croisement de donn\u00e9es, bas\u00e9s sur les besoins identifi\u00e9s des collectivit\u00e9s : connaissance du territoire, observatoire de la mobilit\u00e9 pour dimensionner au plus juste les infrastructures, s\u00e9curisation des d\u00e9placements et promotion d\u2019une mobilit\u00e9 durable, identification des \u00eelots de chaleur et de fra\u00eecheur, gestion des d\u00e9chets et mutualisation des espaces b\u00e2tis, etc.\u00a0Par exemple, gr\u00e2ce \u00e0 l\u2019agr\u00e9gation des donn\u00e9es issues de la g\u00e9olocalisation des poubelles, communiqu\u00e9es par le d\u00e9l\u00e9gataire en charge de la gestion des bacs et celles relatives aux informations de l\u2019\u00e9tat de la voirie communiqu\u00e9es en temps r\u00e9el par les services de la ville, l\u2019op\u00e9rateur de collecte de d\u00e9chets pourra mieux organiser ses tourn\u00e9es et optimiser ses trajets. Les collectivit\u00e9s pourraient aussi analyser le r\u00e9seau d\u2019eau pour d\u00e9tecter les fuites ou encore croiser des donn\u00e9es de circulation avec celles de l\u2019\u00e9clairage public\u2026<\/p>\n","protected":false},"excerpt":{"rendered":"<p>La Banque des Territoires et Orange ont annonc\u00e9 le lancement d&rsquo;Hexadone, une plateforme num\u00e9rique pour g\u00e9rer et valoriser les donn\u00e9es territoriales, \u00e0 l\u2019occasion du Salon des maires et des collectivit\u00e9s locales\u00a02022. Cette plateforme d\u00e9crite comme \u00ab\u00a0ouverte et interop\u00e9rable pour l\u2019agr\u00e9gation, la structuration et l\u2019utilisation des donn\u00e9es\u00a0\u00bb des territoires, sera lanc\u00e9e au premier semestre 2023, pr\u00e9cisent &hellip; <\/p>\n<p><a class=\"more-link btn\" href=\"https:\/\/www.enviroscop.fr\/actu\/2022\/11\/lancement-dhexadone-plateforme-numerique-pour-gerer-et-valoriser-les-donnees-territoriales\/\">Lire la suite<\/a><\/p>\n","protected":false},"author":1,"featured_media":0,"comment_status":"open","ping_status":"open","sticky":false,"template":"","format":"standard","meta":{"jetpack_post_was_ever_published":false,"_jetpack_newsletter_access":"","_jetpack_dont_email_post_to_subs":false,"_jetpack_newsletter_tier_id":0,"_jetpack_memberships_contains_paywalled_content":false,"_jetpack_memberships_contains_paid_content":false,"footnotes":"","jetpack_publicize_message":"","jetpack_publicize_feature_enabled":true,"jetpack_social_post_already_shared":true,"jetpack_social_options":{"image_generator_settings":{"template":"highway","default_image_id":0,"font":"","enabled":false},"version":2}},"categories":[1],"tags":[],"class_list":["post-5072","post","type-post","status-publish","format-standard","hentry","category-non-classe","item-wrap"],"jetpack_publicize_connections":[],"jetpack_featured_media_url":"","jetpack_shortlink":"https:\/\/wp.me\/p3rXAp-1jO","jetpack_likes_enabled":true,"jetpack-related-posts":[{"id":5249,"url":"https:\/\/www.enviroscop.fr\/actu\/2023\/06\/energies-renouvelables-lancement-dun-portail-cartographique\/","url_meta":{"origin":5072,"position":0},"title":"\u00c9nergies renouvelables : lancement d&rsquo;un portail cartographique","author":"Enviroscop","date":"7 juin 2023","format":false,"excerpt":"\u00a9 Sandrine Prot Le minist\u00e8re de la Transition \u00e9nerg\u00e9tique, le Cerema et l\u2019Institut national de l\u2019information g\u00e9ographique et foresti\u00e8re (IGN) ont annonc\u00e9 ce 5 juin la mise en ligne d'un portail cartographique qui aura notamment pour mission d\u2019accompagner les \u00e9lus locaux dans leur travail de planification des \u00e9nergies renouvelables sur\u2026","rel":"","context":"Dans &quot;Banque des Territoires&quot;","block_context":{"text":"Banque des Territoires","link":"https:\/\/www.enviroscop.fr\/actu\/category\/source\/banque-des-territoires\/"},"img":{"alt_text":"Eoliennes","src":"https:\/\/i0.wp.com\/www.banquedesterritoires.fr\/sites\/default\/files\/styles\/landscape_auto_crop\/public\/2023-06\/dfshhhhhhhhhhhhgssgdhsghsghsgghhtitre-1.jpg?resize=350%2C200&ssl=1","width":350,"height":200},"classes":[]},{"id":4943,"url":"https:\/\/www.enviroscop.fr\/actu\/2022\/09\/des-projets-dintelligence-artificielle-frugale-au-service-des-territoires\/","url_meta":{"origin":5072,"position":1},"title":"Des projets d\u2019intelligence artificielle frugale au service des territoires","author":"Enviroscop","date":"13 septembre 2022","format":false,"excerpt":"Lanc\u00e9 le 13 juillet jusqu\u2019au 07 novembre, l\u2019appel \u00e0 projets \u00ab D\u00e9monstrateurs d\u2019IA frugale dans les territoires pour la Transition \u00e9cologique \u00bb est dot\u00e9 de 40 millions d\u2019euros sur cinq ans. La communaut\u00e9 des acteurs de l\u2019Intelligence artificielle appuie l\u2019appel \u00e0 projets \u00ab D\u00e9monstrateurs d\u2019IA frugale dans les territoires pour\u2026","rel":"","context":"Dans &quot;Activit\u00e9&quot;","block_context":{"text":"Activit\u00e9","link":"https:\/\/www.enviroscop.fr\/actu\/category\/activite\/"},"img":{"alt_text":"Des projets d\u2019intelligence artificielle frugale au service des territoires \u00a0","src":"https:\/\/i0.wp.com\/www.environnement-magazine.fr\/e-docs\/00\/02\/25\/D3\/des-projets-intelligence-artificielle-frugale-service-des-territoires_620x350.jpg?resize=350%2C200&ssl=1","width":350,"height":200},"classes":[]},{"id":4676,"url":"https:\/\/www.enviroscop.fr\/actu\/2022\/03\/objectif-zan-22-territoires-selectionnes-pour-mener-des-experimentations\/","url_meta":{"origin":5072,"position":2},"title":"\u00ab\u00a0Objectif ZAN\u00a0\u00bb : 22 territoires s\u00e9lectionn\u00e9s pour mener des exp\u00e9rimentations","author":"Enviroscop","date":"31 mars 2022","format":false,"excerpt":"A l'issue d'un appel \u00e0 manifestation d'int\u00e9r\u00eat lanc\u00e9 par l'Ademe, 22 projets ont \u00e9t\u00e9 retenus pour participer \u00e0 l'exp\u00e9rimentation \"Objectif ZAN\" ou z\u00e9ro artificialisation nette. Les laur\u00e9ats, issus de collectivit\u00e9s tr\u00e8s diverses, b\u00e9n\u00e9ficieront d'un accompagnement technique et financier pour travailler sur diff\u00e9rents leviers de lutte contre l'artificialisation des sols. \u00a9\u2026","rel":"","context":"Dans &quot;Am\u00e9nagement&quot;","block_context":{"text":"Am\u00e9nagement","link":"https:\/\/www.enviroscop.fr\/actu\/category\/amenagement\/"},"img":{"alt_text":"Laur\u00e9ats ZAN","src":"https:\/\/i0.wp.com\/www.banquedesterritoires.fr\/sites\/default\/files\/styles\/landscape_auto_crop\/public\/2022-03\/okSanssssssssssssssssssssssssdhdfsg%20titre-2.jpg?resize=350%2C200&ssl=1","width":350,"height":200,"srcset":"https:\/\/i0.wp.com\/www.banquedesterritoires.fr\/sites\/default\/files\/styles\/landscape_auto_crop\/public\/2022-03\/okSanssssssssssssssssssssssssdhdfsg%20titre-2.jpg?resize=350%2C200&ssl=1 1x, https:\/\/i0.wp.com\/www.banquedesterritoires.fr\/sites\/default\/files\/styles\/landscape_auto_crop\/public\/2022-03\/okSanssssssssssssssssssssssssdhdfsg%20titre-2.jpg?resize=525%2C300&ssl=1 1.5x"},"classes":[]},{"id":5074,"url":"https:\/\/www.enviroscop.fr\/actu\/2022\/11\/congres-des-maires-zero-artificialisation-nette-une-mise-en-oeuvre-lourde-dinterrogations\/","url_meta":{"origin":5072,"position":3},"title":"Congr\u00e8s des maires \u2013 Z\u00e9ro artificialisation nette : une mise en \u0153uvre lourde d&rsquo;interrogations","author":"Enviroscop","date":"25 novembre 2022","format":false,"excerpt":"Tout juste un mois apr\u00e8s que les conf\u00e9rences de Scot ont remis leurs propositions aux r\u00e9gions sur l'int\u00e9gration de l'objectif de z\u00e9ro artificialisation nette (ZAN), les \u00e9lus du bloc communal peinent \u00e0 appr\u00e9hender les nouvelles r\u00e8gles qu'ils vont devoir \u00e0 leur tour d\u00e9cliner dans leurs documents d'urbanisme, comme l'a illustr\u00e9\u2026","rel":"","context":"Dans &quot;Am\u00e9nagement&quot;","block_context":{"text":"Am\u00e9nagement","link":"https:\/\/www.enviroscop.fr\/actu\/category\/amenagement\/"},"img":{"alt_text":"construction sur une friche","src":"https:\/\/i0.wp.com\/www.banquedesterritoires.fr\/sites\/default\/files\/styles\/landscape_auto_crop\/public\/2022-11\/AdobeStock_117618213.jpeg.jpg?resize=350%2C200&ssl=1","width":350,"height":200,"srcset":"https:\/\/i0.wp.com\/www.banquedesterritoires.fr\/sites\/default\/files\/styles\/landscape_auto_crop\/public\/2022-11\/AdobeStock_117618213.jpeg.jpg?resize=350%2C200&ssl=1 1x, https:\/\/i0.wp.com\/www.banquedesterritoires.fr\/sites\/default\/files\/styles\/landscape_auto_crop\/public\/2022-11\/AdobeStock_117618213.jpeg.jpg?resize=525%2C300&ssl=1 1.5x, https:\/\/i0.wp.com\/www.banquedesterritoires.fr\/sites\/default\/files\/styles\/landscape_auto_crop\/public\/2022-11\/AdobeStock_117618213.jpeg.jpg?resize=700%2C400&ssl=1 2x"},"classes":[]},{"id":5053,"url":"https:\/\/www.enviroscop.fr\/actu\/2022\/11\/energies-renouvelables-exit-le-droit-de-veto-des-maires-sur-limplantation-des-projets-place-a-la-planification-par-zones\/","url_meta":{"origin":5072,"position":4},"title":"\u00c9nergies renouvelables : exit le \u00ab\u00a0droit de veto\u00a0\u00bb des maires sur l&rsquo;implantation des projets, place \u00e0 la planification par zones","author":"Enviroscop","date":"7 novembre 2022","format":false,"excerpt":"Lors de la premi\u00e8re journ\u00e9e d'examen en s\u00e9ance du projet de loi d'acc\u00e9l\u00e9ration des \u00e9nergies renouvelables (EnR), ce 3 novembre, un compromis a \u00e9t\u00e9 trouv\u00e9 entre les s\u00e9nateurs et le gouvernement sur la question du droit de \"veto\" des maires sur l'implantation des projets, qui avait \u00e9t\u00e9 introduite en commission.\u2026","rel":"","context":"Dans &quot;Am\u00e9nagement&quot;","block_context":{"text":"Am\u00e9nagement","link":"https:\/\/www.enviroscop.fr\/actu\/category\/amenagement\/"},"img":{"alt_text":"acc\u00e9l\u00e9ration des \u00e9nergies renouvelables","src":"https:\/\/i0.wp.com\/www.banquedesterritoires.fr\/sites\/default\/files\/styles\/landscape_auto_crop\/public\/2022-11\/Cap%C3%BBioyuiotyiutyiutyiuuuuuuuuture.JPG.jpg?resize=350%2C200&ssl=1","width":350,"height":200,"srcset":"https:\/\/i0.wp.com\/www.banquedesterritoires.fr\/sites\/default\/files\/styles\/landscape_auto_crop\/public\/2022-11\/Cap%C3%BBioyuiotyiutyiutyiuuuuuuuuture.JPG.jpg?resize=350%2C200&ssl=1 1x, https:\/\/i0.wp.com\/www.banquedesterritoires.fr\/sites\/default\/files\/styles\/landscape_auto_crop\/public\/2022-11\/Cap%C3%BBioyuiotyiutyiutyiuuuuuuuuture.JPG.jpg?resize=525%2C300&ssl=1 1.5x, https:\/\/i0.wp.com\/www.banquedesterritoires.fr\/sites\/default\/files\/styles\/landscape_auto_crop\/public\/2022-11\/Cap%C3%BBioyuiotyiutyiutyiuuuuuuuuture.JPG.jpg?resize=700%2C400&ssl=1 2x"},"classes":[]},{"id":4269,"url":"https:\/\/www.enviroscop.fr\/actu\/2021\/06\/un-nouvel-appel-a-projets-pour-lamenagement-ditineraires-cyclables-structurants\/","url_meta":{"origin":5072,"position":5},"title":"Un nouvel appel \u00e0 projets pour l&rsquo;am\u00e9nagement d\u00a0\u00bbitin\u00e9raires cyclables structurants\u00a0\u00bb","author":"Enviroscop","date":"2 juin 2021","format":false,"excerpt":"Le ministre d\u00e9l\u00e9gu\u00e9 aux Transports, Jean-Baptiste Djebbari, a annonc\u00e9 ce 28 mai le lancement du quatri\u00e8me appel \u00e0 projets du fonds Mobilit\u00e9s actives \"am\u00e9nagements cyclables\", visant \u00e0 soutenir le d\u00e9ploiement d\u2019itin\u00e9raires cyclables structurants dans tous les territoires. \u00c0 l'approche des \u00e9lections r\u00e9gionales et d\u00e9partementales et de l'examen du projet de\u2026","rel":"","context":"Dans &quot;Climat&quot;","block_context":{"text":"Climat","link":"https:\/\/www.enviroscop.fr\/actu\/category\/climat\/"},"img":{"alt_text":"","src":"","width":0,"height":0},"classes":[]}],"jetpack_sharing_enabled":true,"_links":{"self":[{"href":"https:\/\/www.enviroscop.fr\/actu\/wp-json\/wp\/v2\/posts\/5072","targetHints":{"allow":["GET"]}}],"collection":[{"href":"https:\/\/www.enviroscop.fr\/actu\/wp-json\/wp\/v2\/posts"}],"about":[{"href":"https:\/\/www.enviroscop.fr\/actu\/wp-json\/wp\/v2\/types\/post"}],"author":[{"embeddable":true,"href":"https:\/\/www.enviroscop.fr\/actu\/wp-json\/wp\/v2\/users\/1"}],"replies":[{"embeddable":true,"href":"https:\/\/www.enviroscop.fr\/actu\/wp-json\/wp\/v2\/comments?post=5072"}],"version-history":[{"count":1,"href":"https:\/\/www.enviroscop.fr\/actu\/wp-json\/wp\/v2\/posts\/5072\/revisions"}],"predecessor-version":[{"id":5073,"href":"https:\/\/www.enviroscop.fr\/actu\/wp-json\/wp\/v2\/posts\/5072\/revisions\/5073"}],"wp:attachment":[{"href":"https:\/\/www.enviroscop.fr\/actu\/wp-json\/wp\/v2\/media?parent=5072"}],"wp:term":[{"taxonomy":"category","embeddable":true,"href":"https:\/\/www.enviroscop.fr\/actu\/wp-json\/wp\/v2\/categories?post=5072"},{"taxonomy":"post_tag","embeddable":true,"href":"https:\/\/www.enviroscop.fr\/actu\/wp-json\/wp\/v2\/tags?post=5072"}],"curies":[{"name":"wp","href":"https:\/\/api.w.org\/{rel}","templated":true}]}}