{"id":5086,"date":"2022-12-12T08:34:24","date_gmt":"2022-12-12T07:34:24","guid":{"rendered":"http:\/\/www.enviroscop.fr\/actu\/?p=5086"},"modified":"2022-12-12T08:34:24","modified_gmt":"2022-12-12T07:34:24","slug":"lassemblee-nationale-adopte-des-mesures-pour-accelerer-sur-lenergie-solaire","status":"publish","type":"post","link":"https:\/\/www.enviroscop.fr\/actu\/2022\/12\/lassemblee-nationale-adopte-des-mesures-pour-accelerer-sur-lenergie-solaire\/","title":{"rendered":"L&rsquo;Assembl\u00e9e nationale adopte des mesures pour acc\u00e9l\u00e9rer sur l&rsquo;\u00e9nergie solaire"},"content":{"rendered":"<p><em><img data-recalc-dims=\"1\" loading=\"lazy\" decoding=\"async\" data-attachment-id=\"1002\" data-permalink=\"https:\/\/www.enviroscop.fr\/actu\/2013\/05\/arrete-du-2-mai-2013\/17141_une\/\" data-orig-file=\"https:\/\/i0.wp.com\/www.enviroscop.fr\/actu\/wp-content\/uploads\/2013\/05\/17141_une.jpg?fit=436%2C222&amp;ssl=1\" data-orig-size=\"436,222\" data-comments-opened=\"1\" data-image-meta=\"{&quot;aperture&quot;:&quot;0&quot;,&quot;credit&quot;:&quot;Picasa&quot;,&quot;camera&quot;:&quot;&quot;,&quot;caption&quot;:&quot;&quot;,&quot;created_timestamp&quot;:&quot;&quot;,&quot;copyright&quot;:&quot;&quot;,&quot;focal_length&quot;:&quot;0&quot;,&quot;iso&quot;:&quot;0&quot;,&quot;shutter_speed&quot;:&quot;0&quot;,&quot;title&quot;:&quot;&quot;}\" data-image-title=\"17141_une\" data-image-description=\"\" data-image-caption=\"\" data-large-file=\"https:\/\/i0.wp.com\/www.enviroscop.fr\/actu\/wp-content\/uploads\/2013\/05\/17141_une.jpg?fit=436%2C222&amp;ssl=1\" class=\"alignleft size-full wp-image-1002\" src=\"https:\/\/i0.wp.com\/www.enviroscop.fr\/actu\/wp-content\/uploads\/2013\/05\/17141_une.jpg?resize=436%2C222&#038;ssl=1\" alt=\"\" width=\"436\" height=\"222\" srcset=\"https:\/\/i0.wp.com\/www.enviroscop.fr\/actu\/wp-content\/uploads\/2013\/05\/17141_une.jpg?w=436&amp;ssl=1 436w, https:\/\/i0.wp.com\/www.enviroscop.fr\/actu\/wp-content\/uploads\/2013\/05\/17141_une.jpg?resize=300%2C152&amp;ssl=1 300w\" sizes=\"auto, (max-width: 436px) 100vw, 436px\" \/>L&rsquo;Assembl\u00e9e a adopt\u00e9 vendredi une s\u00e9rie de dispositions du projet de loi visant \u00e0 acc\u00e9l\u00e9rer la production d&rsquo;\u00e9nergies renouvelables, dont une obligation d&rsquo;installer des panneaux solaires dans les grands parkings ext\u00e9rieurs et de nouvelles d\u00e9rogations pour des installations sur le littoral.<\/em><\/p>\n<p>L&rsquo;examen en premi\u00e8re lecture, commenc\u00e9 lundi, s&rsquo;est poursuivi vendredi sans revers majeur pour le camp pr\u00e9sidentiel, qui a fait plusieurs compromis avec la gauche en gage de bonne volont\u00e9 pour obtenir son soutien sur ce texte.<\/p>\n<p>Dans la soir\u00e9e, les d\u00e9put\u00e9s ont adopt\u00e9 avec 42 voix contre 6 une mesure rendant obligatoire l&rsquo;installation d&rsquo;ombri\u00e8res photovolta\u00efques dans les parkings ext\u00e9rieurs de plus de 1.500 m\u00b2.<\/p>\n<p>Le gouvernement d\u00e9fendait initialement un seuil \u00e0 2.500 m\u00b2, tandis que d\u00e9put\u00e9s \u00e9cologistes et insoumis demandaient de descendre \u00e0 500 m\u00b2. Apr\u00e8s d\u00e9bats, le gouvernement ne s&rsquo;est pas oppos\u00e9 \u00e0 un curseur \u00e0 1.500 m\u00b2, que demandaient \u00e9galement des d\u00e9put\u00e9s macronistes.<\/p>\n<p>Le S\u00e9nat avait substitu\u00e9 la logique de surface voulue par le gouvernement par une logique de nombre d&#8217;emplacements, retenant le seuil de 80 places. L&rsquo;Assembl\u00e9e a donc r\u00e9tabli un crit\u00e8re exprim\u00e9 en m2.<\/p>\n<p>L&rsquo;Assembl\u00e9e a \u00e9galement vot\u00e9 des amendements \u00e9cologistes r\u00e9duisant la port\u00e9e des d\u00e9rogations pr\u00e9vues, ainsi que des amendements identiques de la gauche et de d\u00e9put\u00e9s de la majorit\u00e9 supprimant le caract\u00e8re initialement optionnel des sanctions et les rendant syst\u00e9matiques en cas de non-respect de l&rsquo;obligation.<\/p>\n<p>Un amendement LFI doublant ces sanctions (\u00e0 20.000 euros et 40.000 euros, selon la taille du parking) a aussi \u00e9t\u00e9 adopt\u00e9 avec le soutien du gouvernement.<\/p>\n<p>Contre l&rsquo;avis du gouvernement cette fois, les d\u00e9put\u00e9s ont adopt\u00e9 un amendement \u00e9cologiste conditionnant toute nouvelle construction de logements sociaux collectifs par des organismes priv\u00e9s d&rsquo;HLM \u00e0 l&rsquo;installation d&rsquo;\u00e9quipements d&rsquo;\u00e9nergies renouvelables (EnR).<\/p>\n<p>La ministre de la Transition \u00e9nerg\u00e9tique Agn\u00e8s Pannier-Runacher ne s&rsquo;est ensuite pas oppos\u00e9e \u00e0 l&rsquo;adoption d&rsquo;un amendement du d\u00e9put\u00e9 Vert Julien Bayou pr\u00e9voyant de recouvrir les toitures des b\u00e2timents non r\u00e9sidentiels de peinture blanche pour r\u00e9duire l&rsquo;utilisation de la climatisation.<\/p>\n<p>La gauche a en revanche \u00e9chou\u00e9 \u00e0 obtenir le r\u00e9tablissement d&rsquo;une mesure \u00e0 laquelle elle tenait beaucoup, introduite par le S\u00e9nat et supprim\u00e9e en commission \u00e0 l&rsquo;Assembl\u00e9e, qui rendait obligatoire l&rsquo;installation de \u00ab\u00a0proc\u00e9d\u00e9s d&rsquo;EnR\u00a0\u00bb sur les b\u00e2timents non r\u00e9sidentiels existants de plus de 250 m\u00b2.<\/p>\n<p>Face au manque de foncier qui fait obstacle \u00e0 la hausse des capacit\u00e9s photovolta\u00efques en France, l&rsquo;Assembl\u00e9e a adopt\u00e9 de nouvelles d\u00e9rogations \u00e0 la loi \u00ab\u00a0littoral\u00a0\u00bb pour implanter des installations photovolta\u00efques ou de production d&rsquo;hydrog\u00e8ne dans les zones c\u00f4ti\u00e8res sur des friches.<\/p>\n<p>Elle a aussi vot\u00e9 en faveur d&rsquo;un article permettant l&rsquo;installation de centrales solaires au sol \u00ab\u00a0en discontinuit\u00e9 d&rsquo;urbanisme\u00a0\u00bb dans certaines communes de montagne ne pouvant aujourd&rsquo;hui pas le faire.<\/p>\n<p>Sur l&rsquo;un des sujets de crispation du texte, le gouvernement a accept\u00e9 de maintenir \u00ab\u00a0l&rsquo;avis conforme\u00a0\u00bb des architectes des b\u00e2timents de France pour lancer les projets d&rsquo;\u00e9nergies renouvelables dans les zones patrimoniales. Mais en leur demandant plus de souplesse en la mati\u00e8re.<\/p>\n<p>Un amendement du camp pr\u00e9sidentiel en ce sens a \u00e9t\u00e9 adopt\u00e9 dans un climat consensuel.<\/p>\n<p>Mais le camp pr\u00e9sidentiel a essuy\u00e9 un \u00e9chec avec la suppression de la possibilit\u00e9 d&rsquo;une simple consultation du public en ligne pour certains projets photovolta\u00efques, plut\u00f4t qu&rsquo;une \u00ab\u00a0enqu\u00eate publique\u00a0\u00bb.<\/p>\n<p>Cet article, rejet\u00e9 par 37 voix contre 33, faisait partie des mesures de simplification demand\u00e9es par l&rsquo;ex\u00e9cutif pour acc\u00e9l\u00e9rer le d\u00e9veloppement des renouvelables, en retard en France. Du RN \u00e0 LFI, l&rsquo;ensemble des oppositions a vot\u00e9 contre.<\/p>\n<p>Apr\u00e8s ce revers, le gouvernement a d\u00e9cid\u00e9 de repousser \u00e0 plus tard l&rsquo;examen d&rsquo;un article cl\u00e9, sur la limitation de recours judiciaires contre les projets d&rsquo;\u00e9nergies renouvelables, qu&rsquo;il voudrait r\u00e9introduire apr\u00e8s sa suppression en commission.<\/p>\n<p>Contre l&rsquo;avis de l&rsquo;ex\u00e9cutif encore, l&rsquo;Assembl\u00e9e a supprim\u00e9 vendredi la possibilit\u00e9 pour les collectivit\u00e9s, dans certains cas, de ne pas recourir \u00e0 une mise en concurrence pr\u00e9alable des op\u00e9rateurs d&rsquo;EnR pour mettre \u00e0 disposition des terrains.<\/p>\n<p>L&rsquo;examen du texte, interrompu peu apr\u00e8s minuit, doit reprendre lundi.<\/p>\n<p>Voici les vid\u00e9os des diff\u00e9rentes sessions :<\/p>\n<p><a href=\"https:\/\/youtu.be\/HGdA99LeWoE\" target=\"_blank\" rel=\"noopener\">Premi\u00e8re s\u00e9ance &#8211; 5 d\u00e9cembre 2022<\/a>\u00a0&#8211;\u00a0<a href=\"https:\/\/youtu.be\/paQMMHW1c7c\" target=\"_blank\" rel=\"noopener\">Deuxi\u00e8me s\u00e9ance &#8211; 5 d\u00e9cembre 2022<\/a>\u00a0&#8211;\u00a0<a href=\"https:\/\/youtu.be\/f1kc2EyeOJA\" target=\"_blank\" rel=\"noopener\">Troisi\u00e8me s\u00e9ance &#8211; 6 d\u00e9cembre 2022<\/a>\u00a0&#8211;\u00a0<a href=\"https:\/\/youtu.be\/9v6gsSRKRTA\" target=\"_blank\" rel=\"noopener\">Quatri\u00e8me s\u00e9ance &#8211; 7 d\u00e9cembre 2022<\/a>\u00a0&#8211;\u00a0<a href=\"https:\/\/youtu.be\/Hj36QBqkLIE\" target=\"_blank\" rel=\"noopener\">Cinqui\u00e8me s\u00e9ance &#8211; 7 d\u00e9cembre 2022<\/a>\u00a0&#8211;\u00a0<a href=\"https:\/\/youtu.be\/UEQls8tBy1U\" target=\"_blank\" rel=\"noopener\">Six\u00e8me s\u00e9ance &#8211; 8 d\u00e9cembre 2022<\/a>\u00a0&#8211;\u00a0<a href=\"https:\/\/youtu.be\/Tz9JReiy3e4\" target=\"_blank\" rel=\"noopener\">Septi\u00e8me s\u00e9ance &#8211; 8 d\u00e9cembre 2022<\/a>\u00a0&#8211;\u00a0<a href=\"https:\/\/youtu.be\/KsKzqNQm9M8\" target=\"_blank\" rel=\"noopener\">Huiti\u00e8me s\u00e9ance &#8211; 9 d\u00e9cembre 2022<\/a>\u00a0&#8211;\u00a0<a href=\"https:\/\/youtu.be\/Jrwb2EbpzXQ\" target=\"_blank\" rel=\"noopener\">Neuvi\u00e8me s\u00e9ance &#8211; 9 d\u00e9cembre 2022<\/a>\u00a0&#8211;\u00a0<a href=\"https:\/\/youtu.be\/4YP3FoA5J6Q\" target=\"_blank\" rel=\"noopener\">Dixi\u00e8me s\u00e9ance &#8211; 9 d\u00e9cembre 2022<\/a><\/p>\n","protected":false},"excerpt":{"rendered":"<p>L&rsquo;Assembl\u00e9e a adopt\u00e9 vendredi une s\u00e9rie de dispositions du projet de loi visant \u00e0 acc\u00e9l\u00e9rer la production d&rsquo;\u00e9nergies renouvelables, dont une obligation d&rsquo;installer des panneaux solaires dans les grands parkings ext\u00e9rieurs et de nouvelles d\u00e9rogations pour des installations sur le littoral. L&rsquo;examen en premi\u00e8re lecture, commenc\u00e9 lundi, s&rsquo;est poursuivi vendredi sans revers majeur pour le &hellip; <\/p>\n<p><a class=\"more-link btn\" href=\"https:\/\/www.enviroscop.fr\/actu\/2022\/12\/lassemblee-nationale-adopte-des-mesures-pour-accelerer-sur-lenergie-solaire\/\">Lire la suite<\/a><\/p>\n","protected":false},"author":1,"featured_media":0,"comment_status":"open","ping_status":"open","sticky":false,"template":"","format":"standard","meta":{"jetpack_post_was_ever_published":false,"_jetpack_newsletter_access":"","_jetpack_dont_email_post_to_subs":false,"_jetpack_newsletter_tier_id":0,"_jetpack_memberships_contains_paywalled_content":false,"_jetpack_memberships_contains_paid_content":false,"footnotes":"","jetpack_publicize_message":"","jetpack_publicize_feature_enabled":true,"jetpack_social_post_already_shared":true,"jetpack_social_options":{"image_generator_settings":{"template":"highway","default_image_id":0,"font":"","enabled":false},"version":2}},"categories":[5,169,22,7,68,35,116,43,125,142,57],"tags":[],"class_list":["post-5086","post","type-post","status-publish","format-standard","hentry","category-amenagement","category-assemblee-nationale","category-economie","category-energie","category-france","category-juridique","category-permis-de-construire","category-photovoltaique","category-renouvelable","category-tecsol","category-urbanisme","item-wrap"],"jetpack_publicize_connections":[],"jetpack_featured_media_url":"","jetpack_shortlink":"https:\/\/wp.me\/p3rXAp-1k2","jetpack_likes_enabled":true,"jetpack-related-posts":[{"id":5136,"url":"https:\/\/www.enviroscop.fr\/actu\/2023\/01\/energies-renouvelables-eolien-en-mer-et-solaire-les-principales-mesures-du-texte\/","url_meta":{"origin":5086,"position":0},"title":"Energies renouvelables : \u00e9olien en mer et solaire, les principales mesures du texte","author":"Enviroscop","date":"11 janvier 2023","format":false,"excerpt":"All\u00e9ger les proc\u00e9dures administratives, installer des panneaux solaires en bord d'autoroute et sur les parkings, d\u00e9velopper massivement l'\u00e9olien en mer: le projet de loi d'acc\u00e9l\u00e9ration des \u00e9nergies renouvelables doit permettre \u00e0 la France de rattraper son retard. - Des objectifs ambitieux - En France, qui s'est longtemps repos\u00e9e sur la\u2026","rel":"","context":"Dans &quot;AFP&quot;","block_context":{"text":"AFP","link":"https:\/\/www.enviroscop.fr\/actu\/category\/source\/afp\/"},"img":{"alt_text":"Eoliennes \u00e0 Campigny, dans l'Eure, le 23 d\u00e9cembre 2022","src":"https:\/\/i0.wp.com\/www.sciencesetavenir.fr\/assets\/img\/2023\/01\/10\/cover-r4x3w1000-63bcd785450b0-62950727228e6b0996d5f41743f12442a54c3775-jpg.jpg?resize=350%2C200&ssl=1","width":350,"height":200,"srcset":"https:\/\/i0.wp.com\/www.sciencesetavenir.fr\/assets\/img\/2023\/01\/10\/cover-r4x3w1000-63bcd785450b0-62950727228e6b0996d5f41743f12442a54c3775-jpg.jpg?resize=350%2C200&ssl=1 1x, https:\/\/i0.wp.com\/www.sciencesetavenir.fr\/assets\/img\/2023\/01\/10\/cover-r4x3w1000-63bcd785450b0-62950727228e6b0996d5f41743f12442a54c3775-jpg.jpg?resize=525%2C300&ssl=1 1.5x, https:\/\/i0.wp.com\/www.sciencesetavenir.fr\/assets\/img\/2023\/01\/10\/cover-r4x3w1000-63bcd785450b0-62950727228e6b0996d5f41743f12442a54c3775-jpg.jpg?resize=700%2C400&ssl=1 2x"},"classes":[]},{"id":5088,"url":"https:\/\/www.enviroscop.fr\/actu\/2022\/12\/eolien-en-mer-lassemblee-vote-un-article-decisif\/","url_meta":{"origin":5086,"position":1},"title":"\u00c9olien en mer : l\u2019Assembl\u00e9e vote un article d\u00e9cisif","author":"Enviroscop","date":"15 d\u00e9cembre 2022","format":false,"excerpt":"L'Assembl\u00e9e nationale a adopt\u00e9 un des articles cl\u00e9s du projet de loi sur les \u00e9nergies renouvelables, visant \u00e0 acc\u00e9l\u00e9rer l'installation de parcs \u00e9oliens en mer en d\u00e9complexifiant les proc\u00e9dures de consultation. \u00a9 Nexans C\u2019est une avanc\u00e9e pour le d\u00e9veloppement de l\u2019\u00e9olien en mer fran\u00e7ais : une majorit\u00e9 de d\u00e9put\u00e9s ont\u2026","rel":"","context":"Dans &quot;Assembl\u00e9e nationale&quot;","block_context":{"text":"Assembl\u00e9e nationale","link":"https:\/\/www.enviroscop.fr\/actu\/category\/juridique\/assemblee-nationale\/"},"img":{"alt_text":"","src":"","width":0,"height":0},"classes":[]},{"id":1729,"url":"https:\/\/www.enviroscop.fr\/actu\/2014\/01\/abandon-des-pesticides-pour-les-espaces-verts-publics-proposition-de-loi-senatoriale\/","url_meta":{"origin":5086,"position":2},"title":"Abandon des pesticides pour les espaces verts publics : proposition de loi s\u00e9natoriale","author":"Enviroscop","date":"17 janvier 2014","format":false,"excerpt":"Suite \u00e0 la lecture, par les s\u00e9nateurs \u00e9cologistes, d'un texte pr\u00e9voyant l'interdiction de l'usage de produits phytosanitaires par l'Etat, les collectivit\u00e9s locales et \u00e9tablissements publics pour l'entretien des espaces vert, le texte a \u00e9t\u00e9 adopt\u00e9 par la commission du d\u00e9veloppement durable de l'Assembl\u00e9e nationale. Le principal risque g\u00e9n\u00e9r\u00e9 par ces\u2026","rel":"","context":"Dans &quot;Agriculture&quot;","block_context":{"text":"Agriculture","link":"https:\/\/www.enviroscop.fr\/actu\/category\/activite\/agriculture\/"},"img":{"alt_text":"","src":"","width":0,"height":0},"classes":[]},{"id":2104,"url":"https:\/\/www.enviroscop.fr\/actu\/2014\/10\/le-projet-de-loi-de-transition-energetique-pour-la-croissance-verte-adopte-energies-enerzine-com\/","url_meta":{"origin":5086,"position":3},"title":"Le projet de loi de transition \u00e9nerg\u00e9tique pour la croissance verte adopt\u00e9","author":"Enviroscop","date":"15 octobre 2014","format":false,"excerpt":"Le projet de loi a \u00e9t\u00e9 adopt\u00e9 par l\u2019Assembl\u00e9e Nationale. Il permet une simplification du cadre r\u00e9glementaire des fili\u00e8res \u00e9nergie et fournit des outils concrets pour atteindre les objectifs fix\u00e9s par la loi : R\u00e9duire de 40 % de nos \u00e9missions de gaz \u00e0 effet de serre en 2030 et\u2026","rel":"","context":"Dans &quot;D\u00e9chets&quot;","block_context":{"text":"D\u00e9chets","link":"https:\/\/www.enviroscop.fr\/actu\/category\/activite\/dechets\/"},"img":{"alt_text":"","src":"","width":0,"height":0},"classes":[]},{"id":1495,"url":"https:\/\/www.enviroscop.fr\/actu\/2013\/10\/assouplissement-des-regles-a-linstallation-deoliennes-terrestres\/","url_meta":{"origin":5086,"position":4},"title":"Assouplissement des r\u00e8gles \u00e0 l&rsquo;installation d&rsquo;\u00e9oliennes terrestres","author":"Enviroscop","date":"3 octobre 2013","format":false,"excerpt":"L'Assembl\u00e9e nationale a adopt\u00e9 dans la nuit de lundi, l'article 14 du projet de loi d'habilitation \u00e0 prendre par ordonnances diverses mesures de simplification et de s\u00e9curisation de la vie des entreprises. Cet article habilite le Gouvernement \u00e0 exp\u00e9rimenter une \u00ab autorisation unique \u00bb pour les parcs \u00e9oliens dans les\u2026","rel":"","context":"Dans &quot;Energie&quot;","block_context":{"text":"Energie","link":"https:\/\/www.enviroscop.fr\/actu\/category\/energie\/"},"img":{"alt_text":"eole3","src":"https:\/\/i0.wp.com\/www.enviroscop.fr\/actu\/wp-content\/uploads\/2013\/04\/eole3.jpg?resize=350%2C200","width":350,"height":200},"classes":[]},{"id":1451,"url":"https:\/\/www.enviroscop.fr\/actu\/2013\/09\/projet-de-loi-alur-les-deputes-adoptent-le-volet-urbanisme-avec-le-plui-localtis-info-un-service-caisse-des-depots\/","url_meta":{"origin":5086,"position":5},"title":"Projet de loi Alur : les d\u00e9put\u00e9s adoptent le volet urbanisme avec le PLUi &#8211; Localtis.info un service Caisse des D\u00e9p\u00f4ts","author":"Enviroscop","date":"18 septembre 2013","format":false,"excerpt":"L'Assembl\u00e9e nationale a adopt\u00e9 ce 17 septembre en premi\u00e8re lecture le projet de loi pour l'acc\u00e8s au logement et un urbanisme r\u00e9nov\u00e9 (Alur). Lors de l'examen du volet urbanisme du texte le 13 septembre, les d\u00e9put\u00e9s ont vot\u00e9 sans modification les dispositions concernant le plan local d'urbanisme intercommunal. Ils ont\u2026","rel":"","context":"Dans &quot;Juridique&quot;","block_context":{"text":"Juridique","link":"https:\/\/www.enviroscop.fr\/actu\/category\/juridique\/"},"img":{"alt_text":"","src":"","width":0,"height":0},"classes":[]}],"jetpack_sharing_enabled":true,"_links":{"self":[{"href":"https:\/\/www.enviroscop.fr\/actu\/wp-json\/wp\/v2\/posts\/5086","targetHints":{"allow":["GET"]}}],"collection":[{"href":"https:\/\/www.enviroscop.fr\/actu\/wp-json\/wp\/v2\/posts"}],"about":[{"href":"https:\/\/www.enviroscop.fr\/actu\/wp-json\/wp\/v2\/types\/post"}],"author":[{"embeddable":true,"href":"https:\/\/www.enviroscop.fr\/actu\/wp-json\/wp\/v2\/users\/1"}],"replies":[{"embeddable":true,"href":"https:\/\/www.enviroscop.fr\/actu\/wp-json\/wp\/v2\/comments?post=5086"}],"version-history":[{"count":1,"href":"https:\/\/www.enviroscop.fr\/actu\/wp-json\/wp\/v2\/posts\/5086\/revisions"}],"predecessor-version":[{"id":5087,"href":"https:\/\/www.enviroscop.fr\/actu\/wp-json\/wp\/v2\/posts\/5086\/revisions\/5087"}],"wp:attachment":[{"href":"https:\/\/www.enviroscop.fr\/actu\/wp-json\/wp\/v2\/media?parent=5086"}],"wp:term":[{"taxonomy":"category","embeddable":true,"href":"https:\/\/www.enviroscop.fr\/actu\/wp-json\/wp\/v2\/categories?post=5086"},{"taxonomy":"post_tag","embeddable":true,"href":"https:\/\/www.enviroscop.fr\/actu\/wp-json\/wp\/v2\/tags?post=5086"}],"curies":[{"name":"wp","href":"https:\/\/api.w.org\/{rel}","templated":true}]}}