{"id":51,"date":"2010-04-06T20:41:32","date_gmt":"2010-04-06T20:41:32","guid":{"rendered":"http:\/\/actu.enviroscop.com\/circulaire-de-decembre-2009"},"modified":"2010-04-06T20:41:32","modified_gmt":"2010-04-06T20:41:32","slug":"circulaire-de-dcembre-2009","status":"publish","type":"post","link":"https:\/\/www.enviroscop.fr\/actu\/2010\/04\/circulaire-de-dcembre-2009\/","title":{"rendered":"Circulaire de d??cembre 2009"},"content":{"rendered":"<p><div class='p_embed p_file_embed'><a href=\"http:\/\/getfile3.posterous.com\/getfile\/files.posterous.com\/enviroscop\/gEeIFu4xQtSQCpSvlttE8DABkNscpdgVTYB5ZPfImeaP6EAUI430AgW81D0k\/circulaire091218.pdf\"><\/p>\n<div class='p_icon'><\/div>\n<div class='p_text'>circulaire091218.pdf<\/div>\n<p><\/a><\/div>\n<\/p>\n<p>Ce texte nous informe sur les potentialit??s d&rsquo;implantation de parcs photovolta??ques au sol sur le territoires national.<\/p>\n","protected":false},"excerpt":{"rendered":"<p>Ce texte nous informe sur les potentialit??s d&rsquo;implantation de parcs photovolta??ques au sol sur le territoires national.<\/p>\n","protected":false},"author":1,"featured_media":0,"comment_status":"open","ping_status":"open","sticky":false,"template":"","format":"standard","meta":{"jetpack_post_was_ever_published":false,"_jetpack_newsletter_access":"","_jetpack_dont_email_post_to_subs":false,"_jetpack_newsletter_tier_id":0,"_jetpack_memberships_contains_paywalled_content":false,"_jetpack_memberships_contains_paid_content":false,"footnotes":"","jetpack_publicize_message":"","jetpack_publicize_feature_enabled":true,"jetpack_social_post_already_shared":false,"jetpack_social_options":{"image_generator_settings":{"template":"highway","default_image_id":0,"font":"","enabled":false},"version":2}},"categories":[14,43],"tags":[],"class_list":["post-51","post","type-post","status-publish","format-standard","hentry","category-circulaire","category-photovoltaique","item-wrap"],"jetpack_publicize_connections":[],"jetpack_featured_media_url":"","jetpack_shortlink":"https:\/\/wp.me\/p3rXAp-P","jetpack_likes_enabled":true,"jetpack-related-posts":[{"id":327,"url":"https:\/\/www.enviroscop.fr\/actu\/2011\/07\/le-decret-sur-la-procedure-dappel-doffres-pho\/","url_meta":{"origin":51,"position":0},"title":"Le d??cret sur la proc??dure d&rsquo;appel d&rsquo;offres photovolta??que","author":"Enviroscop","date":"6 juillet 2011","format":false,"excerpt":"Le d??cret qui modifie la proc??dure d'appel d'offres pour les installations de production d'??lectricit?? a ??t?? publi?? au Journal officiel du 30 juin 2011. Pour les projets photovolta??ques sur toitures de 100 ? 250 kilowatts, le texte met en...","rel":"","context":"Dans &quot;Juridique&quot;","block_context":{"text":"Juridique","link":"https:\/\/www.enviroscop.fr\/actu\/category\/juridique\/"},"img":{"alt_text":"","src":"","width":0,"height":0},"classes":[]},{"id":5197,"url":"https:\/\/www.enviroscop.fr\/actu\/2023\/03\/rwe-sengage-localement-pour-reduire-la-facture-des-riverains-de-ses-parcs-eoliens-et-solaires\/","url_meta":{"origin":51,"position":1},"title":"RWE s\u2019engage localement pour r\u00e9duire la facture des riverains de ses parcs \u00e9oliens et solaires","author":"Enviroscop","date":"27 mars 2023","format":false,"excerpt":"RWE a d\u00e9velopp\u00e9 une offre attractive allant jusqu\u2019\u00e0 50 % de la facture annuelle d\u2019\u00e9lectricit\u00e9 des foyers situ\u00e9s sur les communes d\u2019implantation d\u2019\u00e9nergies renouvelables solaire ou \u00e9olien, permettant d\u2019associer directement les riverains aux retomb\u00e9es de la production locale d\u2019\u00e9lectricit\u00e9. \u00a0 \u00a0 RWE, acteur majeur de la transition \u00e9nerg\u00e9tique, est \u00e0\u2026","rel":"","context":"Dans &quot;Consommation&quot;","block_context":{"text":"Consommation","link":"https:\/\/www.enviroscop.fr\/actu\/category\/energie\/consommation\/"},"img":{"alt_text":"RWE","src":"https:\/\/tecsol.blogs.com\/.a\/6a00d8341bfe5d53ef02b75177ec5f200b-580wi","width":350,"height":200},"classes":[]},{"id":333,"url":"https:\/\/www.enviroscop.fr\/actu\/2011\/02\/les-grandes-lignes-du-futur-dispositif-de-sou\/","url_meta":{"origin":51,"position":2},"title":"Les grandes lignes du futur dispositif de soutien ?? la fili??re photovolta??que","author":"Enviroscop","date":"24 f\u00e9vrier 2011","format":false,"excerpt":"Le d??cret \"photovolta??que\" est attendu pour le 9 mars prochain (fin du moratoire). Mais ses grandes lignes ont ??t?? r??v??l??es hier par Fran??ois Fillon : appels d'offre pour les parcs au sol et les installations sur tr??s grandes toitures, ta...","rel":"","context":"Dans &quot;Juridique&quot;","block_context":{"text":"Juridique","link":"https:\/\/www.enviroscop.fr\/actu\/category\/juridique\/"},"img":{"alt_text":"","src":"","width":0,"height":0},"classes":[]},{"id":167,"url":"https:\/\/www.enviroscop.fr\/actu\/2011\/07\/guide-devaluation-des-projets-de-parcs-solair\/","url_meta":{"origin":51,"position":3},"title":"Guide d?????valuation des projets de parcs solaires","author":"Enviroscop","date":"11 juillet 2011","format":false,"excerpt":"Fruit d???un travail commun entre associations environnementales (CLER, FNE, FNH, HESPUL, WWF) et d??veloppeurs photovolta??ques (JUWI EnR, Lizard Energy), ce document, prolongement naturel de la note de position pr??c??demment ??voqu??e1, a pour ...","rel":"","context":"Dans &quot;Etude d'impact&quot;","block_context":{"text":"Etude d'impact","link":"https:\/\/www.enviroscop.fr\/actu\/category\/evaluation\/etude-dimpact\/"},"img":{"alt_text":"","src":"","width":0,"height":0},"classes":[]},{"id":93,"url":"https:\/\/www.enviroscop.fr\/actu\/2010\/12\/photovoltaique-suspension-de-lobligation-de-r\/","url_meta":{"origin":51,"position":4},"title":"Photovolta??que : suspension de l&rsquo;obligation de rachat&#8230;","author":"Enviroscop","date":"3 d\u00e9cembre 2010","format":false,"excerpt":"Suite au comit?? interminist??riel du 02 d??cembre, l'Etat a d??cid?? de suspendre l'obligation de rachat pour les parcs de forte puissance. Compte rendu sur le journal Les Echos Le projet de d??cret qui s'ensuit.","rel":"","context":"Dans &quot;Juridique&quot;","block_context":{"text":"Juridique","link":"https:\/\/www.enviroscop.fr\/actu\/category\/juridique\/"},"img":{"alt_text":"","src":"","width":0,"height":0},"classes":[]},{"id":58,"url":"https:\/\/www.enviroscop.fr\/actu\/2011\/05\/photovoltaique-un-guide-pour-accompagner-la-r\/","url_meta":{"origin":51,"position":5},"title":"Photovolta??que : un guide pour accompagner la r??alisation des ??tudes d???impact","author":"Enviroscop","date":"10 mai 2011","format":false,"excerpt":"Les installations photovolta??ques au sol contribuent l???atteinte des objectifs de la France en mati??re d?????nergies renouvelables, qui visent 23% de la consommation finale d?????nergie d???origine renouvelable l???horizon 2020. Le d??vel...","rel":"","context":"Dans &quot;Photovolta\u00efque&quot;","block_context":{"text":"Photovolta\u00efque","link":"https:\/\/www.enviroscop.fr\/actu\/category\/energie\/renouvelable\/photovoltaique\/"},"img":{"alt_text":"","src":"","width":0,"height":0},"classes":[]}],"jetpack_sharing_enabled":true,"_links":{"self":[{"href":"https:\/\/www.enviroscop.fr\/actu\/wp-json\/wp\/v2\/posts\/51","targetHints":{"allow":["GET"]}}],"collection":[{"href":"https:\/\/www.enviroscop.fr\/actu\/wp-json\/wp\/v2\/posts"}],"about":[{"href":"https:\/\/www.enviroscop.fr\/actu\/wp-json\/wp\/v2\/types\/post"}],"author":[{"embeddable":true,"href":"https:\/\/www.enviroscop.fr\/actu\/wp-json\/wp\/v2\/users\/1"}],"replies":[{"embeddable":true,"href":"https:\/\/www.enviroscop.fr\/actu\/wp-json\/wp\/v2\/comments?post=51"}],"version-history":[{"count":0,"href":"https:\/\/www.enviroscop.fr\/actu\/wp-json\/wp\/v2\/posts\/51\/revisions"}],"wp:attachment":[{"href":"https:\/\/www.enviroscop.fr\/actu\/wp-json\/wp\/v2\/media?parent=51"}],"wp:term":[{"taxonomy":"category","embeddable":true,"href":"https:\/\/www.enviroscop.fr\/actu\/wp-json\/wp\/v2\/categories?post=51"},{"taxonomy":"post_tag","embeddable":true,"href":"https:\/\/www.enviroscop.fr\/actu\/wp-json\/wp\/v2\/tags?post=51"}],"curies":[{"name":"wp","href":"https:\/\/api.w.org\/{rel}","templated":true}]}}