{"id":5136,"date":"2023-01-11T08:04:13","date_gmt":"2023-01-11T07:04:13","guid":{"rendered":"http:\/\/www.enviroscop.fr\/actu\/?p=5136"},"modified":"2023-01-11T08:04:13","modified_gmt":"2023-01-11T07:04:13","slug":"energies-renouvelables-eolien-en-mer-et-solaire-les-principales-mesures-du-texte","status":"publish","type":"post","link":"https:\/\/www.enviroscop.fr\/actu\/2023\/01\/energies-renouvelables-eolien-en-mer-et-solaire-les-principales-mesures-du-texte\/","title":{"rendered":"Energies renouvelables : \u00e9olien en mer et solaire, les principales mesures du texte"},"content":{"rendered":"<div style=\"width: 1000px\" class=\"wp-caption alignnone\"><img data-recalc-dims=\"1\" loading=\"lazy\" decoding=\"async\" src=\"https:\/\/i0.wp.com\/www.sciencesetavenir.fr\/assets\/img\/2023\/01\/10\/cover-r4x3w1000-63bcd785450b0-62950727228e6b0996d5f41743f12442a54c3775-jpg.jpg?resize=750%2C563&#038;ssl=1\" alt=\"Eoliennes \u00e0 Campigny, dans l'Eure, le 23 d\u00e9cembre 2022\" width=\"750\" height=\"563\" \/><p class=\"wp-caption-text\">Eoliennes \u00e0 Campigny, dans l&rsquo;Eure, le 23 d\u00e9cembre 2022 AFP\/ARCHIVES &#8211; JOEL SAGET<\/p><\/div>\n<p>All\u00e9ger les proc\u00e9dures administratives, installer des panneaux solaires en bord d&rsquo;autoroute et sur les parkings, d\u00e9velopper massivement l&rsquo;\u00e9olien en mer: le projet de loi d&rsquo;acc\u00e9l\u00e9ration des \u00e9nergies renouvelables doit permettre \u00e0 la France de rattraper son retard.<\/p>\n<div id=\"moneytag-INARTICLE-ATF\">\n<div id=\"moneytag-INARTICLE1\" data-google-query-id=\"COOn66z4vvwCFexipAQdv28BFQ\">\n<div class=\"article-sea-home-a article-sea-nature-a corps\">\n<div>\n<p>&#8211; Des objectifs ambitieux &#8211;<\/p>\n<div id=\"native \" class=\"\"><\/div>\n<p>En France, qui s&rsquo;est longtemps repos\u00e9e sur la puissance de son parc nucl\u00e9aire, les \u00e9nergies renouvelables ne repr\u00e9sentent que 19,3% de la consommation finale brute d&rsquo;\u00e9nergie, une part plus faible qu&rsquo;ailleurs en Europe et d\u00e9j\u00e0 en de\u00e7\u00e0 de l&rsquo;objectif fix\u00e9 en 2020 de 23%.<\/p>\n<p>A l&rsquo;urgence climatique, la guerre en Ukraine vient aujourd&rsquo;hui ajouter la menace d&rsquo;un \u00ab\u00a0blackout\u00a0\u00bb, rendant n\u00e9cessaire pour le gouvernement un changement d&rsquo;\u00e9chelle.<\/p>\n<div class=\"BeOpVSlot\"><\/div>\n<div class=\"BeOpWidget-6c127b06-898a-4a95-a7bf-353949123970\" data-name=\"sponsoonly\"><\/div>\n<p>Pour 2050, le pr\u00e9sident Emmanuel Macron s&rsquo;est fix\u00e9 comme objectifs de multiplier par dix la capacit\u00e9 de production d&rsquo;\u00e9nergie solaire pour d\u00e9passer les 100 GW, et de d\u00e9ployer 50 parcs \u00e9oliens en mer pour atteindre 40 GW.<\/p>\n<p>&#8211; D\u00e9lais r\u00e9duits &#8211;<\/p>\n<p>Il faut en moyenne en France 5 ans de proc\u00e9dures pour construire un parc solaire, 7 ans pour un parc \u00e9olien et 10 ans pour un parc \u00e9olien en mer.<\/p>\n<p>Le texte pr\u00e9voit des adaptations temporaires des proc\u00e9dures administratives pour simplifier et acc\u00e9l\u00e9rer la r\u00e9alisation des projets, l&rsquo;objectif \u00e9tant de raccourcir significativement les d\u00e9lais de d\u00e9ploiement.<\/p>\n<p>Le gouvernement veut notamment r\u00e9duire certains recours, en reconnaissant une \u00ab\u00a0raison imp\u00e9rative d&rsquo;int\u00e9r\u00eat public majeur (RIIPM)\u00a0\u00bb pour des projets d&rsquo;\u00e9nergies renouvelables.<\/p>\n<p>&#8211; Planification et approbation des communes &#8211;<\/p>\n<p>C&rsquo;\u00e9tait un des sujets les plus sensibles du texte.<\/p>\n<p>Apr\u00e8s un compromis trouv\u00e9 au S\u00e9nat, les communes pourront faire remonter &#8211; dans un dispositif de planification \u00ab\u00a0ascendante\u00a0\u00bb &#8211; les zones d&rsquo;acc\u00e9l\u00e9ration, prioritaires pour d\u00e9ployer des projets d&rsquo;\u00e9nergies renouvelables. Pour la phase d&rsquo;application de ces zones \u00ab\u00a0propices\u00a0\u00bb, l&rsquo;approbation du maire sera requise.<\/p>\n<p>La mesure a crisp\u00e9 la gauche, qui redoute le retour du \u00ab\u00a0veto des maires\u00a0\u00bb que r\u00e9clamaient des d\u00e9put\u00e9s LR pour l&rsquo;ensemble du territoire.<\/p>\n<p>\u00c0 l&rsquo;exception des proc\u00e9d\u00e9s de production en toitures, ces zones ne pourront \u00eatre incluses dans les parcs nationaux et les r\u00e9serves naturelles, a pr\u00e9cis\u00e9 l&rsquo;Assembl\u00e9e.<\/p>\n<p>&#8211; Acceptabilit\u00e9 &#8211;<\/p>\n<p>L&rsquo;Assembl\u00e9e a adopt\u00e9 en premi\u00e8re lecture des amendements \u00e9cologistes pour instaurer un observatoire et un m\u00e9diateur des \u00e9nergies renouvelables.<\/p>\n<p>Pour une meilleure \u00ab\u00a0acceptabilit\u00e9\u00a0\u00bb, les d\u00e9put\u00e9s ont ajout\u00e9 au texte un objectif paysager incitant les collectivit\u00e9s \u00e0 \u00ab\u00a0veiller \u00e0 limiter les effets de saturation visuelle\u00a0\u00bb, notamment des \u00e9oliennes.<\/p>\n<p>Afin de mieux r\u00e9partir les \u00e9nergies renouvelables sur le territoire, le texte rend possible une modulation tarifaire qui inciterait des porteurs de projets \u00e0 s&rsquo;installer dans des zones aux conditions naturelles a priori moins favorables.<\/p>\n<p>&#8211; Plus d&rsquo;espace pour le solaire &#8211;<\/p>\n<p>Le projet de loi facilite l&rsquo;installation de panneaux photovolta\u00efques aux abords des autoroutes et grands axes. Il permet de d\u00e9roger \u00e0 la loi Littoral, dans un cadre tr\u00e8s contraint, pour l&rsquo;implantation de panneaux dans des \u00ab\u00a0friches\u00a0\u00bb. Il facilite aussi l&rsquo;implantation dans les communes de montagne.<\/p>\n<p>Il impose l&rsquo;\u00e9quipement progressif des parkings ext\u00e9rieurs de plus de 1.500 m2 avec des ombri\u00e8res photovolta\u00efques.<\/p>\n<p>&#8211; L&rsquo;\u00e9olien prend la mer &#8211;<\/p>\n<p>Le projet de loi propose de mutualiser les d\u00e9bats publics sur la localisation des projets de parcs \u00e9oliens en mer \u00ab\u00a0pour am\u00e9liorer la planification spatiale\u00a0\u00bb et acc\u00e9l\u00e9rer leur d\u00e9veloppement.<\/p>\n<p>L&rsquo;Assembl\u00e9e a rejet\u00e9 en s\u00e9ance des amendements LR r\u00e9clamant que les zones d&rsquo;implantation soient situ\u00e9es \u00e0 une distance minimale de 40 km du rivage.<\/p>\n<p>Seront toutefois \u00ab\u00a0cibl\u00e9es en priorit\u00e9 des zones propices situ\u00e9es dans la zone \u00e9conomique exclusive\u00a0\u00bb, soit un peu plus de 22 km des c\u00f4tes, et en dehors des parcs nationaux ayant une partie maritime.<\/p>\n<p>&#8211; Redistribution &#8211;<\/p>\n<p>Sur proposition des socialistes, l&rsquo;Assembl\u00e9e a renonc\u00e9 \u00e0 un principe de ristourne sur la facture des riverains d&rsquo;\u00e9nergies renouvelables. Les d\u00e9put\u00e9s privil\u00e9gient des mesures territoriales plus larges comme des fonds pour aider les m\u00e9nages modestes en situation de pr\u00e9carit\u00e9 \u00e9nerg\u00e9tique ou pour financer des projets en faveur de la biodiversit\u00e9.<\/p>\n<p>&#8211; Agrivolta\u00efsme &#8211;<\/p>\n<p>Le texte entend d\u00e9finir \u00ab\u00a0l&rsquo;agrivolta\u00efsme\u00a0\u00bb, combinant exploitation agricole et production d&rsquo;\u00e9lectricit\u00e9, par exemple avec des panneaux solaires mont\u00e9s sur des pieds, permettant la culture voire le passage d&rsquo;animaux. La production agricole devrait rester \u00ab\u00a0l&rsquo;activit\u00e9 principale\u00a0\u00bb ou les installations \u00eatre \u00ab\u00a0r\u00e9versibles\u00a0\u00bb.<\/p>\n<\/div>\n<div id=\"poool-widget\" class=\"free\">Source : \u00a0<a class=\"signature\" href=\"https:\/\/www.sciencesetavenir.fr\/auteurs\/afp_395\">AFP<\/a>\u00a0le\u00a0<a href=\"https:\/\/www.sciencesetavenir.fr\/index\/2023\/01\/10\/\">10.01.2023 \u00e0 00h44<\/a><\/div>\n<\/div>\n<\/div>\n<\/div>\n","protected":false},"excerpt":{"rendered":"<p>All\u00e9ger les proc\u00e9dures administratives, installer des panneaux solaires en bord d&rsquo;autoroute et sur les parkings, d\u00e9velopper massivement l&rsquo;\u00e9olien en mer: le projet de loi d&rsquo;acc\u00e9l\u00e9ration des \u00e9nergies renouvelables doit permettre \u00e0 la France de rattraper son retard. &#8211; Des objectifs ambitieux &#8211; En France, qui s&rsquo;est longtemps repos\u00e9e sur la puissance de son parc nucl\u00e9aire, &hellip; <\/p>\n<p><a class=\"more-link btn\" href=\"https:\/\/www.enviroscop.fr\/actu\/2023\/01\/energies-renouvelables-eolien-en-mer-et-solaire-les-principales-mesures-du-texte\/\">Lire la suite<\/a><\/p>\n","protected":false},"author":1,"featured_media":0,"comment_status":"open","ping_status":"open","sticky":false,"template":"","format":"standard","meta":{"_acf_changed":false,"footnotes":""},"categories":[180,20,7,68,35,136],"tags":[],"class_list":["post-5136","post","type-post","status-publish","format-standard","hentry","category-afp","category-durable","category-energie","category-france","category-juridique","category-loi","item-wrap"],"acf":[],"_links":{"self":[{"href":"https:\/\/www.enviroscop.fr\/actu\/wp-json\/wp\/v2\/posts\/5136","targetHints":{"allow":["GET"]}}],"collection":[{"href":"https:\/\/www.enviroscop.fr\/actu\/wp-json\/wp\/v2\/posts"}],"about":[{"href":"https:\/\/www.enviroscop.fr\/actu\/wp-json\/wp\/v2\/types\/post"}],"author":[{"embeddable":true,"href":"https:\/\/www.enviroscop.fr\/actu\/wp-json\/wp\/v2\/users\/1"}],"replies":[{"embeddable":true,"href":"https:\/\/www.enviroscop.fr\/actu\/wp-json\/wp\/v2\/comments?post=5136"}],"version-history":[{"count":1,"href":"https:\/\/www.enviroscop.fr\/actu\/wp-json\/wp\/v2\/posts\/5136\/revisions"}],"predecessor-version":[{"id":5137,"href":"https:\/\/www.enviroscop.fr\/actu\/wp-json\/wp\/v2\/posts\/5136\/revisions\/5137"}],"wp:attachment":[{"href":"https:\/\/www.enviroscop.fr\/actu\/wp-json\/wp\/v2\/media?parent=5136"}],"wp:term":[{"taxonomy":"category","embeddable":true,"href":"https:\/\/www.enviroscop.fr\/actu\/wp-json\/wp\/v2\/categories?post=5136"},{"taxonomy":"post_tag","embeddable":true,"href":"https:\/\/www.enviroscop.fr\/actu\/wp-json\/wp\/v2\/tags?post=5136"}],"curies":[{"name":"wp","href":"https:\/\/api.w.org\/{rel}","templated":true}]}}