{"id":5181,"date":"2023-03-10T08:18:01","date_gmt":"2023-03-10T07:18:01","guid":{"rendered":"https:\/\/www.enviroscop.fr\/actu\/?p=5181"},"modified":"2023-03-10T08:18:01","modified_gmt":"2023-03-10T07:18:01","slug":"le-conseil-constitutionnel-donne-son-feu-vert-a-la-loi-energies-renouvelables","status":"publish","type":"post","link":"https:\/\/www.enviroscop.fr\/actu\/2023\/03\/le-conseil-constitutionnel-donne-son-feu-vert-a-la-loi-energies-renouvelables\/","title":{"rendered":"Le Conseil constitutionnel donne son feu vert \u00e0 la loi \u00e9nergies renouvelables"},"content":{"rendered":"<div id=\"attachment_4785\" style=\"width: 2560px\" class=\"wp-caption alignleft\"><img data-recalc-dims=\"1\" loading=\"lazy\" decoding=\"async\" aria-describedby=\"caption-attachment-4785\" data-attachment-id=\"4785\" data-permalink=\"https:\/\/www.enviroscop.fr\/actu\/2022\/05\/la-commission-veut-degager-le-chemin-des-energies-renouvelables-desormais-prioritaires\/img_20161205_083745_01\/\" data-orig-file=\"https:\/\/i0.wp.com\/www.enviroscop.fr\/actu\/wp-content\/uploads\/2022\/05\/IMG_20161205_083745_01-scaled.jpg?fit=2560%2C1440&amp;ssl=1\" data-orig-size=\"2560,1440\" data-comments-opened=\"1\" data-image-meta=\"{&quot;aperture&quot;:&quot;2&quot;,&quot;credit&quot;:&quot;&quot;,&quot;camera&quot;:&quot;ONEPLUS A3003&quot;,&quot;caption&quot;:&quot;&quot;,&quot;created_timestamp&quot;:&quot;0&quot;,&quot;copyright&quot;:&quot;&quot;,&quot;focal_length&quot;:&quot;4.26&quot;,&quot;iso&quot;:&quot;160&quot;,&quot;shutter_speed&quot;:&quot;0.02&quot;,&quot;title&quot;:&quot;&quot;,&quot;orientation&quot;:&quot;0&quot;}\" data-image-title=\"IMG_20161205_083745_01\" data-image-description=\"\" data-image-caption=\"\" data-large-file=\"https:\/\/i0.wp.com\/www.enviroscop.fr\/actu\/wp-content\/uploads\/2022\/05\/IMG_20161205_083745_01-scaled.jpg?fit=750%2C422&amp;ssl=1\" class=\"wp-image-4785 size-full\" src=\"https:\/\/i0.wp.com\/www.enviroscop.fr\/actu\/wp-content\/uploads\/2022\/05\/IMG_20161205_083745_01-scaled.jpg?resize=750%2C422&#038;ssl=1\" alt=\"Eoliennes au soleil couchant\" width=\"750\" height=\"422\" srcset=\"https:\/\/i0.wp.com\/www.enviroscop.fr\/actu\/wp-content\/uploads\/2022\/05\/IMG_20161205_083745_01-scaled.jpg?w=2560&amp;ssl=1 2560w, https:\/\/i0.wp.com\/www.enviroscop.fr\/actu\/wp-content\/uploads\/2022\/05\/IMG_20161205_083745_01-scaled.jpg?resize=300%2C169&amp;ssl=1 300w, https:\/\/i0.wp.com\/www.enviroscop.fr\/actu\/wp-content\/uploads\/2022\/05\/IMG_20161205_083745_01-scaled.jpg?resize=1024%2C576&amp;ssl=1 1024w, https:\/\/i0.wp.com\/www.enviroscop.fr\/actu\/wp-content\/uploads\/2022\/05\/IMG_20161205_083745_01-scaled.jpg?resize=768%2C432&amp;ssl=1 768w, https:\/\/i0.wp.com\/www.enviroscop.fr\/actu\/wp-content\/uploads\/2022\/05\/IMG_20161205_083745_01-scaled.jpg?resize=1536%2C864&amp;ssl=1 1536w, https:\/\/i0.wp.com\/www.enviroscop.fr\/actu\/wp-content\/uploads\/2022\/05\/IMG_20161205_083745_01-scaled.jpg?resize=2048%2C1152&amp;ssl=1 2048w, https:\/\/i0.wp.com\/www.enviroscop.fr\/actu\/wp-content\/uploads\/2022\/05\/IMG_20161205_083745_01-scaled.jpg?resize=750%2C422&amp;ssl=1 750w, https:\/\/i0.wp.com\/www.enviroscop.fr\/actu\/wp-content\/uploads\/2022\/05\/IMG_20161205_083745_01-scaled.jpg?w=2250&amp;ssl=1 2250w\" sizes=\"auto, (max-width: 750px) 100vw, 750px\" \/><p id=\"caption-attachment-4785\" class=\"wp-caption-text\">Eoliennes, Cr\u00e9dit P. Sauvajon<\/p><\/div>\n<p>La loi sur l&rsquo;acc\u00e9l\u00e9ration des \u00e9nergies renouvelables est sur le point d&rsquo;\u00eatre promulgu\u00e9e presque sans modification.<\/p>\n<p>Dans une d\u00e9cision rendue ce jeudi, la juridiction a jug\u00e9 que les dispositions de huit articles critiqu\u00e9es par le RN et LR \u00e9taient conformes \u00e0 la Constitution. Cependant, elle a \u00e9galement censur\u00e9 onze autres articles qui ne modifient pas significativement la port\u00e9e du projet de loi, la plupart \u00e9tant consid\u00e9r\u00e9s comme des \u00abcavaliers l\u00e9gislatifs \u00bb, c&rsquo;est-\u00e0-dire des dispositions qui n&rsquo;ont pas leur place dans le texte.<\/p>\n<p>Il s&rsquo;agit notamment de plusieurs articles qui demandaient :<\/p>\n<ul>\n<li>la remise d&rsquo;un rapport au Parlement sur des sujets tels que l&rsquo;\u00e9volution des recettes issues de la fraction per\u00e7ue en outre-mer sur les produits \u00e9nerg\u00e9tiques ou sur la r\u00e9glementation thermique de certains b\u00e2timents.<\/li>\n<li>l&rsquo;interdiction pour les producteurs participant \u00e0 des op\u00e9rations d&rsquo;autoconsommation collective d&rsquo;en faire leur activit\u00e9 professionnelle ou commerciale principale.<\/li>\n<\/ul>\n<p>Les \u00e9lus critiquaient en particulier la reconnaissance de raisons imp\u00e9ratives d&rsquo;int\u00e9r\u00eat public majeur (RIIPM) pour certains projets, une mesure destin\u00e9e \u00e0 limiter certains contentieux et d\u00e9non\u00e7aient une \u00ab rupture d&rsquo;\u00e9galit\u00e9 \u00bb entre les producteurs d&rsquo;\u00e9nergies renouvelables et les autres \u00e9nerg\u00e9ticiens.<\/p>\n<p>Le Conseil constitutionnel, quant \u00e0 lui, estime que les dispositions de la loi \u00ab visent \u00e0 favoriser la production d&rsquo;\u00e9nergies renouvelables et le d\u00e9veloppement des capacit\u00e9s de stockage d&rsquo;\u00e9nergie \u00bb, et consid\u00e8re que le l\u00e9gislateur a poursuivi \u00ab l&rsquo;objectif de valeur constitutionnelle de protection de l&rsquo;environnement \u00bb.<\/p>\n","protected":false},"excerpt":{"rendered":"<p>La loi sur l&rsquo;acc\u00e9l\u00e9ration des \u00e9nergies renouvelables est sur le point d&rsquo;\u00eatre promulgu\u00e9e presque sans modification. Dans une d\u00e9cision rendue ce jeudi, la juridiction a jug\u00e9 que les dispositions de huit articles critiqu\u00e9es par le RN et LR \u00e9taient conformes \u00e0 la Constitution. Cependant, elle a \u00e9galement censur\u00e9 onze autres articles qui ne modifient pas &hellip; <\/p>\n<p><a class=\"more-link btn\" href=\"https:\/\/www.enviroscop.fr\/actu\/2023\/03\/le-conseil-constitutionnel-donne-son-feu-vert-a-la-loi-energies-renouvelables\/\">Lire la suite<\/a><\/p>\n","protected":false},"author":1,"featured_media":0,"comment_status":"open","ping_status":"open","sticky":false,"template":"","format":"standard","meta":{"jetpack_post_was_ever_published":false,"_jetpack_newsletter_access":"","_jetpack_dont_email_post_to_subs":false,"_jetpack_newsletter_tier_id":0,"_jetpack_memberships_contains_paywalled_content":false,"_jetpack_memberships_contains_paid_content":false,"footnotes":"","jetpack_publicize_message":"","jetpack_publicize_feature_enabled":true,"jetpack_social_post_already_shared":true,"jetpack_social_options":{"image_generator_settings":{"template":"highway","default_image_id":0,"font":"","enabled":false},"version":2}},"categories":[63,7,68,35,136,125],"tags":[],"class_list":["post-5181","post","type-post","status-publish","format-standard","hentry","category-conseil-constitutionnel","category-energie","category-france","category-juridique","category-loi","category-renouvelable","item-wrap"],"jetpack_publicize_connections":[],"jetpack_featured_media_url":"","jetpack_shortlink":"https:\/\/wp.me\/p3rXAp-1lz","jetpack_likes_enabled":true,"jetpack-related-posts":[{"id":4761,"url":"https:\/\/www.enviroscop.fr\/actu\/2022\/05\/moulins-a-eau-le-conseil-constitutionnel-valide-lexemption-de-continuite-ecologique-pour-la-production-dhydroelectricite\/","url_meta":{"origin":5181,"position":0},"title":"Moulins \u00e0 eau : le Conseil constitutionnel valide l\u2019exemption de continuit\u00e9 \u00e9cologique pour la production d\u2019hydro\u00e9lectricit\u00e9","author":"Enviroscop","date":"17 mai 2022","format":false,"excerpt":"Dans une\u00a0d\u00e9cision QPC (question prioritaire de constitutionnalit\u00e9)\u00a0rendue ce 13 mai, le Conseil constitutionnel a jug\u00e9 conformes les dispositions contest\u00e9es de l'article L. 214-18-1 du code de l\u2019environnement, qui pr\u00e9voient un r\u00e9gime d\u2019exclusion des obligations de continuit\u00e9 \u00e9cologique des cours d\u2019eau pos\u00e9es \u00e0 l'article L. 214-17 pour certains anciens moulins \u00e0\u2026","rel":"","context":"Dans &quot;Eau&quot;","block_context":{"text":"Eau","link":"https:\/\/www.enviroscop.fr\/actu\/category\/compartiments\/eau\/"},"img":{"alt_text":"","src":"https:\/\/lh3.googleusercontent.com\/wZUITkM9j710DnZsczDCmXvW7-3eZZP7WSFrZ_tRS0AZxH5KboMxLKaRZIbqnsO_UdwYrfxKDrWb0K40U2HWp_o7ySFrdC8lw2cPmzQX7oqZLOdb0vTUmwYN0irQ5np2UJdBcJcav8CyhSOXkq4B-nTlxuB8RkpsNi9YSwpez92Ndy_R0lHhq0bQArARNTJoPX603HIMVOjACOGSLmY8XoLSeDq4TIOAugClbjYTQ5FW6yKFtbxPH_HkYVxtua7DhteB3sAbMsuMisPbbxKWhC0__zA83h1tNOwp6vpTXVJtpGCvo7YavBm5edZuIn6yBUOUJM6Emv8UOm_dKQY3PEKoJkmwgSkztd0_92tOcDxXHp4ylVHiwLORhPDJRdRGkmRJ77fKvuE5rlezNHrvxkVmo6y-SrIoHcH_O29cksBUYb5IabckHeHSeCND-bc9AkUzYA3uPsQ9oZECsOJ2KYghuBA8WOlnZ4GRecArC6VcqjvQGjQnjz--3Jz2_z9LvD684QMnYAKYRYrJB06wPZ48Pq3in7cQwG0ZggTfp8oad8BisoP_3AxcC_cpr2kJfVUBGyKtCoK6mvnNubkyOOezi8dK2oEtnSj1M5PSDEjxYME7N-Ou-KGpZ6k2QK_ta-FcL_CjJA8GbpuvGT0Xh2yM9krPqplzUfyxTXsUk3eVhjOcd59DBM3WiP1TbYZPa64uerTrtgUu3Ni9FEEnJhgEnWfAg22WfXU2Q2pB4Fux0Xs7_7XIc6Ny3c_v3Yo=w517-h918-no?authuser=0","width":350,"height":200},"classes":[]},{"id":1527,"url":"https:\/\/www.enviroscop.fr\/actu\/2013\/10\/gaz-de-schiste-le-conseil-constitutionnel-valide-la-loi\/","url_meta":{"origin":5181,"position":1},"title":"Gaz de schiste : le Conseil constitutionnel valide la loi","author":"Enviroscop","date":"11 octobre 2013","format":false,"excerpt":"La loi Jacob de 2011 interdisant la fracturation hydraulique est conforme \u00e0 la Constitution, jugent les sages. Ni l'\u00e9galit\u00e9 devant la loi, ni la libert\u00e9 d'entreprendre ne sont bafou\u00e9es. Pas plus que le droit de propri\u00e9t\u00e9. Le Conseil constitutionnel a rendu publique ce matin sa d\u00e9cision relative \u00e0 la question\u2026","rel":"","context":"Dans &quot;Conseil Constitutionnel&quot;","block_context":{"text":"Conseil Constitutionnel","link":"https:\/\/www.enviroscop.fr\/actu\/category\/juridique\/conseil-constitutionnel\/"},"img":{"alt_text":"","src":"","width":0,"height":0},"classes":[]},{"id":805,"url":"https:\/\/www.enviroscop.fr\/actu\/2013\/04\/la-loi-brottes-validee-par-le-conseil-constitutionnel\/","url_meta":{"origin":5181,"position":2},"title":"La loi Brottes, valid\u00e9e par le Conseil Constitutionnel","author":"Enviroscop","date":"12 avril 2013","format":false,"excerpt":"Le\u00a0 11 avril \u00a0le Conseil constitutionnel s'est prononc\u00e9 sur la loi dite \"Brottes\" sur la transition \u00e9nerg\u00e9tique. Elle abandonne cependant les \u00a0dispositions relatives\u00a0 au \u00ab bonus\u2212malus \u00bb \u00e9nerg\u00e9tique. Le Conseil a cependant valid\u00e9 les dispositions sur l'\u00e9olien : les zones de d\u00e9veloppement \u00e9olien sont supprim\u00e9es la r\u00e8gle des cinq m\u00e2ts\u2026","rel":"","context":"Dans &quot;Conseil Constitutionnel&quot;","block_context":{"text":"Conseil Constitutionnel","link":"https:\/\/www.enviroscop.fr\/actu\/category\/juridique\/conseil-constitutionnel\/"},"img":{"alt_text":"Graphique 1","src":"https:\/\/i0.wp.com\/www.enviroscop.fr\/actu\/wp-content\/uploads\/2013\/03\/Graphique-1-300x163.png?resize=350%2C200","width":350,"height":200},"classes":[]},{"id":1837,"url":"https:\/\/www.enviroscop.fr\/actu\/2014\/03\/le-conseil-detat-transmet-une-question-prioritaire-de-constitutionnalite-sur-les-schemas-regionaux-du-climat-de-lair-et-de-lenergie\/","url_meta":{"origin":5181,"position":3},"title":"Le Conseil d&rsquo;Etat transmet une question prioritaire de constitutionnalit\u00e9 sur les sch\u00e9mas r\u00e9gionaux du climat, de l&rsquo;air et de l&rsquo;\u00e9nergie","author":"Enviroscop","date":"10 mars 2014","format":false,"excerpt":"Voici une d\u00e9cision d'une particuli\u00e8re importance dont les cons\u00e9quences peuvent \u00eatre importantes pour le d\u00e9veloppement des \u00e9nergies renouvelables et, \u00e9ventuellement, pour la r\u00e9daction du projet de loi sur la transition \u00e9nerg\u00e9tique. Ce 7 mars 2014, le Conseil d'Etat a en effet transmis au Conseil constitutionnel une \"question prioritaire de constitutionnalit\u00e9\"\u2026","rel":"","context":"Dans &quot;Climat&quot;","block_context":{"text":"Climat","link":"https:\/\/www.enviroscop.fr\/actu\/category\/climat\/"},"img":{"alt_text":"","src":"","width":0,"height":0},"classes":[]},{"id":135,"url":"https:\/\/www.enviroscop.fr\/actu\/2011\/10\/annulation-des-dispositions-des-articles-l-51\/","url_meta":{"origin":5181,"position":4},"title":"Annulation des dispositions des articles L. 511-2 et L. 512-7 du code de l&rsquo;environnement","author":"Enviroscop","date":"20 octobre 2011","format":false,"excerpt":"Le Conseil constitutionnel les a annul?? consid??rant qu'ils ??taient non conformes la Charte de l'environnement et notamment son article 7 : Toute personne a le droit, dans les conditions et les limites d??finies par la loi d'acc??der aux...","rel":"","context":"Dans &quot;ICPE&quot;","block_context":{"text":"ICPE","link":"https:\/\/www.enviroscop.fr\/actu\/category\/icpe\/"},"img":{"alt_text":"","src":"","width":0,"height":0},"classes":[]},{"id":1080,"url":"https:\/\/www.enviroscop.fr\/actu\/2013\/05\/nouvelle-loi-transport\/","url_meta":{"origin":5181,"position":5},"title":"Nouvelle loi \u00ab\u00a0transport\u00a0\u00bb","author":"Enviroscop","date":"30 mai 2013","format":false,"excerpt":"La\u00a0loi portant diverses dispositions en mati\u00e8re d'infrastructures et de services de transports\u00a0a \u00e9t\u00e9 publi\u00e9e au\u00a0Journal officiel\u00a0ce 29 mai. Si elle avait fait l'objet d'un recours (Conseil constitutionnel),\u00a0elle a d\u00e9finitivement adopt\u00e9e par l'Assembl\u00e9e nationale le 24 avril. Ce texte pr\u00e9voit notamment un m\u00e9canisme de r\u00e9percussion de l'\u00e9cotaxe poids-lourds sur les clients\u2026","rel":"","context":"Dans &quot;Conseil Constitutionnel&quot;","block_context":{"text":"Conseil Constitutionnel","link":"https:\/\/www.enviroscop.fr\/actu\/category\/juridique\/conseil-constitutionnel\/"},"img":{"alt_text":"","src":"https:\/\/i0.wp.com\/www.my-angers.info\/wp-content\/uploads\/2013\/04\/velo-bicycle_m1-300x225.jpg?resize=350%2C200","width":350,"height":200},"classes":[]}],"jetpack_sharing_enabled":true,"_links":{"self":[{"href":"https:\/\/www.enviroscop.fr\/actu\/wp-json\/wp\/v2\/posts\/5181","targetHints":{"allow":["GET"]}}],"collection":[{"href":"https:\/\/www.enviroscop.fr\/actu\/wp-json\/wp\/v2\/posts"}],"about":[{"href":"https:\/\/www.enviroscop.fr\/actu\/wp-json\/wp\/v2\/types\/post"}],"author":[{"embeddable":true,"href":"https:\/\/www.enviroscop.fr\/actu\/wp-json\/wp\/v2\/users\/1"}],"replies":[{"embeddable":true,"href":"https:\/\/www.enviroscop.fr\/actu\/wp-json\/wp\/v2\/comments?post=5181"}],"version-history":[{"count":1,"href":"https:\/\/www.enviroscop.fr\/actu\/wp-json\/wp\/v2\/posts\/5181\/revisions"}],"predecessor-version":[{"id":5182,"href":"https:\/\/www.enviroscop.fr\/actu\/wp-json\/wp\/v2\/posts\/5181\/revisions\/5182"}],"wp:attachment":[{"href":"https:\/\/www.enviroscop.fr\/actu\/wp-json\/wp\/v2\/media?parent=5181"}],"wp:term":[{"taxonomy":"category","embeddable":true,"href":"https:\/\/www.enviroscop.fr\/actu\/wp-json\/wp\/v2\/categories?post=5181"},{"taxonomy":"post_tag","embeddable":true,"href":"https:\/\/www.enviroscop.fr\/actu\/wp-json\/wp\/v2\/tags?post=5181"}],"curies":[{"name":"wp","href":"https:\/\/api.w.org\/{rel}","templated":true}]}}