{"id":5186,"date":"2023-03-16T10:36:48","date_gmt":"2023-03-16T09:36:48","guid":{"rendered":"https:\/\/www.enviroscop.fr\/actu\/?p=5186"},"modified":"2023-03-16T10:36:48","modified_gmt":"2023-03-16T09:36:48","slug":"resultats-enquete-mobilite-calvados","status":"publish","type":"post","link":"https:\/\/www.enviroscop.fr\/actu\/2023\/03\/resultats-enquete-mobilite-calvados\/","title":{"rendered":"R\u00e9sultats enqu\u00eate mobilit\u00e9 : Calvados"},"content":{"rendered":"<div class=\"centre grid-2-small-2\">\n<div class=\"gauche\">\n<p><img data-recalc-dims=\"1\" loading=\"lazy\" decoding=\"async\" class=\"alignleft\" src=\"https:\/\/i0.wp.com\/www.aucame.fr\/images\/catalogue\/produit\/1678094896-flash41-emd-calvados-fiche.JPG?resize=324%2C458&#038;ssl=1\" alt=\"\" width=\"324\" height=\"458\" \/>La communaut\u00e9 urbaine de Caen la mer, avec le concours de l\u2019\u00c9tat, de la r\u00e9gion Normandie et du d\u00e9partement du Calvados, a lanc\u00e9 \u00e0 partir de f\u00e9vrier 2022 une enqu\u00eate de mobilit\u00e9 certifi\u00e9e CEREMA (EMC\u00b2), anciennement enqu\u00eate m\u00e9nages d\u00e9placements, \u00e0 l\u2019\u00e9chelle du Calvados et dont la derni\u00e8re \u00e9dition datait de 2011. Cette enqu\u00eate donne une photographie exhaustive de la mobilit\u00e9 quotidienne des habitants d\u2019un territoire, connaissance indispensable pour \u00e9valuer les besoins de mobilit\u00e9 et \u00e9laborer les politiques de transports et d\u2019am\u00e9nagement \u00e0 mener.<br \/>\nL\u2019\u00e9tape de collecte des donn\u00e9es \u00e9tant termin\u00e9e, l\u2019Aucame publie une s\u00e9rie de Flash\u2019 sur les principaux enseignements de cette enqu\u00eate dont le pr\u00e9sent num\u00e9ro porte sur les d\u00e9placements des habitants du D\u00e9partement.<\/p>\n<\/div>\n<\/div>\n<div class=\"centre\">\n<p class=\"email\"><b>Contact :<\/b>\u00a0xavier.lepetit@aucame.fr<\/p>\n<ul class=\"telechargement-partage\">\n<li><a href=\"https:\/\/www.aucame.fr\/images\/catalogue\/pdf\/1678094935-flash-41-result-emc2-calvados-.pdf\" target=\"_blank\" rel=\"noopener\">T\u00c9L\u00c9CHARGER LA PUBLICATION EN PDF<\/a><\/li>\n<\/ul>\n<\/div>\n","protected":false},"excerpt":{"rendered":"<p>La communaut\u00e9 urbaine de Caen la mer, avec le concours de l\u2019\u00c9tat, de la r\u00e9gion Normandie et du d\u00e9partement du Calvados, a lanc\u00e9 \u00e0 partir de f\u00e9vrier 2022 une enqu\u00eate de mobilit\u00e9 certifi\u00e9e CEREMA (EMC\u00b2), anciennement enqu\u00eate m\u00e9nages d\u00e9placements, \u00e0 l\u2019\u00e9chelle du Calvados et dont la derni\u00e8re \u00e9dition datait de 2011. Cette enqu\u00eate donne une &hellip; <\/p>\n<p><a class=\"more-link btn\" href=\"https:\/\/www.enviroscop.fr\/actu\/2023\/03\/resultats-enquete-mobilite-calvados\/\">Lire la suite<\/a><\/p>\n","protected":false},"author":1,"featured_media":0,"comment_status":"open","ping_status":"open","sticky":false,"template":"","format":"standard","meta":{"jetpack_post_was_ever_published":false,"_jetpack_newsletter_access":"","_jetpack_dont_email_post_to_subs":false,"_jetpack_newsletter_tier_id":0,"_jetpack_memberships_contains_paywalled_content":false,"_jetpack_memberships_contains_paid_content":false,"footnotes":"","jetpack_publicize_message":"","jetpack_publicize_feature_enabled":true,"jetpack_social_post_already_shared":true,"jetpack_social_options":{"image_generator_settings":{"template":"highway","default_image_id":0,"font":"","enabled":false},"version":2}},"categories":[18,44,140,139,54,57],"tags":[],"class_list":["post-5186","post","type-post","status-publish","format-standard","hentry","category-deplacements","category-plu","category-route","category-train","category-transport","category-urbanisme","item-wrap"],"jetpack_publicize_connections":[],"jetpack_featured_media_url":"","jetpack_shortlink":"https:\/\/wp.me\/p3rXAp-1lE","jetpack_likes_enabled":true,"jetpack-related-posts":[{"id":4442,"url":"https:\/\/www.enviroscop.fr\/actu\/2021\/10\/comment-les-francais-se-deplacent-ils-en-2019\/","url_meta":{"origin":5186,"position":0},"title":"Comment les Fran\u00e7ais se d\u00e9placent-ils en 2019 ?","author":"Enviroscop","date":"6 octobre 2021","format":false,"excerpt":"Selon les premiers r\u00e9sultats de l\u2019enqu\u00eate sur la mobilit\u00e9 des personnes, en 2019, les Fran\u00e7ais r\u00e9alisent environ trois d\u00e9placements par jour, du lundi au vendredi. Cela repr\u00e9sente pr\u00e8s de 181 millions de d\u00e9placements quotidiens. En moyenne, ils passent 1h02 \u00e0 se d\u00e9placer en une journ\u00e9e, soit presque 6 minutes de\u2026","rel":"","context":"Dans &quot;Air&quot;","block_context":{"text":"Air","link":"https:\/\/www.enviroscop.fr\/actu\/category\/compartiments\/air\/"},"img":{"alt_text":"","src":"https:\/\/i0.wp.com\/www.enviroscop.fr\/actu\/wp-content\/uploads\/2021\/05\/vintage-transport-set.jpg?resize=350%2C200","width":350,"height":200},"classes":[]},{"id":4411,"url":"https:\/\/www.enviroscop.fr\/actu\/2021\/09\/la-mobilite-dans-les-territoires-peu-denses\/","url_meta":{"origin":5186,"position":1},"title":"La mobilit\u00e9 dans les territoires peu denses","author":"Enviroscop","date":"14 septembre 2021","format":false,"excerpt":"La\u00a0diversit\u00e9 des territoires\u00a0et le\u00a0foisonnement des diff\u00e9rentes formes de services de mobilit\u00e9, impliquent qu\u2019il n\u2019est pas possible d\u2019\u00e9laborer des solutions cl\u00e9s en main, dont la pertinence serait assur\u00e9e d\u2019avance. Pour faire les bons choix, chaque territoire doit se donner les moyens d\u2019appr\u00e9hender ses propres enjeux de mobilit\u00e9 au regard des besoins\u2026","rel":"","context":"Dans &quot;Air&quot;","block_context":{"text":"Air","link":"https:\/\/www.enviroscop.fr\/actu\/category\/compartiments\/air\/"},"img":{"alt_text":"La mobilit\u00e9 dans les territoires peu denses - Un d\u00e9fi pour la coh\u00e9sion et l\u2019\u00e9galit\u00e9 des territoires","src":"https:\/\/i0.wp.com\/www.cerema.fr\/sites\/default\/files\/styles\/publication_portrait\/public\/images\/product\/2021\/07\/couv_mobilite_zone_peu-dense_catalog_0.jpg?resize=350%2C200&ssl=1","width":350,"height":200},"classes":[]},{"id":2220,"url":"https:\/\/www.enviroscop.fr\/actu\/2015\/01\/parle-de-nous\/","url_meta":{"origin":5186,"position":2},"title":"On parle de nous&#8230;","author":"Enviroscop","date":"19 janvier 2015","format":false,"excerpt":"Merci au Pays entre Seine-et-Bray de nous faire \u00e0 nouveau confiance : Sch\u00e9ma Local de D\u00e9placement Depuis 30 ans, le niveau de mobilit\u00e9 des habitants s\u2019est largement accru et pour l\u2019essentiel en voiture individuelle. Dans un contexte d\u2019augmentation du co\u00fbt de l\u2019\u00e9nergie et de la n\u00e9cessit\u00e9 de r\u00e9duction des gaz\u2026","rel":"","context":"Dans &quot;Enviroscop&quot;","block_context":{"text":"Enviroscop","link":"https:\/\/www.enviroscop.fr\/actu\/category\/non-classe\/"},"img":{"alt_text":"","src":"https:\/\/i0.wp.com\/seineetbray.fr\/v2\/images_v3\/987\/sld.jpg?resize=350%2C200","width":350,"height":200},"classes":[]},{"id":204,"url":"https:\/\/www.enviroscop.fr\/actu\/2012\/02\/mobilite-dans-les-territoires-peri-urbains-et\/","url_meta":{"origin":5186,"position":3},"title":"Mobilit\u00e9 dans les territoires p\u00e9ri-urbains et ruraux : le rapport du CAS","author":"Enviroscop","date":"9 f\u00e9vrier 2012","format":false,"excerpt":"Le Centre d'Analyse Strat??gique vient de publier son rapport sur les transports et la mobilit?? dans les territoires p??ri-urbains et ruraux. Vous pouvez le t??l??charger ICI. Plut??t que de transposer les solutions pr??conis??es aux zones denses...","rel":"","context":"Dans &quot;D\u00e9placements&quot;","block_context":{"text":"D\u00e9placements","link":"https:\/\/www.enviroscop.fr\/actu\/category\/activite\/transport\/deplacements\/"},"img":{"alt_text":"","src":"","width":0,"height":0},"classes":[]},{"id":4089,"url":"https:\/\/www.enviroscop.fr\/actu\/2021\/02\/enquete-harris-lopinion-des-francais-sur-leolien-tres-stable-et-largement-favorable\/","url_meta":{"origin":5186,"position":4},"title":"Enqu\u00eate Harris : l\u2019opinion des Fran\u00e7ais sur l\u2019\u00e9olien tr\u00e8s stable et largement favorable","author":"Enviroscop","date":"1 f\u00e9vrier 2021","format":false,"excerpt":"Harris Interactive a r\u00e9alis\u00e9 en novembre 2020 pour France Energie Eolienne une vaste enqu\u00eate sur la perception de l\u2019\u00e9olien par les Fran\u00e7ais \u2013 et plus particuli\u00e8rement ceux habitant \u00e0 moins de 5 kilom\u00e8tres d\u2019un parc \u00e9olien. Cette \u00e9tude d\u00e9montre une nouvelle fois que les Fran\u00e7ais ont une opinion positive de\u2026","rel":"","context":"Dans &quot;Air&quot;","block_context":{"text":"Air","link":"https:\/\/www.enviroscop.fr\/actu\/category\/compartiments\/air\/"},"img":{"alt_text":"Enqu\u00eate Harris : l'opinion des Fran\u00e7ais sur l'\u00e9olien tr\u00e8s stable et largement favorable | Veille | Scoop.it","src":"https:\/\/img.scoop.it\/Ru8JChAp-C2Wr71rE8jQBjl72eJkfbmt4t8yenImKBVvK0kTmF0xjctABnaLJIm9","width":350,"height":200},"classes":[]},{"id":4928,"url":"https:\/\/www.enviroscop.fr\/actu\/2022\/09\/capamob-un-outil-pour-aider-les-villes-moyennes-et-les-territoires-peu-denses-a-realiser-leur-diagnostic-des-mobilites\/","url_meta":{"origin":5186,"position":5},"title":"CapaMOB : Un outil pour aider les villes moyennes et les territoires peu denses \u00e0 r\u00e9aliser leur diagnostic des mobilit\u00e9s","author":"Enviroscop","date":"5 septembre 2022","format":false,"excerpt":"Le Cerema met en ligne un outil pour accompagner les collectivit\u00e9s en charge de l\u2019organisation des mobilit\u00e9s dans la r\u00e9alisation du diagnostic des mobilit\u00e9s sur leur territoire. Appel\u00e9 CapaMOB, il permet de guider les acteurs dans la d\u00e9marche, qu\u2019ils soient seuls ou en \u00e9quipe. Mathias Gent, Chef de projet planification\u2026","rel":"","context":"Dans &quot;Am\u00e9nagement&quot;","block_context":{"text":"Am\u00e9nagement","link":"https:\/\/www.enviroscop.fr\/actu\/category\/amenagement\/"},"img":{"alt_text":"Vue du pole multimodal de la gare de Lunel","src":"https:\/\/i0.wp.com\/www.cerema.fr\/sites\/default\/files\/styles\/uas_medium\/public\/media\/images\/2022\/06\/pole_multimodal_de_lunel_-_laurent_boutonnet_-_region_occitanie.jpg?resize=350%2C200&ssl=1","width":350,"height":200,"srcset":"https:\/\/i0.wp.com\/www.cerema.fr\/sites\/default\/files\/styles\/uas_medium\/public\/media\/images\/2022\/06\/pole_multimodal_de_lunel_-_laurent_boutonnet_-_region_occitanie.jpg?resize=350%2C200&ssl=1 1x, https:\/\/i0.wp.com\/www.cerema.fr\/sites\/default\/files\/styles\/uas_medium\/public\/media\/images\/2022\/06\/pole_multimodal_de_lunel_-_laurent_boutonnet_-_region_occitanie.jpg?resize=525%2C300&ssl=1 1.5x, https:\/\/i0.wp.com\/www.cerema.fr\/sites\/default\/files\/styles\/uas_medium\/public\/media\/images\/2022\/06\/pole_multimodal_de_lunel_-_laurent_boutonnet_-_region_occitanie.jpg?resize=700%2C400&ssl=1 2x, https:\/\/i0.wp.com\/www.cerema.fr\/sites\/default\/files\/styles\/uas_medium\/public\/media\/images\/2022\/06\/pole_multimodal_de_lunel_-_laurent_boutonnet_-_region_occitanie.jpg?resize=1050%2C600&ssl=1 3x"},"classes":[]}],"jetpack_sharing_enabled":true,"_links":{"self":[{"href":"https:\/\/www.enviroscop.fr\/actu\/wp-json\/wp\/v2\/posts\/5186","targetHints":{"allow":["GET"]}}],"collection":[{"href":"https:\/\/www.enviroscop.fr\/actu\/wp-json\/wp\/v2\/posts"}],"about":[{"href":"https:\/\/www.enviroscop.fr\/actu\/wp-json\/wp\/v2\/types\/post"}],"author":[{"embeddable":true,"href":"https:\/\/www.enviroscop.fr\/actu\/wp-json\/wp\/v2\/users\/1"}],"replies":[{"embeddable":true,"href":"https:\/\/www.enviroscop.fr\/actu\/wp-json\/wp\/v2\/comments?post=5186"}],"version-history":[{"count":1,"href":"https:\/\/www.enviroscop.fr\/actu\/wp-json\/wp\/v2\/posts\/5186\/revisions"}],"predecessor-version":[{"id":5187,"href":"https:\/\/www.enviroscop.fr\/actu\/wp-json\/wp\/v2\/posts\/5186\/revisions\/5187"}],"wp:attachment":[{"href":"https:\/\/www.enviroscop.fr\/actu\/wp-json\/wp\/v2\/media?parent=5186"}],"wp:term":[{"taxonomy":"category","embeddable":true,"href":"https:\/\/www.enviroscop.fr\/actu\/wp-json\/wp\/v2\/categories?post=5186"},{"taxonomy":"post_tag","embeddable":true,"href":"https:\/\/www.enviroscop.fr\/actu\/wp-json\/wp\/v2\/tags?post=5186"}],"curies":[{"name":"wp","href":"https:\/\/api.w.org\/{rel}","templated":true}]}}