{"id":5197,"date":"2023-03-27T07:03:44","date_gmt":"2023-03-27T06:03:44","guid":{"rendered":"https:\/\/www.enviroscop.fr\/actu\/?p=5197"},"modified":"2023-03-27T07:03:44","modified_gmt":"2023-03-27T06:03:44","slug":"rwe-sengage-localement-pour-reduire-la-facture-des-riverains-de-ses-parcs-eoliens-et-solaires","status":"publish","type":"post","link":"https:\/\/www.enviroscop.fr\/actu\/2023\/03\/rwe-sengage-localement-pour-reduire-la-facture-des-riverains-de-ses-parcs-eoliens-et-solaires\/","title":{"rendered":"RWE s\u2019engage localement pour r\u00e9duire la facture des riverains de ses parcs \u00e9oliens et solaires"},"content":{"rendered":"<p><em><a class=\"asset-img-link\" href=\"https:\/\/tecsol.blogs.com\/.a\/6a00d8341bfe5d53ef02b75177ec5f200b-popup\"><img loading=\"lazy\" decoding=\"async\" class=\"asset  asset-image at-xid-6a00d8341bfe5d53ef02b75177ec5f200b img-responsive alignleft\" title=\"RWE\" src=\"https:\/\/tecsol.blogs.com\/.a\/6a00d8341bfe5d53ef02b75177ec5f200b-580wi\" alt=\"RWE\" width=\"482\" height=\"265\" \/><\/a><br \/>\nRWE a d\u00e9velopp\u00e9 une offre attractive allant jusqu\u2019\u00e0 50 % de la facture annuelle d\u2019\u00e9lectricit\u00e9 des foyers situ\u00e9s sur les communes d\u2019implantation d\u2019\u00e9nergies renouvelables solaire ou \u00e9olien, permettant d\u2019associer directement les riverains aux retomb\u00e9es de la production locale d\u2019\u00e9lectricit\u00e9.<\/em><\/p>\n<p>&nbsp;<\/p>\n<p>&nbsp;<\/p>\n<p>RWE, acteur majeur de la transition \u00e9nerg\u00e9tique, est \u00e0 l\u2019initiative d\u2019une offre in\u00e9dite par son ampleur \u00e0 destination des riverains des communes d\u2019implantation de ses parcs \u00e9oliens. Avec son partenaire Energie d\u2019ici, marque de l\u2019Union des Producteurs Locaux d\u2019\u00e9lectricit\u00e9, RWE propose une r\u00e9duction sur la facture d\u2019\u00e9lectricit\u00e9 des riverains pouvant atteindre pr\u00e8s de 50 % du montant annuel moyen.<\/p>\n<p>Ce premier accord porte sur le parc \u00e9olien Les Pierrots dans l\u2019Indre et sera ensuite r\u00e9pliqu\u00e9 sur d\u2019autres municipalit\u00e9s o\u00f9 sont implant\u00e9s des parcs d\u00e9velopp\u00e9s par RWE. \u00ab\u00a0C\u2019est une grande satisfaction de voir ce travail engag\u00e9 il y a d\u00e9j\u00e0 plusieurs mois aboutir. Les projets d\u2019\u00e9nergie renouvelable sont par nature d\u00e9centralis\u00e9s et situ\u00e9s dans des territoires ruraux. L\u2019implication des locaux est essentielle, comme l\u2019a r\u00e9cemment rappel\u00e9 la loi sur l\u2019acc\u00e9l\u00e9ration des \u00e9nergies renouvelables. Offrir une r\u00e9duction sur la facture d\u2019\u00e9lectricit\u00e9 participe tr\u00e8s concr\u00e8tement \u00e0 cette volont\u00e9 d\u2019associer les riverains aux retomb\u00e9es de la transition \u00e9nerg\u00e9tique. C\u2019est aussi cela que nous d\u00e9fendons dans le d\u00e9ploiement des \u00e9nergies renouvelables\u00a0: une \u00e9nergie dont les profits soient partag\u00e9s avec les habitants des territoires. \u00bb pr\u00e9cise Joseph Fonio, PDG de RWE Renouvelables France.<\/p>\n<p><strong>Une offre d\u2019\u00e9lectricit\u00e9 verte destin\u00e9e aux particuliers et TPE des communes d\u2019implantation<\/strong><\/p>\n<p>Ce premier projet a pour ambition de favoriser l\u2019appropriation du parc \u00e9olien par les habitants des territoires. RWE a d\u00e9velopp\u00e9 avec son partenaire Energie d\u2019ici une offre de fourniture d\u2019\u00e9lectricit\u00e9 verte claire et lisible afin qu\u2019elle puisse profiter au plus grand nombre. Tous les foyers et tr\u00e8s petites entreprises (TPE), disposant d\u2019une puissance souscrite inf\u00e9rieure ou \u00e9gale \u00e0 36 kVA, des communes d\u2019implantation des parcs \u00e9oliens vis\u00e9s par l\u2019op\u00e9ration sont \u00e9ligibles \u00e0 cette offre. Les d\u00e9marches ont \u00e9t\u00e9 simplifi\u00e9es au maximum et s\u2019effectuent sur demande par t\u00e9l\u00e9phone ou via un bulletin d\u2019adh\u00e9sion disponible sur le site internet d\u2019Energie d\u2019Ici, en mairie et lors des permanences qui se tiendront dans les communes concern\u00e9es par l\u2019op\u00e9ration.<\/p>\n<p><strong>Une r\u00e9duction li\u00e9e \u00e0 la puissance du parc \u00e9olien<\/strong><\/p>\n<p>Malgr\u00e9 l\u2019abandon de certaines dispositions pr\u00e9vues dans la loi d\u2019acc\u00e9l\u00e9ration sur les \u00e9nergies renouvelables, RWE reprend \u00e0 sa charge les ambitions concernant le partage de la valeur avec les territoires. Les r\u00e9ductions disponibles sont ainsi index\u00e9es en fonction de la puissance du parc \u00e9olien. Pour le parc \u00e9olien des Pierrots, dont la puissance est de 26,4 MW, les montants de la r\u00e9duction adoss\u00e9s au compteur \u00e9lectrique sont par exemple de 120 \u20ac\/an pour un compteur de 3 kVA, de 360 \u20ac\/an pour une puissance de 6 kVA et de 528 \u20ac\/an pour les compteurs compris entre 9 kVA et 36 kVA. Cette r\u00e9duction pourra ainsi repr\u00e9senter jusqu\u2019\u00e0 50 % d\u2019une facture moyenne d\u2019un foyer rural.<\/p>\n<p>Par ailleurs, Energie d\u2019ici, partenaire de RWE, garantit la production et la fourniture\u00a0d\u2019une \u00e9lectricit\u00e9 100 % locale et 100 % renouvelable, certifi\u00e9e par des garanties d\u2019origine. Cette \u00e9lectricit\u00e9 verte est ainsi commercialis\u00e9e directement du producteur au consommateur.<\/p>\n<p><strong>RWE affirme ses positions en France<\/strong><\/p>\n<p>RWE a une longue exp\u00e9rience en France puisque le Groupe s\u2019est appuy\u00e9 pour son implantation sur des \u00e9quipes ayant d\u00e9velopp\u00e9 de nombreux parcs \u00e9oliens et solaires. Sa strat\u00e9gie sur le territoire national est aujourd\u2019hui enti\u00e8rement tourn\u00e9e vers les \u00e9nergies renouvelables pour lesquelles il d\u00e9veloppe des solutions innovantes telles que celle mise en place avec son partenaire Energie d\u2019ici. R\u00e9unies sous la banni\u00e8re\u00a0<em>Community Champion<\/em>, ces initiatives ont pour objectif de d\u00e9velopper un catalogue de mesures pour r\u00e9pondre aux besoins des communaut\u00e9s locales. A moyen terme, RWE souhaite ainsi diversifier ces actions pour offrir aux territoires les projets les mieux int\u00e9gr\u00e9s possibles.<\/p>\n","protected":false},"excerpt":{"rendered":"<p>RWE a d\u00e9velopp\u00e9 une offre attractive allant jusqu\u2019\u00e0 50 % de la facture annuelle d\u2019\u00e9lectricit\u00e9 des foyers situ\u00e9s sur les communes d\u2019implantation d\u2019\u00e9nergies renouvelables solaire ou \u00e9olien, permettant d\u2019associer directement les riverains aux retomb\u00e9es de la production locale d\u2019\u00e9lectricit\u00e9. &nbsp; &nbsp; RWE, acteur majeur de la transition \u00e9nerg\u00e9tique, est \u00e0 l\u2019initiative d\u2019une offre in\u00e9dite par &hellip; <\/p>\n<p><a class=\"more-link btn\" href=\"https:\/\/www.enviroscop.fr\/actu\/2023\/03\/rwe-sengage-localement-pour-reduire-la-facture-des-riverains-de-ses-parcs-eoliens-et-solaires\/\">Lire la suite<\/a><\/p>\n","protected":false},"author":1,"featured_media":0,"comment_status":"open","ping_status":"open","sticky":false,"template":"","format":"standard","meta":{"jetpack_post_was_ever_published":false,"_jetpack_newsletter_access":"","_jetpack_dont_email_post_to_subs":false,"_jetpack_newsletter_tier_id":0,"_jetpack_memberships_contains_paywalled_content":false,"_jetpack_memberships_contains_paid_content":false,"footnotes":"","jetpack_publicize_message":"","jetpack_publicize_feature_enabled":true,"jetpack_social_post_already_shared":true,"jetpack_social_options":{"image_generator_settings":{"template":"highway","default_image_id":0,"font":"","enabled":false},"version":2}},"categories":[143,7,8,43,125,142],"tags":[],"class_list":["post-5197","post","type-post","status-publish","format-standard","hentry","category-consommation","category-energie","category-eolien","category-photovoltaique","category-renouvelable","category-tecsol","item-wrap"],"jetpack_publicize_connections":[],"jetpack_featured_media_url":"","jetpack_shortlink":"https:\/\/wp.me\/p3rXAp-1lP","jetpack_likes_enabled":true,"jetpack-related-posts":[{"id":2787,"url":"https:\/\/www.enviroscop.fr\/actu\/2017\/04\/exposition-aux-basses-frequences-infrasons-des-parcs-eoliens-renforcer-linformation-des-riverains-la-surveillance-de-lexposition-aux-bruits\/","url_meta":{"origin":5197,"position":0},"title":"Exposition aux basses fr\u00e9quences et infrasons des parcs \u00e9oliens : renforcer l\u2019information des riverains et la surveillance de l\u2019exposition aux bruits","author":"Enviroscop","date":"3 avril 2017","format":false,"excerpt":"L\u2019Anses publie ce jour les r\u00e9sultats de son \u00e9valuation des effets sanitaires li\u00e9s aux basses fr\u00e9quences sonores (20\u00a0Hz \u00e0 200\u00a0Hz) et infrasons (inf\u00e9rieurs \u00e0 20\u00a0Hz) \u00e9mis par les parcs \u00e9oliens. L\u2019expertise men\u00e9e par l\u2019Agence a permis d\u2019une part de mesurer et caract\u00e9riser en situation r\u00e9elle les infrasons \u00e9mis par des\u2026","rel":"","context":"Dans &quot;Energie&quot;","block_context":{"text":"Energie","link":"https:\/\/www.enviroscop.fr\/actu\/category\/energie\/"},"img":{"alt_text":"","src":"https:\/\/i0.wp.com\/www.enviroscop.fr\/actu\/wp-content\/uploads\/2015\/07\/20150702_121207_img0014-150x150.jpg?resize=350%2C200","width":350,"height":200},"classes":[]},{"id":5136,"url":"https:\/\/www.enviroscop.fr\/actu\/2023\/01\/energies-renouvelables-eolien-en-mer-et-solaire-les-principales-mesures-du-texte\/","url_meta":{"origin":5197,"position":1},"title":"Energies renouvelables : \u00e9olien en mer et solaire, les principales mesures du texte","author":"Enviroscop","date":"11 janvier 2023","format":false,"excerpt":"All\u00e9ger les proc\u00e9dures administratives, installer des panneaux solaires en bord d'autoroute et sur les parkings, d\u00e9velopper massivement l'\u00e9olien en mer: le projet de loi d'acc\u00e9l\u00e9ration des \u00e9nergies renouvelables doit permettre \u00e0 la France de rattraper son retard. - Des objectifs ambitieux - En France, qui s'est longtemps repos\u00e9e sur la\u2026","rel":"","context":"Dans &quot;AFP&quot;","block_context":{"text":"AFP","link":"https:\/\/www.enviroscop.fr\/actu\/category\/source\/afp\/"},"img":{"alt_text":"Eoliennes \u00e0 Campigny, dans l'Eure, le 23 d\u00e9cembre 2022","src":"https:\/\/i0.wp.com\/www.sciencesetavenir.fr\/assets\/img\/2023\/01\/10\/cover-r4x3w1000-63bcd785450b0-62950727228e6b0996d5f41743f12442a54c3775-jpg.jpg?resize=350%2C200&ssl=1","width":350,"height":200,"srcset":"https:\/\/i0.wp.com\/www.sciencesetavenir.fr\/assets\/img\/2023\/01\/10\/cover-r4x3w1000-63bcd785450b0-62950727228e6b0996d5f41743f12442a54c3775-jpg.jpg?resize=350%2C200&ssl=1 1x, https:\/\/i0.wp.com\/www.sciencesetavenir.fr\/assets\/img\/2023\/01\/10\/cover-r4x3w1000-63bcd785450b0-62950727228e6b0996d5f41743f12442a54c3775-jpg.jpg?resize=525%2C300&ssl=1 1.5x, https:\/\/i0.wp.com\/www.sciencesetavenir.fr\/assets\/img\/2023\/01\/10\/cover-r4x3w1000-63bcd785450b0-62950727228e6b0996d5f41743f12442a54c3775-jpg.jpg?resize=700%2C400&ssl=1 2x"},"classes":[]},{"id":4089,"url":"https:\/\/www.enviroscop.fr\/actu\/2021\/02\/enquete-harris-lopinion-des-francais-sur-leolien-tres-stable-et-largement-favorable\/","url_meta":{"origin":5197,"position":2},"title":"Enqu\u00eate Harris : l\u2019opinion des Fran\u00e7ais sur l\u2019\u00e9olien tr\u00e8s stable et largement favorable","author":"Enviroscop","date":"1 f\u00e9vrier 2021","format":false,"excerpt":"Harris Interactive a r\u00e9alis\u00e9 en novembre 2020 pour France Energie Eolienne une vaste enqu\u00eate sur la perception de l\u2019\u00e9olien par les Fran\u00e7ais \u2013 et plus particuli\u00e8rement ceux habitant \u00e0 moins de 5 kilom\u00e8tres d\u2019un parc \u00e9olien. Cette \u00e9tude d\u00e9montre une nouvelle fois que les Fran\u00e7ais ont une opinion positive de\u2026","rel":"","context":"Dans &quot;Air&quot;","block_context":{"text":"Air","link":"https:\/\/www.enviroscop.fr\/actu\/category\/compartiments\/air\/"},"img":{"alt_text":"Enqu\u00eate Harris : l'opinion des Fran\u00e7ais sur l'\u00e9olien tr\u00e8s stable et largement favorable | Veille | Scoop.it","src":"https:\/\/img.scoop.it\/Ru8JChAp-C2Wr71rE8jQBjl72eJkfbmt4t8yenImKBVvK0kTmF0xjctABnaLJIm9","width":350,"height":200},"classes":[]},{"id":495,"url":"https:\/\/www.enviroscop.fr\/actu\/2013\/03\/adoption-de-la-loi-brottes\/","url_meta":{"origin":5197,"position":3},"title":"Adoption de la Loi Brottes","author":"Enviroscop","date":"13 mars 2013","format":false,"excerpt":"C'est un texte fortement remani\u00e9 par rapport \u00e0 l'original que l'Assembl\u00e9e Nationale vient de voter. Retenons, outre la mise en place du bonus-malus \u00e9nerg\u00e9tique et la tarification sociale de l'eau : - la suppression de la r\u00e8gle des 5 m\u00e2ts pour les parcs \u00e9oliens, permettant le d\u00e9veloppement de parcs \u00e9oliens\u2026","rel":"","context":"Dans &quot;Energie&quot;","block_context":{"text":"Energie","link":"https:\/\/www.enviroscop.fr\/actu\/category\/energie\/"},"img":{"alt_text":"","src":"","width":0,"height":0},"classes":[]},{"id":2816,"url":"https:\/\/www.enviroscop.fr\/actu\/2017\/05\/complement-de-remuneration-des-parcs-eoliens\/","url_meta":{"origin":5197,"position":4},"title":"Compl\u00e9ment de r\u00e9mun\u00e9ration des parcs \u00e9oliens","author":"Enviroscop","date":"10 mai 2017","format":false,"excerpt":"Cet arr\u00eat\u00e9 fixe les conditions n\u00e9cessaires pour b\u00e9n\u00e9ficier du compl\u00e9ment de r\u00e9mun\u00e9ration pour les parcs pr\u00e9sentant 6 a\u00e9rog\u00e9n\u00e9rateurs au maximum, pour une puissance nominale maximum de 3 MW. Source\u00a0: Arr\u00eat\u00e9 du 6 mai 2017 fixant les conditions du compl\u00e9ment de r\u00e9mun\u00e9ration de l'\u00e9lectricit\u00e9 produite par les installations de production d'\u00e9lectricit\u00e9\u2026","rel":"","context":"Dans &quot;Arr\u00eat\u00e9&quot;","block_context":{"text":"Arr\u00eat\u00e9","link":"https:\/\/www.enviroscop.fr\/actu\/category\/juridique\/arrete\/"},"img":{"alt_text":"","src":"","width":0,"height":0},"classes":[]},{"id":1920,"url":"https:\/\/www.enviroscop.fr\/actu\/2014\/05\/parcs-eoliens-terrestres-especes-protegees\/","url_meta":{"origin":5197,"position":5},"title":"Parcs \u00e9oliens terrestres et esp\u00e8ces prot\u00e9g\u00e9es","author":"Enviroscop","date":"5 mai 2014","format":false,"excerpt":"Parution du guide du Minist\u00e8re sur l'application des dispositions de protection stricte des esp\u00e8ces dans ce secteur d\u2019activit\u00e9s au regard des effets sp\u00e9cifiques que les installations de production d\u2019\u00e9lectricit\u00e9 peuvent pr\u00e9senter et \u00a0les interpr\u00e9tations qu\u2019il convient de donner \u00e0 certaines exigences r\u00e9glementaires applicables \u00e0 la protection stricte des esp\u00e8ces potentiellement\u2026","rel":"","context":"Dans &quot;Ecologie&quot;","block_context":{"text":"Ecologie","link":"https:\/\/www.enviroscop.fr\/actu\/category\/nature\/ecologie\/"},"img":{"alt_text":"","src":"","width":0,"height":0},"classes":[]}],"jetpack_sharing_enabled":true,"_links":{"self":[{"href":"https:\/\/www.enviroscop.fr\/actu\/wp-json\/wp\/v2\/posts\/5197","targetHints":{"allow":["GET"]}}],"collection":[{"href":"https:\/\/www.enviroscop.fr\/actu\/wp-json\/wp\/v2\/posts"}],"about":[{"href":"https:\/\/www.enviroscop.fr\/actu\/wp-json\/wp\/v2\/types\/post"}],"author":[{"embeddable":true,"href":"https:\/\/www.enviroscop.fr\/actu\/wp-json\/wp\/v2\/users\/1"}],"replies":[{"embeddable":true,"href":"https:\/\/www.enviroscop.fr\/actu\/wp-json\/wp\/v2\/comments?post=5197"}],"version-history":[{"count":1,"href":"https:\/\/www.enviroscop.fr\/actu\/wp-json\/wp\/v2\/posts\/5197\/revisions"}],"predecessor-version":[{"id":5198,"href":"https:\/\/www.enviroscop.fr\/actu\/wp-json\/wp\/v2\/posts\/5197\/revisions\/5198"}],"wp:attachment":[{"href":"https:\/\/www.enviroscop.fr\/actu\/wp-json\/wp\/v2\/media?parent=5197"}],"wp:term":[{"taxonomy":"category","embeddable":true,"href":"https:\/\/www.enviroscop.fr\/actu\/wp-json\/wp\/v2\/categories?post=5197"},{"taxonomy":"post_tag","embeddable":true,"href":"https:\/\/www.enviroscop.fr\/actu\/wp-json\/wp\/v2\/tags?post=5197"}],"curies":[{"name":"wp","href":"https:\/\/api.w.org\/{rel}","templated":true}]}}