{"id":52,"date":"2013-01-17T07:12:00","date_gmt":"2013-01-17T07:12:00","guid":{"rendered":"http:\/\/actu.enviroscop.com\/le-conseil-detat-rejette-le-recours-de-la-fee"},"modified":"2013-03-01T21:55:28","modified_gmt":"2013-03-01T20:55:28","slug":"le-conseil-detat-rejette-le-recours-de-la-fee","status":"publish","type":"post","link":"https:\/\/www.enviroscop.fr\/actu\/2013\/01\/le-conseil-detat-rejette-le-recours-de-la-fee\/","title":{"rendered":"Le Conseil d&rsquo;Etat rejette le recours de la FEE sur le classement ICPE des \u00e9oliennes"},"content":{"rendered":"<p><span style=\"font-family: Trebuchet MS, Arial, Helvetica, sans-serif; line-height: 20px; text-align: justify;\">Le Conseil d&rsquo;Etat a rejet\u00e9 le recours de l&rsquo;association France Energie Eolienne (FEE) visant \u00e0 faire annuler le d\u00e9cret du 23\/08\/11 (classement ICPE des\u00a0<\/span><span style=\"font-family: Trebuchet MS, Arial, Helvetica, sans-serif; line-height: 20px; text-align: justify;\">\u00e9oliennes).\u00a0<\/span><\/p>\n","protected":false},"excerpt":{"rendered":"<p>Le Conseil d&rsquo;Etat a rejet?? le recours de l&rsquo;association France Energie Eolienne (FEE) visant   faire annuler le d??cret du 23\/08\/11 (classement ICPE des ??oliennes).<\/p>\n","protected":false},"author":1,"featured_media":0,"comment_status":"open","ping_status":"open","sticky":false,"template":"","format":"standard","meta":{"jetpack_post_was_ever_published":false,"_jetpack_newsletter_access":"","_jetpack_dont_email_post_to_subs":false,"_jetpack_newsletter_tier_id":0,"_jetpack_memberships_contains_paywalled_content":false,"_jetpack_memberships_contains_paid_content":false,"footnotes":"","jetpack_publicize_message":"","jetpack_publicize_feature_enabled":true,"jetpack_social_post_already_shared":false,"jetpack_social_options":{"image_generator_settings":{"template":"highway","default_image_id":0,"font":"","enabled":false},"version":2}},"categories":[8,32],"tags":[],"class_list":["post-52","post","type-post","status-publish","format-standard","hentry","category-eolien","category-icpe","item-wrap"],"jetpack_publicize_connections":[],"jetpack_featured_media_url":"","jetpack_shortlink":"https:\/\/wp.me\/p3rXAp-Q","jetpack_likes_enabled":true,"jetpack-related-posts":[{"id":116,"url":"https:\/\/www.enviroscop.fr\/actu\/2010\/11\/eoliennes-le-passage-a-la-police-des-installa\/","url_meta":{"origin":52,"position":0},"title":"Eoliennes : le passage \u00e0 la police des installations class\u00e9es (ICPE)","author":"Enviroscop","date":"29 novembre 2010","format":false,"excerpt":"Si vous ne connaissez pas d??j l'excellent blog d'Arnaud Gossement, voici le dernier article paru : C'est un peu long, mais complet A la suite d'une intense pol??mique et aux termes de l'article 90 de la loi \"Grenelle 2\" du 12 juillet 2010 porta...","rel":"","context":"Dans &quot;Eolien&quot;","block_context":{"text":"Eolien","link":"https:\/\/www.enviroscop.fr\/actu\/category\/energie\/renouvelable\/eolien\/"},"img":{"alt_text":"","src":"","width":0,"height":0},"classes":[]},{"id":2003,"url":"https:\/\/www.enviroscop.fr\/actu\/2014\/07\/la-charte-dun-parc-naturel-regional-peut-imposer-la-localisation-des-carrieres\/","url_meta":{"origin":52,"position":1},"title":"La charte d&rsquo;un parc naturel r\u00e9gional peut imposer la localisation des carri\u00e8res","author":"Enviroscop","date":"10 juillet 2014","format":false,"excerpt":"Le Conseil d'Etat a rejet\u00e9 le 25 juin une requ\u00eate de l'Union nationale des industries de carri\u00e8res et des mat\u00e9riaux de construction (Unicem) Midi-Pyr\u00e9n\u00e9es et Languedoc-Roussillon, qui visait \u00e0 faire annuler le d\u00e9cret de classement du parc naturel r\u00e9gional du Haut-Languedoc. A cette occasion, le Conseil d'Etat affine sa jurisprudence\u2026","rel":"","context":"Dans &quot;Carri\u00e8res&quot;","block_context":{"text":"Carri\u00e8res","link":"https:\/\/www.enviroscop.fr\/actu\/category\/icpe\/carrieres\/"},"img":{"alt_text":"","src":"","width":0,"height":0},"classes":[]},{"id":3268,"url":"https:\/\/www.enviroscop.fr\/actu\/2019\/03\/icpe-des-precisions-apportees-sur-le-contenu-de-letude-dimpact-jointe-a-la-demande-dautorisation-dexploiter-une-installation-classee-conseil-detat\/","url_meta":{"origin":52,"position":2},"title":"ICPE : des pr\u00e9cisions apport\u00e9es sur le contenu de l\u2019\u00e9tude d\u2019impact jointe \u00e0 la demande d\u2019autorisation d\u2019exploiter une installation class\u00e9e (Conseil d\u2019Etat)","author":"Enviroscop","date":"22 mars 2019","format":false,"excerpt":"Par une d\u00e9cision du 13 mars 2019,\u00a0n\u00b0418949, le Conseil d\u2019Etat pr\u00e9cise dans quelles mesures les effets sur l\u2019environnement d\u2019un projet d\u2019ICPE doivent appara\u00eetre dans l\u2019\u00e9tude d\u2019impact jointe \u00e0 une demande d\u2019autorisation d\u2019exploiter. Les effets sur l\u2019environnement d\u2019un projet d\u2019installation class\u00e9e qui doivent, conform\u00e9ment \u00e0 l\u2019article R. 512-8 du code de\u2026","rel":"","context":"Dans &quot;Air&quot;","block_context":{"text":"Air","link":"https:\/\/www.enviroscop.fr\/actu\/category\/compartiments\/air\/"},"img":{"alt_text":"","src":"","width":0,"height":0},"classes":[]},{"id":2730,"url":"https:\/\/www.enviroscop.fr\/actu\/2017\/01\/icpe-le-conseil-detat-precise-les-conditions-dopposabilite-des-documents-durbanisme-aux-autorisations-dexploiter\/","url_meta":{"origin":52,"position":3},"title":"ICPE : le Conseil d&rsquo;Etat pr\u00e9cise les conditions d&rsquo;opposabilit\u00e9 des documents d&rsquo;urbanisme aux autorisations d&rsquo;exploiter","author":"Enviroscop","date":"11 janvier 2017","format":false,"excerpt":"La d\u00e9cision du Conseil d\u2019Etat en date du 16 d\u00e9cembre 2016 (n\u00b0391452) apporte des \u00e9l\u00e9ments tr\u00e8s importants concernant l\u2019opposabilit\u00e9 des r\u00e8gles d\u2019occupation des sols aux d\u00e9cisions autorisant l\u2019exploitation d\u2019une installation class\u00e9e pour la protection de l\u2019environnement (ICPE). Analyse de notre confr\u00e8re Arnaud Gossement. Source\u00a0: ICPE : le Conseil d'Etat pr\u00e9cise\u2026","rel":"","context":"Dans &quot;Am\u00e9nagement&quot;","block_context":{"text":"Am\u00e9nagement","link":"https:\/\/www.enviroscop.fr\/actu\/category\/amenagement\/"},"img":{"alt_text":"","src":"","width":0,"height":0},"classes":[]},{"id":234,"url":"https:\/\/www.enviroscop.fr\/actu\/2011\/06\/eoliennes-et-icpe-la-suite\/","url_meta":{"origin":52,"position":4},"title":"Eoliennes et ICPE, la suite","author":"Enviroscop","date":"23 juin 2011","format":false,"excerpt":"Vous trouverez,sur le site d'Arnaud Gossement, la derni??re version des textes pour le classement ICPE des ??oliennes. Ils ont beaucoup chang??, notamment par supression des ??l??ments concernant les oiseaux et les haies... Bonne lecture !","rel":"","context":"Dans &quot;Eolien&quot;","block_context":{"text":"Eolien","link":"https:\/\/www.enviroscop.fr\/actu\/category\/energie\/renouvelable\/eolien\/"},"img":{"alt_text":"","src":"","width":0,"height":0},"classes":[]},{"id":183,"url":"https:\/\/www.enviroscop.fr\/actu\/2011\/03\/eoliennes-et-icpe-analyse-darnaud-gossement\/","url_meta":{"origin":52,"position":5},"title":"Eoliennes et ICPE, analyse d&rsquo;Arnaud Gossement","author":"Enviroscop","date":"24 mars 2011","format":false,"excerpt":"Nous vous conseillons la lecture de son article sur le classement des ??oliennes dans cette rubrique.","rel":"","context":"Dans &quot;Eolien&quot;","block_context":{"text":"Eolien","link":"https:\/\/www.enviroscop.fr\/actu\/category\/energie\/renouvelable\/eolien\/"},"img":{"alt_text":"","src":"","width":0,"height":0},"classes":[]}],"jetpack_sharing_enabled":true,"_links":{"self":[{"href":"https:\/\/www.enviroscop.fr\/actu\/wp-json\/wp\/v2\/posts\/52","targetHints":{"allow":["GET"]}}],"collection":[{"href":"https:\/\/www.enviroscop.fr\/actu\/wp-json\/wp\/v2\/posts"}],"about":[{"href":"https:\/\/www.enviroscop.fr\/actu\/wp-json\/wp\/v2\/types\/post"}],"author":[{"embeddable":true,"href":"https:\/\/www.enviroscop.fr\/actu\/wp-json\/wp\/v2\/users\/1"}],"replies":[{"embeddable":true,"href":"https:\/\/www.enviroscop.fr\/actu\/wp-json\/wp\/v2\/comments?post=52"}],"version-history":[{"count":0,"href":"https:\/\/www.enviroscop.fr\/actu\/wp-json\/wp\/v2\/posts\/52\/revisions"}],"wp:attachment":[{"href":"https:\/\/www.enviroscop.fr\/actu\/wp-json\/wp\/v2\/media?parent=52"}],"wp:term":[{"taxonomy":"category","embeddable":true,"href":"https:\/\/www.enviroscop.fr\/actu\/wp-json\/wp\/v2\/categories?post=52"},{"taxonomy":"post_tag","embeddable":true,"href":"https:\/\/www.enviroscop.fr\/actu\/wp-json\/wp\/v2\/tags?post=52"}],"curies":[{"name":"wp","href":"https:\/\/api.w.org\/{rel}","templated":true}]}}