{"id":5245,"date":"2023-06-01T08:38:01","date_gmt":"2023-06-01T07:38:01","guid":{"rendered":"https:\/\/www.enviroscop.fr\/actu\/?p=5245"},"modified":"2023-06-01T08:38:01","modified_gmt":"2023-06-01T07:38:01","slug":"projet-de-decret-definissant-les-modalites-dexercice-du-droit-de-preemption-dans-les-espaces-naturels-sensibles-a-linterieur-des-zones-mentionnees-a-larticle-l-215-4-1-du-c","status":"publish","type":"post","link":"https:\/\/www.enviroscop.fr\/actu\/2023\/06\/projet-de-decret-definissant-les-modalites-dexercice-du-droit-de-preemption-dans-les-espaces-naturels-sensibles-a-linterieur-des-zones-mentionnees-a-larticle-l-215-4-1-du-c\/","title":{"rendered":"Projet de d\u00e9cret d\u00e9finissant les modalit\u00e9s d\u2019exercice du droit de pr\u00e9emption dans les espaces naturels sensibles \u00e0 l\u2019int\u00e9rieur des zones mentionn\u00e9es \u00e0 l\u2019article L. 215-4-1 du code de l\u2019urbanisme"},"content":{"rendered":"<div class=\"chapo-article fr-mt-4w fr-pt-3w\">\n<p class=\"fr-text--lead\"><img data-recalc-dims=\"1\" loading=\"lazy\" decoding=\"async\" data-attachment-id=\"4319\" data-permalink=\"https:\/\/www.enviroscop.fr\/actu\/2021\/06\/le-plan-pollinisateurs-mis-en-consultation-publique\/capture-decran-2021-06-30-082126\/\" data-orig-file=\"https:\/\/i0.wp.com\/www.enviroscop.fr\/actu\/wp-content\/uploads\/2021\/06\/Capture-decran-2021-06-30-082126.jpg?fit=909%2C911&amp;ssl=1\" data-orig-size=\"909,911\" data-comments-opened=\"1\" data-image-meta=\"{&quot;aperture&quot;:&quot;0&quot;,&quot;credit&quot;:&quot;&quot;,&quot;camera&quot;:&quot;&quot;,&quot;caption&quot;:&quot;&quot;,&quot;created_timestamp&quot;:&quot;0&quot;,&quot;copyright&quot;:&quot;&quot;,&quot;focal_length&quot;:&quot;0&quot;,&quot;iso&quot;:&quot;0&quot;,&quot;shutter_speed&quot;:&quot;0&quot;,&quot;title&quot;:&quot;&quot;,&quot;orientation&quot;:&quot;0&quot;}\" data-image-title=\"Capture d\u2019\u00e9cran 2021-06-30 082126\" data-image-description=\"\" data-image-caption=\"\" data-large-file=\"https:\/\/i0.wp.com\/www.enviroscop.fr\/actu\/wp-content\/uploads\/2021\/06\/Capture-decran-2021-06-30-082126.jpg?fit=750%2C752&amp;ssl=1\" class=\"alignleft  wp-image-4319\" src=\"https:\/\/i0.wp.com\/www.enviroscop.fr\/actu\/wp-content\/uploads\/2021\/06\/Capture-decran-2021-06-30-082126.jpg?resize=266%2C267&#038;ssl=1\" alt=\"\" width=\"266\" height=\"267\" srcset=\"https:\/\/i0.wp.com\/www.enviroscop.fr\/actu\/wp-content\/uploads\/2021\/06\/Capture-decran-2021-06-30-082126.jpg?w=909&amp;ssl=1 909w, https:\/\/i0.wp.com\/www.enviroscop.fr\/actu\/wp-content\/uploads\/2021\/06\/Capture-decran-2021-06-30-082126.jpg?resize=300%2C300&amp;ssl=1 300w, https:\/\/i0.wp.com\/www.enviroscop.fr\/actu\/wp-content\/uploads\/2021\/06\/Capture-decran-2021-06-30-082126.jpg?resize=150%2C150&amp;ssl=1 150w, https:\/\/i0.wp.com\/www.enviroscop.fr\/actu\/wp-content\/uploads\/2021\/06\/Capture-decran-2021-06-30-082126.jpg?resize=768%2C770&amp;ssl=1 768w, https:\/\/i0.wp.com\/www.enviroscop.fr\/actu\/wp-content\/uploads\/2021\/06\/Capture-decran-2021-06-30-082126.jpg?resize=750%2C752&amp;ssl=1 750w, https:\/\/i0.wp.com\/www.enviroscop.fr\/actu\/wp-content\/uploads\/2021\/06\/Capture-decran-2021-06-30-082126.jpg?resize=50%2C50&amp;ssl=1 50w\" sizes=\"auto, (max-width: 266px) 100vw, 266px\" \/>Le l\u00e9gislateur a r\u00e9introduit la possibilit\u00e9 pour les titulaires du droit de pr\u00e9emption dans les espaces naturels sensibles de faire usage de ce droit dans les zones de pr\u00e9emption situ\u00e9es au sein anciens p\u00e9rim\u00e8tres sensibles institu\u00e9s par l\u2019Etat avant la cr\u00e9ation de la comp\u00e9tence des d\u00e9partements en mati\u00e8re d\u2019espaces naturels sensibles par la loi n\u00b0\u00a085-729 du 18 juillet 1985 relative \u00e0 la d\u00e9finition et \u00e0 la mise en \u0153uvre de principes d\u2019am\u00e9nagement. L\u2019article L. 215-4-1 issu de la loi \u00ab\u00a0Climat et r\u00e9silience\u00a0\u00bb pr\u00e9voit la possibilit\u00e9 pour les collectivit\u00e9s de faire usage du droit de pr\u00e9emption pr\u00e9vu \u00e0 l\u2019article L. 215-4 \u00e0 l\u2019int\u00e9rieur des zones fix\u00e9es par l\u2019autorit\u00e9 administrative en application de l\u2019article L. 142-1, dans sa r\u00e9daction ant\u00e9rieure \u00e0 la loi n\u00b0\u00a085-729 du 18 juillet 1985 dits \u00ab\u00a0p\u00e9rim\u00e8tres sensibles\u00a0\u00bb, qui n\u2019ont pas \u00e9t\u00e9 int\u00e9gr\u00e9es dans les zones de pr\u00e9emption pouvant \u00eatre institu\u00e9es par d\u00e9lib\u00e9ration du conseil d\u00e9partemental au titre des espaces naturels sensibles. Le pr\u00e9sent projet de d\u00e9cret pr\u00e9voit que la mise en \u0153uvre de droit de pr\u00e9emption dans les zones de pr\u00e9emption des anciens \u00ab\u00a0p\u00e9rim\u00e8tres sensibles\u00a0\u00bb institu\u00e9s par l\u2019Etat avant 1985, s\u2019exerce dans les m\u00eames conditions que le droit de pr\u00e9emption pr\u00e9vu \u00e0 l\u2019article L. 215-4 du code de l\u2019urbanisme.<\/p>\n<\/div>\n<div class=\"date-article fr-mt-4w fr-pt-3w\">\n<div class=\"dateart\"><a href=\"https:\/\/www.consultations-publiques.developpement-durable.gouv.fr\/projet-de-decret-definissant-les-modalites-d-a2847.html\" target=\"_blank\" rel=\"noopener\">Consultation du 16\/05\/2023 au 06\/06\/2023<\/a><\/div>\n<\/div>\n","protected":false},"excerpt":{"rendered":"<p>Le l\u00e9gislateur a r\u00e9introduit la possibilit\u00e9 pour les titulaires du droit de pr\u00e9emption dans les espaces naturels sensibles de faire usage de ce droit dans les zones de pr\u00e9emption situ\u00e9es au sein anciens p\u00e9rim\u00e8tres sensibles institu\u00e9s par l\u2019Etat avant la cr\u00e9ation de la comp\u00e9tence des d\u00e9partements en mati\u00e8re d\u2019espaces naturels sensibles par la loi n\u00b0\u00a085-729 &hellip; <\/p>\n<p><a class=\"more-link btn\" href=\"https:\/\/www.enviroscop.fr\/actu\/2023\/06\/projet-de-decret-definissant-les-modalites-dexercice-du-droit-de-preemption-dans-les-espaces-naturels-sensibles-a-linterieur-des-zones-mentionnees-a-larticle-l-215-4-1-du-c\/\">Lire la suite<\/a><\/p>\n","protected":false},"author":1,"featured_media":0,"comment_status":"open","ping_status":"open","sticky":false,"template":"","format":"standard","meta":{"jetpack_post_was_ever_published":false,"_jetpack_newsletter_access":"","_jetpack_dont_email_post_to_subs":false,"_jetpack_newsletter_tier_id":0,"_jetpack_memberships_contains_paywalled_content":false,"_jetpack_memberships_contains_paid_content":false,"footnotes":"","jetpack_publicize_message":"","jetpack_publicize_feature_enabled":true,"jetpack_social_post_already_shared":true,"jetpack_social_options":{"image_generator_settings":{"template":"highway","default_image_id":0,"font":"","enabled":false},"version":2}},"categories":[5,11,135,35,67,57],"tags":[],"class_list":["post-5245","post","type-post","status-publish","format-standard","hentry","category-amenagement","category-biodiversite","category-decret","category-juridique","category-nature","category-urbanisme","item-wrap"],"jetpack_publicize_connections":[],"jetpack_featured_media_url":"","jetpack_shortlink":"https:\/\/wp.me\/p3rXAp-1mB","jetpack_likes_enabled":true,"jetpack-related-posts":[{"id":4941,"url":"https:\/\/www.enviroscop.fr\/actu\/2022\/09\/decret-n-2022-1223-du-10-septembre-2022-relatif-au-droit-de-preemption-pour-la-preservation-des-ressources-en-eau-destinees-a-la-consommation-humaine\/","url_meta":{"origin":5245,"position":0},"title":"D\u00e9cret n\u00b0 2022-1223 du 10 septembre 2022 relatif au droit de pr\u00e9emption pour la pr\u00e9servation des ressources en eau destin\u00e9es \u00e0 la consommation humaine","author":"Enviroscop","date":"12 septembre 2022","format":false,"excerpt":"Publics concern\u00e9s : services d\u00e9concentr\u00e9s de l'Etat, collectivit\u00e9s. Objet : application des dispositions l\u00e9gislatives du chapitre VIII du titre I du livre II du code de l'urbanisme relatif au droit de pr\u00e9emption pour la pr\u00e9servation des ressources en eau destin\u00e9es \u00e0 la consommation humaine. Entr\u00e9e en vigueur : le texte\u2026","rel":"","context":"Dans &quot;Am\u00e9nagement&quot;","block_context":{"text":"Am\u00e9nagement","link":"https:\/\/www.enviroscop.fr\/actu\/category\/amenagement\/"},"img":{"alt_text":"L'eau du robinet Courir Photo stock libre - Public Domain Pictures","src":"https:\/\/i0.wp.com\/www.publicdomainpictures.net\/pictures\/200000\/nahled\/tap-running-water.jpg?resize=350%2C200&ssl=1","width":350,"height":200},"classes":[]},{"id":5371,"url":"https:\/\/www.enviroscop.fr\/actu\/2023\/10\/lutte-contre-lartificialisation-des-sols-la-definition-de-la-friche-en-consultation\/","url_meta":{"origin":5245,"position":1},"title":"Lutte contre l\u2019artificialisation des sols : la d\u00e9finition de la friche en consultation","author":"Enviroscop","date":"27 octobre 2023","format":false,"excerpt":"Au carrefour des enjeux de lutte contre l\u2019artificialisation des sols, de revitalisation urbaine et de r\u00e9industrialisation, les friches sont un objet de moins en moins non identifi\u00e9. Un d\u00e9cret d\u2019application de la loi Climat et R\u00e9silience, soumis \u00e0 consultation jusqu\u2019au 15 novembre, vient pr\u00e9ciser les deux crit\u00e8res cumulatifs introduits \u00e0\u2026","rel":"","context":"Dans &quot;Activit\u00e9&quot;","block_context":{"text":"Activit\u00e9","link":"https:\/\/www.enviroscop.fr\/actu\/category\/activite\/"},"img":{"alt_text":"friche industrielle ","src":"https:\/\/i0.wp.com\/www.banquedesterritoires.fr\/sites\/default\/files\/styles\/landscape_auto_crop\/public\/2023-10\/AdobeStock_200363.jpeg.jpg?resize=350%2C200&ssl=1","width":350,"height":200,"srcset":"https:\/\/i0.wp.com\/www.banquedesterritoires.fr\/sites\/default\/files\/styles\/landscape_auto_crop\/public\/2023-10\/AdobeStock_200363.jpeg.jpg?resize=350%2C200&ssl=1 1x, https:\/\/i0.wp.com\/www.banquedesterritoires.fr\/sites\/default\/files\/styles\/landscape_auto_crop\/public\/2023-10\/AdobeStock_200363.jpeg.jpg?resize=525%2C300&ssl=1 1.5x, https:\/\/i0.wp.com\/www.banquedesterritoires.fr\/sites\/default\/files\/styles\/landscape_auto_crop\/public\/2023-10\/AdobeStock_200363.jpeg.jpg?resize=700%2C400&ssl=1 2x"},"classes":[]},{"id":3213,"url":"https:\/\/www.enviroscop.fr\/actu\/2018\/12\/decret-n-2018-1180-du-19-decembre-2018-relatif-a-la-protection-des-biotopes-et-des-habitats-naturels\/","url_meta":{"origin":5245,"position":2},"title":"D\u00e9cret n\u00b0 2018-1180 du 19 d\u00e9cembre 2018 relatif \u00e0 la protection des biotopes et des habitats naturels","author":"Enviroscop","date":"21 d\u00e9cembre 2018","format":false,"excerpt":"Parmi les outils de pr\u00e9servation du patrimoine naturel, les arr\u00eat\u00e9s pr\u00e9fectoraux de protection de biotopes d\u00e9j\u00e0 en vigueur visent les milieux de vie des esp\u00e8ces prot\u00e9g\u00e9es. Ce d\u00e9cret, pris en application des articles\u00a0L. 411-1\u00a0et\u00a0L. 411-2\u00a0du code de l'environnement, issus de l'article 124 de la loi n\u00b0 2010-788 du 12 juillet\u2026","rel":"","context":"Dans &quot;biodiversit\u00e9&quot;","block_context":{"text":"biodiversit\u00e9","link":"https:\/\/www.enviroscop.fr\/actu\/category\/nature\/biodiversite\/"},"img":{"alt_text":"","src":"","width":0,"height":0},"classes":[]},{"id":5387,"url":"https:\/\/www.enviroscop.fr\/actu\/2023\/11\/decret-n-2023-1096-du-27-novembre-2023-relatif-a-levaluation-et-au-suivi-de-lartificialisation-des-sols\/","url_meta":{"origin":5245,"position":3},"title":"D\u00e9cret n\u00b0 2023-1096 du 27 novembre 2023 relatif \u00e0 l&rsquo;\u00e9valuation et au suivi de l&rsquo;artificialisation des sols","author":"Enviroscop","date":"28 novembre 2023","format":false,"excerpt":"Publics concern\u00e9s : Etat, collectivit\u00e9s territoriales et leurs groupements, leurs \u00e9tablissements publics Objet : conditions d'application de l'article L. 101-2-1 du code de l'urbanisme\u00a0et de l'article L. 2231-1 du code g\u00e9n\u00e9ral des collectivit\u00e9s territoriales Entr\u00e9e en vigueur : le texte entre en vigueur le lendemain de sa publication. Notice :\u2026","rel":"","context":"Dans &quot;Agriculture&quot;","block_context":{"text":"Agriculture","link":"https:\/\/www.enviroscop.fr\/actu\/category\/activite\/agriculture\/"},"img":{"alt_text":"","src":"https:\/\/i0.wp.com\/www.enviroscop.fr\/actu\/wp-content\/uploads\/2013\/05\/17141_une.jpg?resize=350%2C200&ssl=1","width":350,"height":200},"classes":[]},{"id":4882,"url":"https:\/\/www.enviroscop.fr\/actu\/2022\/08\/projet-de-decret-relatif-aux-modalites-doctroi-de-lautorisation-dexploitation-commerciale-pour-les-projets-engendrant-une-artificialisation-des-sols\/","url_meta":{"origin":5245,"position":4},"title":"Projet de d\u00e9cret relatif aux modalit\u00e9s d\u2019octroi de l\u2019autorisation d\u2019exploitation commerciale pour les projets engendrant une artificialisation des sols","author":"Enviroscop","date":"9 ao\u00fbt 2022","format":false,"excerpt":"La loi n\u00b0\u00a02021-1104 du 22 ao\u00fbt 2021 dite \u00ab\u00a0loi climat et r\u00e9silience\u00a0\u00bb d\u00e9finit le principe d\u2019une interdiction des projets commerciaux soumis \u00e0 autorisation d\u2019exploitation commerciale qui artificialiseraient des sols. L\u2019article 215 qui fixe ce principe g\u00e9n\u00e9ral d\u00e9finit \u00e9galement des crit\u00e8res de d\u00e9rogation \u00e0 cette interdiction.Le pr\u00e9sent d\u00e9cret pr\u00e9cise principalement\u00a0: \u00a0\u2026","rel":"","context":"Dans &quot;Agriculture&quot;","block_context":{"text":"Agriculture","link":"https:\/\/www.enviroscop.fr\/actu\/category\/activite\/agriculture\/"},"img":{"alt_text":"","src":"https:\/\/i0.wp.com\/www.enviroscop.fr\/actu\/wp-content\/uploads\/2013\/05\/17141_une.jpg?resize=350%2C200","width":350,"height":200},"classes":[]},{"id":2751,"url":"https:\/\/www.enviroscop.fr\/actu\/2017\/03\/decret-n-2017-264-du-28-fevrier-2017-relatif-a-lagrement-des-sites-naturels-de-compensation-legifrance\/","url_meta":{"origin":5245,"position":5},"title":"D\u00e9cret n\u00b0 2017-264 du 28 f\u00e9vrier 2017 relatif \u00e0 l&rsquo;agr\u00e9ment des sites naturels de compensation | Legifrance","author":"Enviroscop","date":"2 mars 2017","format":false,"excerpt":"Publics concern\u00e9s : toute personne morale publique ou priv\u00e9e susceptible de proposer ses services pour la mise en place de sites naturels de compensation ; tout ma\u00eetre d'ouvrage susceptible d'avoir recours \u00e0 de tels sites naturels de compensation pour mettre en \u0153uvre ses obligations de compensation \u00e9cologique. Objet : agr\u00e9ment\u2026","rel":"","context":"Dans &quot;Enviroscop&quot;","block_context":{"text":"Enviroscop","link":"https:\/\/www.enviroscop.fr\/actu\/category\/non-classe\/"},"img":{"alt_text":"","src":"","width":0,"height":0},"classes":[]}],"jetpack_sharing_enabled":true,"_links":{"self":[{"href":"https:\/\/www.enviroscop.fr\/actu\/wp-json\/wp\/v2\/posts\/5245","targetHints":{"allow":["GET"]}}],"collection":[{"href":"https:\/\/www.enviroscop.fr\/actu\/wp-json\/wp\/v2\/posts"}],"about":[{"href":"https:\/\/www.enviroscop.fr\/actu\/wp-json\/wp\/v2\/types\/post"}],"author":[{"embeddable":true,"href":"https:\/\/www.enviroscop.fr\/actu\/wp-json\/wp\/v2\/users\/1"}],"replies":[{"embeddable":true,"href":"https:\/\/www.enviroscop.fr\/actu\/wp-json\/wp\/v2\/comments?post=5245"}],"version-history":[{"count":1,"href":"https:\/\/www.enviroscop.fr\/actu\/wp-json\/wp\/v2\/posts\/5245\/revisions"}],"predecessor-version":[{"id":5246,"href":"https:\/\/www.enviroscop.fr\/actu\/wp-json\/wp\/v2\/posts\/5245\/revisions\/5246"}],"wp:attachment":[{"href":"https:\/\/www.enviroscop.fr\/actu\/wp-json\/wp\/v2\/media?parent=5245"}],"wp:term":[{"taxonomy":"category","embeddable":true,"href":"https:\/\/www.enviroscop.fr\/actu\/wp-json\/wp\/v2\/categories?post=5245"},{"taxonomy":"post_tag","embeddable":true,"href":"https:\/\/www.enviroscop.fr\/actu\/wp-json\/wp\/v2\/tags?post=5245"}],"curies":[{"name":"wp","href":"https:\/\/api.w.org\/{rel}","templated":true}]}}