{"id":5247,"date":"2023-06-05T06:00:21","date_gmt":"2023-06-05T05:00:21","guid":{"rendered":"https:\/\/www.enviroscop.fr\/actu\/?p=5247"},"modified":"2023-06-05T06:00:21","modified_gmt":"2023-06-05T05:00:21","slug":"projet-darrete-modifiant-larrete-du-26-aout-2011-relatif-aux-installations-de-production-delectricite-utilisant-lenergie-mecanique-du-vent","status":"publish","type":"post","link":"https:\/\/www.enviroscop.fr\/actu\/2023\/06\/projet-darrete-modifiant-larrete-du-26-aout-2011-relatif-aux-installations-de-production-delectricite-utilisant-lenergie-mecanique-du-vent\/","title":{"rendered":"Projet d\u2019arr\u00eat\u00e9 modifiant l\u2019arr\u00eat\u00e9 du 26 ao\u00fbt 2011 relatif aux installations de production d\u2019\u00e9lectricit\u00e9 utilisant l\u2019\u00e9nergie m\u00e9canique du vent"},"content":{"rendered":"<p class=\"titre-article fr-display-xs fr-mb-3w\"><img data-recalc-dims=\"1\" loading=\"lazy\" decoding=\"async\" data-attachment-id=\"1002\" data-permalink=\"https:\/\/www.enviroscop.fr\/actu\/2013\/05\/arrete-du-2-mai-2013\/17141_une\/\" data-orig-file=\"https:\/\/i0.wp.com\/www.enviroscop.fr\/actu\/wp-content\/uploads\/2013\/05\/17141_une.jpg?fit=436%2C222&amp;ssl=1\" data-orig-size=\"436,222\" data-comments-opened=\"1\" data-image-meta=\"{&quot;aperture&quot;:&quot;0&quot;,&quot;credit&quot;:&quot;Picasa&quot;,&quot;camera&quot;:&quot;&quot;,&quot;caption&quot;:&quot;&quot;,&quot;created_timestamp&quot;:&quot;&quot;,&quot;copyright&quot;:&quot;&quot;,&quot;focal_length&quot;:&quot;0&quot;,&quot;iso&quot;:&quot;0&quot;,&quot;shutter_speed&quot;:&quot;0&quot;,&quot;title&quot;:&quot;&quot;}\" data-image-title=\"17141_une\" data-image-description=\"\" data-image-caption=\"\" data-large-file=\"https:\/\/i0.wp.com\/www.enviroscop.fr\/actu\/wp-content\/uploads\/2013\/05\/17141_une.jpg?fit=436%2C222&amp;ssl=1\" class=\"alignleft size-full wp-image-1002\" src=\"https:\/\/i0.wp.com\/www.enviroscop.fr\/actu\/wp-content\/uploads\/2013\/05\/17141_une.jpg?resize=436%2C222&#038;ssl=1\" alt=\"\" width=\"436\" height=\"222\" srcset=\"https:\/\/i0.wp.com\/www.enviroscop.fr\/actu\/wp-content\/uploads\/2013\/05\/17141_une.jpg?w=436&amp;ssl=1 436w, https:\/\/i0.wp.com\/www.enviroscop.fr\/actu\/wp-content\/uploads\/2013\/05\/17141_une.jpg?resize=300%2C152&amp;ssl=1 300w\" sizes=\"auto, (max-width: 436px) 100vw, 436px\" \/>Projet d\u2019arr\u00eat\u00e9 modifiant l\u2019arr\u00eat\u00e9 du 26 ao\u00fbt 2011 relatif aux installations de production d\u2019\u00e9lectricit\u00e9 utilisant l\u2019\u00e9nergie m\u00e9canique du vent au sein d\u2019une installation soumise \u00e0 autorisation au titre de la rubrique 2980 de la l\u00e9gislation des installations class\u00e9es pour la protection de l\u2019environnement<\/p>\n<div class=\"date-article fr-mt-4w fr-pt-3w\">\n<div class=\"dateart\">Consultation du 24\/05\/2023 au 13\/06\/2023 &#8211; aucune contribution<\/div>\n<p>&nbsp;<\/p>\n<\/div>\n<div class=\"texte-article fr-text fr-mt-8w fr-mb-3w\">\n<p>Cette consultation publique est r\u00e9alis\u00e9e en application de l\u2019article L. 123-19-1 du code de l\u2019environnement pour la mise en \u0153uvre du principe de participation du public aux d\u00e9cisions publiques ayant une incidence sur l\u2019environnement pr\u00e9vu \u00e0 l\u2019article 7 de la Charte de l\u2019environnement.<\/p>\n<p>Le projet de texte qui sera soumis aux Conseil sup\u00e9rieur de la pr\u00e9vention des risques technologiques (CSPRT) et Conseil sup\u00e9rieur de l\u2019\u00e9nergie (CSE) est disponible.<\/p>\n<p>Vous pouvez consulter ce projet de texte et faire part de vos observations, via le lien en bas de page \u00ab\u00a0D\u00e9poser votre commentaire\u00a0\u00bb, du 24 mai 2023 jusqu\u2019au 13 juin 2023 inclus.<\/p>\n<p>&nbsp;<\/p>\n<h2 id=\"Contexte-et-objectifs\" class=\"spip\">Contexte et objectifs\u00a0:<\/h2>\n<p><br class=\"autobr\" \/>La loi relative \u00e0 l\u2019acc\u00e9l\u00e9ration de la production d\u2019\u00e9nergies renouvelables, adopt\u00e9e par le Parlement le 7 f\u00e9vrier 2023, comporte des dispositions relatives aux \u00e9oliennes terrestres.<\/p>\n<p>En particulier, cette loi introduit, par son article 67, \u00e0 l\u2019article L. 515-45-1 du code de l\u2019environnement, des dispositions visant \u00e0 permettre la mise en place par un porteur de projet \u00e9olien d\u2019un radar visant \u00e0 compenser la g\u00eane sur un autre radar (arm\u00e9es, aviation civile, m\u00e9t\u00e9o) r\u00e9sultant de l\u2019installation d\u2019un parc \u00e9olien.<\/p>\n<p>Pour le cas particulier des radars m\u00e9t\u00e9orologiques, afin de rendre cette disposition applicable, il est n\u00e9cessaire de modifier l\u2019article 4-1 de l\u2019arr\u00eat\u00e9 minist\u00e9riel du 26 ao\u00fbt 2011 modifi\u00e9 encadrant les parcs \u00e9oliens terrestres soumis \u00e0 autorisation.<br class=\"autobr\" \/>\u2003<br class=\"autobr\" \/>D\u2019autre part, dans le cadre des d\u00e9bats parlementaires, la ministre de la transition \u00e9nerg\u00e9tique s\u2019est engag\u00e9e, en compl\u00e9ment de ces dispositions, \u00e0 r\u00e9\u00e9valuer \u00e0 la hausse la part fixe des garanties financi\u00e8res \u00e0 constituer par a\u00e9rog\u00e9n\u00e9rateur, de 50 000 \u00e0 75 000 euros.<\/p>\n<p>Le projet d\u2019arr\u00eat\u00e9 soumis \u00e0 la pr\u00e9sente consultation a pour objet de mettre en \u0153uvre ces deux \u00e9volutions.<\/p>\n<\/div>\n<p>Pour lire cette proposition et faire vos remarques, <a href=\"https:\/\/www.consultations-publiques.developpement-durable.gouv.fr\/projet-d-arrete-modifiant-l-arrete-du-26-aout-2011-a2851.html\" target=\"_blank\" rel=\"noopener\">c&rsquo;est sur le site de la consultation publique<\/a><\/p>\n<p>Pour lire l&rsquo;analyse de notre confr\u00e8re <a href=\"https:\/\/blog.gossement-avocats.com\/eolien-consultation-publique-sur-le-projet-d-arrete\" target=\"_blank\" rel=\"noopener\">Arnaud Gossement, c&rsquo;est sur son site<\/a><\/p>\n","protected":false},"excerpt":{"rendered":"<p>Projet d\u2019arr\u00eat\u00e9 modifiant l\u2019arr\u00eat\u00e9 du 26 ao\u00fbt 2011 relatif aux installations de production d\u2019\u00e9lectricit\u00e9 utilisant l\u2019\u00e9nergie m\u00e9canique du vent au sein d\u2019une installation soumise \u00e0 autorisation au titre de la rubrique 2980 de la l\u00e9gislation des installations class\u00e9es pour la protection de l\u2019environnement Consultation du 24\/05\/2023 au 13\/06\/2023 &#8211; aucune contribution &nbsp; Cette consultation publique &hellip; <\/p>\n<p><a class=\"more-link btn\" href=\"https:\/\/www.enviroscop.fr\/actu\/2023\/06\/projet-darrete-modifiant-larrete-du-26-aout-2011-relatif-aux-installations-de-production-delectricite-utilisant-lenergie-mecanique-du-vent\/\">Lire la suite<\/a><\/p>\n","protected":false},"author":1,"featured_media":0,"comment_status":"open","ping_status":"open","sticky":false,"template":"","format":"standard","meta":{"jetpack_post_was_ever_published":false,"_jetpack_newsletter_access":"","_jetpack_dont_email_post_to_subs":false,"_jetpack_newsletter_tier_id":0,"_jetpack_memberships_contains_paywalled_content":false,"_jetpack_memberships_contains_paid_content":false,"footnotes":"","jetpack_publicize_message":"","jetpack_publicize_feature_enabled":true,"jetpack_social_post_already_shared":true,"jetpack_social_options":{"image_generator_settings":{"template":"highway","default_image_id":0,"font":"","enabled":false},"version":2}},"categories":[181,71,22,7,8,132,82,35,37,125],"tags":[],"class_list":["post-5247","post","type-post","status-publish","format-standard","hentry","category-arnaud-gossement","category-arrete","category-economie","category-energie","category-eolien","category-impact","category-ingenierie","category-juridique","category-mesures","category-renouvelable","item-wrap"],"jetpack_publicize_connections":[],"jetpack_featured_media_url":"","jetpack_shortlink":"https:\/\/wp.me\/p3rXAp-1mD","jetpack_likes_enabled":true,"jetpack-related-posts":[{"id":2092,"url":"https:\/\/www.enviroscop.fr\/actu\/2014\/10\/consultation-publique-modification-des-prescriptions-generales-applicables-aux-eoliennes\/","url_meta":{"origin":5247,"position":0},"title":"Consultation publique : modification des prescriptions g\u00e9n\u00e9rales applicables aux \u00e9oliennes","author":"Enviroscop","date":"10 octobre 2014","format":false,"excerpt":"La pr\u00e9sente consultation concerne le projet d\u2019arr\u00eat\u00e9 modifiant l\u2019arr\u00eat\u00e9 du 26 ao\u00fbt 2011 relatif aux installations de production d\u2019\u00e9lectricit\u00e9 utilisant l\u2019\u00e9nergie m\u00e9canique du vent au sein d\u2019une installation soumise \u00e0 autorisation au titre de la rubrique 2980 de la l\u00e9gislation des installations class\u00e9es pour la protection de l\u2019environnement et l\u2019arr\u00eat\u00e9\u2026","rel":"","context":"Dans &quot;Eolien&quot;","block_context":{"text":"Eolien","link":"https:\/\/www.enviroscop.fr\/actu\/category\/energie\/renouvelable\/eolien\/"},"img":{"alt_text":"","src":"","width":0,"height":0},"classes":[]},{"id":2152,"url":"https:\/\/www.enviroscop.fr\/actu\/2014\/11\/eolien-arrete-du-6-novembre-2014\/","url_meta":{"origin":5247,"position":1},"title":"Eolien : Arr\u00eat\u00e9 du 6 novembre 2014","author":"Enviroscop","date":"25 novembre 2014","format":false,"excerpt":"Arr\u00eat\u00e9 du 6 novembre 2014 modifiant l'arr\u00eat\u00e9 du 26 ao\u00fbt 2011 relatif aux installations de production d'\u00e9lectricit\u00e9 utilisant l'\u00e9nergie m\u00e9canique du vent au sein d'une installation soumise \u00e0 autorisation au titre de la rubrique 2980 de la l\u00e9gislation des installations class\u00e9es pour la protection de l'environnement et l'arr\u00eat\u00e9 du 26\u2026","rel":"","context":"Dans &quot;Energie&quot;","block_context":{"text":"Energie","link":"https:\/\/www.enviroscop.fr\/actu\/category\/energie\/"},"img":{"alt_text":"","src":"","width":0,"height":0},"classes":[]},{"id":5285,"url":"https:\/\/www.enviroscop.fr\/actu\/2023\/07\/arrete-du-11-juillet-2023-modifiant-larrete-du-26-aout-2011-relatif-aux-installations-de-production-delectricite-utilisant-lenergie-mecanique-du-vent-au-sein-dune-installation-soumise-a-autori\/","url_meta":{"origin":5247,"position":2},"title":"Arr\u00eat\u00e9 du 11 juillet 2023 modifiant l&rsquo;arr\u00eat\u00e9 du 26 ao\u00fbt 2011 relatif aux installations de production d&rsquo;\u00e9lectricit\u00e9 utilisant l&rsquo;\u00e9nergie m\u00e9canique du vent au sein d&rsquo;une installation soumise \u00e0 autorisation au titre de la rubrique 2980 de la l\u00e9gislation des installations class\u00e9es pour la protection de l&rsquo;environnemen","author":"Enviroscop","date":"19 juillet 2023","format":false,"excerpt":"Publics concern\u00e9s : exploitants d'installations terrestres de production d'\u00e9lectricit\u00e9 utilisant l'\u00e9nergie m\u00e9canique du vent relevant du r\u00e9gime de l'autorisation. Objet : modification de l'arr\u00eat\u00e9 minist\u00e9riel du 26 ao\u00fbt 2011 relatif aux installations de production d'\u00e9lectricit\u00e9 utilisant l'\u00e9nergie m\u00e9canique du vent au sein d'une installation soumise \u00e0 autorisation au titre de\u2026","rel":"","context":"Dans &quot;Arr\u00eat\u00e9&quot;","block_context":{"text":"Arr\u00eat\u00e9","link":"https:\/\/www.enviroscop.fr\/actu\/category\/juridique\/arrete\/"},"img":{"alt_text":"","src":"https:\/\/i0.wp.com\/www.enviroscop.fr\/actu\/wp-content\/uploads\/2013\/05\/17141_une.jpg?resize=350%2C200&ssl=1","width":350,"height":200},"classes":[]},{"id":3793,"url":"https:\/\/www.enviroscop.fr\/actu\/2020\/06\/arretes-du-22-juin-2020\/","url_meta":{"origin":5247,"position":3},"title":"Arr\u00eat\u00e9s du 22 juin 2020","author":"Enviroscop","date":"30 juin 2020","format":false,"excerpt":"Arr\u00eat\u00e9 du\u00a022 juin 2020\u00a0modifiant l'arr\u00eat\u00e9 du 26 ao\u00fbt 2011 relatif aux installations de production d'\u00e9lectricit\u00e9 utilisant l'\u00e9nergie m\u00e9canique du vent au sein d'une installation soumise \u00e0 d\u00e9claration au titre de la rubrique 2980 de la l\u00e9gislation des installations class\u00e9es pour la protection de l'environnement Arr\u00eat\u00e9 du\u00a022 juin 2020\u00a0portant modification des\u2026","rel":"","context":"Dans &quot;Energie&quot;","block_context":{"text":"Energie","link":"https:\/\/www.enviroscop.fr\/actu\/category\/energie\/"},"img":{"alt_text":"","src":"https:\/\/i0.wp.com\/www.enviroscop.fr\/actu\/wp-content\/uploads\/2013\/03\/Graphique-1-300x163.png?resize=350%2C200","width":350,"height":200},"classes":[]},{"id":290,"url":"https:\/\/www.enviroscop.fr\/actu\/2011\/08\/eolien-et-icpe-les-arretes-ministeriels\/","url_meta":{"origin":5247,"position":4},"title":"Eolien et ICPE, les Arr\u00eat\u00e9s Minist\u00e9riels","author":"Enviroscop","date":"27 ao\u00fbt 2011","format":false,"excerpt":"Trois Arr??t??s sont parus fixant les modalit??s d'implantation, de surveillance et de d??mant??lement des installations class??es sous la rubrique 2980 : Arr??t??s du 26 ao??t 2011 relatif aux installations de production d?????lectricit?? utilisa...","rel":"","context":"Dans &quot;Eolien&quot;","block_context":{"text":"Eolien","link":"https:\/\/www.enviroscop.fr\/actu\/category\/energie\/renouvelable\/eolien\/"},"img":{"alt_text":"","src":"","width":0,"height":0},"classes":[]},{"id":3044,"url":"https:\/\/www.enviroscop.fr\/actu\/2018\/06\/arrete-du-6-juin-2018-modifiant-larrete-du-12-aout-2010-relatif-aux-prescriptions-generales-applicables-aux-installations-classees-de-methanisation-relevant-du-regime-de-lenregistrement-au\/","url_meta":{"origin":5247,"position":5},"title":"Arr\u00eat\u00e9 du\u00a06 juin 2018\u00a0modifiant l&rsquo;arr\u00eat\u00e9 du 12 ao\u00fbt 2010 relatif aux prescriptions g\u00e9n\u00e9rales applicables aux installations class\u00e9es de m\u00e9thanisation relevant du r\u00e9gime de l&rsquo;enregistrement au titre de la rubrique n\u00b0 2781-1 de la nomenclature des installations class\u00e9es pour la protection de l&rsquo;environnement\u00a0","author":"Enviroscop","date":"11 juin 2018","format":false,"excerpt":"Prescriptions applicables aux installations class\u00e9es pour la protection de l'environnement sous la rubrique n\u00b0 2781 relative \u00e0 la m\u00e9thanisation de d\u00e9chets non dangereux ou de mati\u00e8re v\u00e9g\u00e9tale brute. Entr\u00e9e en vigueur : le pr\u00e9sent arr\u00eat\u00e9 entre en vigueur le 1er juillet 2018 . Notice : le pr\u00e9sent arr\u00eat\u00e9 modifie les\u2026","rel":"","context":"Dans &quot;Arr\u00eat\u00e9&quot;","block_context":{"text":"Arr\u00eat\u00e9","link":"https:\/\/www.enviroscop.fr\/actu\/category\/juridique\/arrete\/"},"img":{"alt_text":"","src":"","width":0,"height":0},"classes":[]}],"jetpack_sharing_enabled":true,"_links":{"self":[{"href":"https:\/\/www.enviroscop.fr\/actu\/wp-json\/wp\/v2\/posts\/5247","targetHints":{"allow":["GET"]}}],"collection":[{"href":"https:\/\/www.enviroscop.fr\/actu\/wp-json\/wp\/v2\/posts"}],"about":[{"href":"https:\/\/www.enviroscop.fr\/actu\/wp-json\/wp\/v2\/types\/post"}],"author":[{"embeddable":true,"href":"https:\/\/www.enviroscop.fr\/actu\/wp-json\/wp\/v2\/users\/1"}],"replies":[{"embeddable":true,"href":"https:\/\/www.enviroscop.fr\/actu\/wp-json\/wp\/v2\/comments?post=5247"}],"version-history":[{"count":1,"href":"https:\/\/www.enviroscop.fr\/actu\/wp-json\/wp\/v2\/posts\/5247\/revisions"}],"predecessor-version":[{"id":5248,"href":"https:\/\/www.enviroscop.fr\/actu\/wp-json\/wp\/v2\/posts\/5247\/revisions\/5248"}],"wp:attachment":[{"href":"https:\/\/www.enviroscop.fr\/actu\/wp-json\/wp\/v2\/media?parent=5247"}],"wp:term":[{"taxonomy":"category","embeddable":true,"href":"https:\/\/www.enviroscop.fr\/actu\/wp-json\/wp\/v2\/categories?post=5247"},{"taxonomy":"post_tag","embeddable":true,"href":"https:\/\/www.enviroscop.fr\/actu\/wp-json\/wp\/v2\/tags?post=5247"}],"curies":[{"name":"wp","href":"https:\/\/api.w.org\/{rel}","templated":true}]}}