{"id":5249,"date":"2023-06-07T12:33:45","date_gmt":"2023-06-07T11:33:45","guid":{"rendered":"https:\/\/www.enviroscop.fr\/actu\/?p=5249"},"modified":"2023-06-07T12:33:45","modified_gmt":"2023-06-07T11:33:45","slug":"energies-renouvelables-lancement-dun-portail-cartographique","status":"publish","type":"post","link":"https:\/\/www.enviroscop.fr\/actu\/2023\/06\/energies-renouvelables-lancement-dun-portail-cartographique\/","title":{"rendered":"\u00c9nergies renouvelables : lancement d&rsquo;un portail cartographique"},"content":{"rendered":"<div class=\"lead__wrapper mb-4\">\n<h2 class=\"lead mb-3 mt-2\"><img data-recalc-dims=\"1\" loading=\"lazy\" decoding=\"async\" class=\"img-fluid image-style-landscape-auto-crop\" style=\"font-size: 16px;\" src=\"https:\/\/i0.wp.com\/www.banquedesterritoires.fr\/sites\/default\/files\/styles\/landscape_auto_crop\/public\/2023-06\/dfshhhhhhhhhhhhgssgdhsghsghsgghhtitre-1.jpg?resize=521%2C371&#038;ssl=1\" alt=\"Eoliennes\" width=\"521\" height=\"371\" \/><\/h2>\n<\/div>\n<div class=\"row\">\n<div class=\"col-md-8 mx-md-auto mb-5 mb-md-8\">\n<div class=\"field field--name-field-tra-media-image field--type-entity-reference\">\n<div class=\"media media--type-image media--view-mode-landscape  figure figure__wrapper \" tabindex=\"0\">\n<div class=\"image-copyright\" role=\"group\" aria-label=\"\u00a9\u00a9 Sandrine Prot\">\u00a9 Sandrine Prot<\/p>\n<p class=\"lead mb-3 mt-2\">Le minist\u00e8re de la Transition \u00e9nerg\u00e9tique, le Cerema et l\u2019Institut national de l\u2019information g\u00e9ographique et foresti\u00e8re (IGN) ont annonc\u00e9 ce 5 juin la mise en ligne d&rsquo;un portail cartographique qui aura notamment pour mission d\u2019accompagner les \u00e9lus locaux dans leur travail de planification des \u00e9nergies renouvelables sur leur territoire.<\/p>\n<\/div>\n<\/div>\n<\/div>\n<\/div>\n<\/div>\n<div class=\"spacer-b text-formatted\">\n<p>Le minist\u00e8re de la Transition \u00e9nerg\u00e9tique, le Cerema et l\u2019Institut national de l\u2019information g\u00e9ographique et foresti\u00e8re (IGN) ont annonc\u00e9 ce 5 juin le lancement d&rsquo;un nouveau\u00a0<a class=\"ext\" href=\"https:\/\/geoservices.ign.fr\/portail-cartographique-enr\" target=\"_blank\" rel=\"noopener\" data-extlink=\"\">portail cartographique<span class=\"sr-only\">(Lien sortant, nouvelle fen\u00eatre)<\/span><\/a>\u00a0consacr\u00e9 aux \u00e9nergies renouvelables. Gratuit et en open data, il est destin\u00e9 \u00e0 la fois aux \u00e9lus et au grand public pour\u00a0visualiser et analyser les divers enjeux des territoires \u00e0 prendre en compte dans le d\u00e9veloppement des \u00e9nergies renouvelables. Con\u00e7u comme un outil d&rsquo;aide \u00e0 la d\u00e9cision pour les collectivit\u00e9s, il doit notamment permettre aux communes d&rsquo;identifier les\u00a0zones potentiellement propices \u00e0 l\u2019implantation d\u2019\u00e9nergies renouvelables sur leur territoire, tel que pr\u00e9vu par\u00a0<a class=\"ext\" href=\"https:\/\/www.legifrance.gouv.fr\/jorf\/article_jo\/JORFARTI000047294266\" target=\"_blank\" rel=\"noopener\" data-extlink=\"\">l&rsquo;article 15 de la loi relative \u00e0 l&rsquo;acc\u00e9l\u00e9ration de la production d&rsquo;\u00e9nergies renouvelables<span class=\"sr-only\">(Lien sortant, nouvelle fen\u00eatre)<\/span><\/a>.<\/p>\n<p>Le portail fournit des informations sur les capacit\u00e9s de production des territoires, mais aussi sur les enjeux pour le d\u00e9veloppement des diff\u00e9rentes \u00e9nergies renouvelables (capacit\u00e9 d\u2019accueil dans le r\u00e9seau, contraintes r\u00e9glementaires\u2026). Disponible en version b\u00eata, il sera compl\u00e9t\u00e9 par de nouveaux jeux de donn\u00e9es dans les prochains mois. Des outils d\u2019accompagnement seront \u00e9galement mis en ligne (tutoriels, vid\u00e9os\u2026).<\/p>\n<p>Par ailleurs, dans chaque d\u00e9partement, un r\u00e9f\u00e9rent pr\u00e9fectoral sera nomm\u00e9 par le pr\u00e9fet de d\u00e9partement \u00e0 l\u2019instruction des projets d\u2019\u00e9nergies renouvelables, indique le minist\u00e8re de la Transition \u00e9nerg\u00e9tique. Ce r\u00e9f\u00e9rent aura notamment pour mission d\u2019accompagner les \u00e9lus locaux dans leur travail de planification. Les directions d\u00e9partementales des territoires (DDT) et les directions r\u00e9gionales de l\u2019environnement, de l\u2019am\u00e9nagement et du logement (DREAL) l\u2019appuieront dans cette t\u00e2che et nommeront chacune en leur sein un r\u00e9f\u00e9rent \u00ab\u00a0\u00e9nergie renouvelable\u00a0\u00bb.<\/p>\n<\/div>\n<p>L&rsquo;article original sur <a href=\"https:\/\/www.banquedesterritoires.fr\/energies-renouvelables-lancement-dun-portail-cartographique\" target=\"_blank\" rel=\"noopener\">le site de la Banque des Territoires<\/a><\/p>\n","protected":false},"excerpt":{"rendered":"<p>\u00a9 Sandrine Prot Le minist\u00e8re de la Transition \u00e9nerg\u00e9tique, le Cerema et l\u2019Institut national de l\u2019information g\u00e9ographique et foresti\u00e8re (IGN) ont annonc\u00e9 ce 5 juin la mise en ligne d&rsquo;un portail cartographique qui aura notamment pour mission d\u2019accompagner les \u00e9lus locaux dans leur travail de planification des \u00e9nergies renouvelables sur leur territoire. Le minist\u00e8re de &hellip; <\/p>\n<p><a class=\"more-link btn\" href=\"https:\/\/www.enviroscop.fr\/actu\/2023\/06\/energies-renouvelables-lancement-dun-portail-cartographique\/\">Lire la suite<\/a><\/p>\n","protected":false},"author":1,"featured_media":0,"comment_status":"open","ping_status":"open","sticky":false,"template":"","format":"standard","meta":{"jetpack_post_was_ever_published":false,"_jetpack_newsletter_access":"","_jetpack_dont_email_post_to_subs":false,"_jetpack_newsletter_tier_id":0,"_jetpack_memberships_contains_paywalled_content":false,"_jetpack_memberships_contains_paid_content":false,"footnotes":"","jetpack_publicize_message":"","jetpack_publicize_feature_enabled":true,"jetpack_social_post_already_shared":true,"jetpack_social_options":{"image_generator_settings":{"template":"highway","default_image_id":0,"font":"","enabled":false},"version":2}},"categories":[127,12,15,22,7,8,148,72,95,43,125],"tags":[],"class_list":["post-5249","post","type-post","status-publish","format-standard","hentry","category-banque-des-territoires","category-biomasse","category-climat","category-economie","category-energie","category-eolien","category-hydraulique","category-marine","category-methanisation","category-photovoltaique","category-renouvelable","item-wrap"],"jetpack_publicize_connections":[],"jetpack_featured_media_url":"","jetpack_shortlink":"https:\/\/wp.me\/p3rXAp-1mF","jetpack_likes_enabled":true,"jetpack-related-posts":[{"id":3767,"url":"https:\/\/www.enviroscop.fr\/actu\/2020\/06\/observatoire-de-lartificialisation-du-sol\/","url_meta":{"origin":5249,"position":0},"title":"Observatoire de l&rsquo;artificialisation du sol","author":"Enviroscop","date":"4 juin 2020","format":false,"excerpt":"Pour nous aider \u00e0 comprendre ce ph\u00e9nom\u00e8ne et mieux prendre conscience de ces enjeux qui nous concerne tous, l'Etat met \u00e0 disposition un observatoire. Cet outil de mesure permet de constater l'\u00e9volution de l'artificialisation des sols \u00e0 l'\u00e9chelle de chaque commune. Il donne les moyens aux territoires et aux citoyens\u2026","rel":"","context":"Dans &quot;Evaluation&quot;","block_context":{"text":"Evaluation","link":"https:\/\/www.enviroscop.fr\/actu\/category\/evaluation\/"},"img":{"alt_text":"","src":"https:\/\/i0.wp.com\/www.enviroscop.fr\/actu\/wp-content\/uploads\/2020\/06\/Annotation-2020-06-04-133534-300x157.png?resize=350%2C200","width":350,"height":200},"classes":[]},{"id":1545,"url":"https:\/\/www.enviroscop.fr\/actu\/2013\/10\/le-journal-des-energies-renouvelables-le-soleil-au-service-de-lhomme\/","url_meta":{"origin":5249,"position":1},"title":"Le journal des \u00e9nergies renouvelables : le soleil au service de l&rsquo;Homme","author":"Enviroscop","date":"24 octobre 2013","format":false,"excerpt":"En juin 1973 se tenait \u00e0 l\u2019Unesco le congr\u00e8s \u00ab\u00a0Le soleil au service de l\u2019homme\u00a0\u00bb. F\u00eat\u00e9 vingt ans plus tard par une autre manifestation \u00ab\u00a0Le soleil au service de l\u2019humanit\u00e9\u00a0\u00bb, il est \u00e0 nouveau honor\u00e9 le 3 octobre 2013, pour son quaranti\u00e8me anniversaire, sous le titre \u00ab\u00a0Les \u00e9nergies renouvelables au\u2026","rel":"","context":"Dans &quot;ADEME&quot;","block_context":{"text":"ADEME","link":"https:\/\/www.enviroscop.fr\/actu\/category\/source\/ademe\/"},"img":{"alt_text":"","src":"http:\/\/www2.ademe.fr\/servlet\/getImg?img=F22676072DB6D24CF4DDD452C01CE8FC_tomcatlocal1382517117244.png","width":350,"height":200},"classes":[]},{"id":5181,"url":"https:\/\/www.enviroscop.fr\/actu\/2023\/03\/le-conseil-constitutionnel-donne-son-feu-vert-a-la-loi-energies-renouvelables\/","url_meta":{"origin":5249,"position":2},"title":"Le Conseil constitutionnel donne son feu vert \u00e0 la loi \u00e9nergies renouvelables","author":"Enviroscop","date":"10 mars 2023","format":false,"excerpt":"La loi sur l'acc\u00e9l\u00e9ration des \u00e9nergies renouvelables est sur le point d'\u00eatre promulgu\u00e9e presque sans modification. Dans une d\u00e9cision rendue ce jeudi, la juridiction a jug\u00e9 que les dispositions de huit articles critiqu\u00e9es par le RN et LR \u00e9taient conformes \u00e0 la Constitution. Cependant, elle a \u00e9galement censur\u00e9 onze autres\u2026","rel":"","context":"Dans &quot;Conseil Constitutionnel&quot;","block_context":{"text":"Conseil Constitutionnel","link":"https:\/\/www.enviroscop.fr\/actu\/category\/juridique\/conseil-constitutionnel\/"},"img":{"alt_text":"Eoliennes au soleil couchant","src":"https:\/\/i0.wp.com\/www.enviroscop.fr\/actu\/wp-content\/uploads\/2022\/05\/IMG_20161205_083745_01-scaled.jpg?resize=350%2C200","width":350,"height":200,"srcset":"https:\/\/i0.wp.com\/www.enviroscop.fr\/actu\/wp-content\/uploads\/2022\/05\/IMG_20161205_083745_01-scaled.jpg?resize=350%2C200 1x, https:\/\/i0.wp.com\/www.enviroscop.fr\/actu\/wp-content\/uploads\/2022\/05\/IMG_20161205_083745_01-scaled.jpg?resize=525%2C300 1.5x, https:\/\/i0.wp.com\/www.enviroscop.fr\/actu\/wp-content\/uploads\/2022\/05\/IMG_20161205_083745_01-scaled.jpg?resize=700%2C400 2x, https:\/\/i0.wp.com\/www.enviroscop.fr\/actu\/wp-content\/uploads\/2022\/05\/IMG_20161205_083745_01-scaled.jpg?resize=1050%2C600 3x, https:\/\/i0.wp.com\/www.enviroscop.fr\/actu\/wp-content\/uploads\/2022\/05\/IMG_20161205_083745_01-scaled.jpg?resize=1400%2C800 4x"},"classes":[]},{"id":1035,"url":"https:\/\/www.enviroscop.fr\/actu\/2013\/05\/appel-a-manifestations-dinteret-energies-marines-renouvelables-demonstrateurs-et-briques-technologiques\/","url_meta":{"origin":5249,"position":3},"title":"Appel \u00e0 Manifestations d&rsquo;Int\u00e9r\u00eat &#8211; \u00c9nergies marines renouvelables &#8211; D\u00e9monstrateurs et briques technologiques","author":"Enviroscop","date":"14 mai 2013","format":false,"excerpt":"Dans le cadre du Programme d\u2019Investissements d\u2019Avenir, les minist\u00e8res du D\u00e9veloppement durable et du Redressement productif, l'ADEME et le Commissariat G\u00e9n\u00e9ral \u00e0 l'Investissement annoncent le lancement d\u2019un Appel \u00e0 Manifestations d\u2019Int\u00e9r\u00eat AMI\u00a0\"\u00c9nergies marines renouvelables - D\u00e9monstrateurs et briques technologiques\" afin d\u2019accompagner des innovations permettant de consolider la fili\u00e8re \u00e9nergies marines\u2026","rel":"","context":"Dans &quot;ADEME&quot;","block_context":{"text":"ADEME","link":"https:\/\/www.enviroscop.fr\/actu\/category\/source\/ademe\/"},"img":{"alt_text":"","src":"","width":0,"height":0},"classes":[]},{"id":5062,"url":"https:\/\/www.enviroscop.fr\/actu\/2022\/11\/deploiement-des-energies-renouvelables-la-commission-europeenne-prend-les-choses-en-main\/","url_meta":{"origin":5249,"position":4},"title":"D\u00e9ploiement des \u00e9nergies renouvelables : la Commission europ\u00e9enne prend les choses en main","author":"Enviroscop","date":"14 novembre 2022","format":false,"excerpt":"Suivant les recommandations du Conseil, la Commission europ\u00e9enne propose un r\u00e8glement d\u2019urgence pour acc\u00e9l\u00e9rer le d\u00e9ploiement des \u00e9nergies renouvelables (EnR), y compris les pompes \u00e0 chaleur. Le texte pr\u00e9voit diverses mesures d\u00e9rogatoires, d\u2019application\u00a0imm\u00e9diate\u00a0et directe, pour un an\u2026 le temps que les r\u00e9visions en cours de directives existantes parviennent \u00e0 leur\u2026","rel":"","context":"Dans &quot;Banque des Territoires&quot;","block_context":{"text":"Banque des Territoires","link":"https:\/\/www.enviroscop.fr\/actu\/category\/source\/banque-des-territoires\/"},"img":{"alt_text":"","src":"https:\/\/i0.wp.com\/www.enviroscop.fr\/actu\/wp-content\/uploads\/2022\/08\/Capture-decran-2022-08-31-084021.jpg?resize=350%2C200","width":350,"height":200,"srcset":"https:\/\/i0.wp.com\/www.enviroscop.fr\/actu\/wp-content\/uploads\/2022\/08\/Capture-decran-2022-08-31-084021.jpg?resize=350%2C200 1x, https:\/\/i0.wp.com\/www.enviroscop.fr\/actu\/wp-content\/uploads\/2022\/08\/Capture-decran-2022-08-31-084021.jpg?resize=525%2C300 1.5x, https:\/\/i0.wp.com\/www.enviroscop.fr\/actu\/wp-content\/uploads\/2022\/08\/Capture-decran-2022-08-31-084021.jpg?resize=700%2C400 2x, https:\/\/i0.wp.com\/www.enviroscop.fr\/actu\/wp-content\/uploads\/2022\/08\/Capture-decran-2022-08-31-084021.jpg?resize=1050%2C600 3x"},"classes":[]},{"id":3890,"url":"https:\/\/www.enviroscop.fr\/actu\/2020\/10\/etat-de-lart-des-impacts-des-energies-renouvelables-sur-la-biodiversite-les-sols-et-les-paysages-et-des-moyens-devaluation-de-ces-impacts\/","url_meta":{"origin":5249,"position":5},"title":"Etat de l&rsquo;art des impacts des \u00e9nergies renouvelables sur la biodiversit\u00e9, les sols et les paysages, et des moyens d&rsquo;\u00e9valuation de ces impacts","author":"Enviroscop","date":"14 octobre 2020","format":false,"excerpt":"Les objectifs de d\u00e9veloppement des \u00e9nergies renouvelables en France pour les p\u00e9riodes 2018-2023 et 2024-2028 ont \u00e9t\u00e9 pr\u00e9sent\u00e9s en novembre 2018 suite \u00e0 la r\u00e9vision de la Programmation Pluriannuelle de l\u2019Energie (PPE). En compl\u00e9ment d\u2019un objectif de r\u00e9duction de moiti\u00e9 de la consommation d\u2019\u00e9nergie sur le territoire d\u2019ici 2050, la\u2026","rel":"","context":"Dans &quot;Energie&quot;","block_context":{"text":"Energie","link":"https:\/\/www.enviroscop.fr\/actu\/category\/energie\/"},"img":{"alt_text":"","src":"https:\/\/i0.wp.com\/www.ademe.fr\/sites\/default\/files\/styles\/ressources_image\/public\/assets\/images\/capture_etude_deloitte.png?resize=350%2C200&ssl=1","width":350,"height":200},"classes":[]}],"jetpack_sharing_enabled":true,"_links":{"self":[{"href":"https:\/\/www.enviroscop.fr\/actu\/wp-json\/wp\/v2\/posts\/5249","targetHints":{"allow":["GET"]}}],"collection":[{"href":"https:\/\/www.enviroscop.fr\/actu\/wp-json\/wp\/v2\/posts"}],"about":[{"href":"https:\/\/www.enviroscop.fr\/actu\/wp-json\/wp\/v2\/types\/post"}],"author":[{"embeddable":true,"href":"https:\/\/www.enviroscop.fr\/actu\/wp-json\/wp\/v2\/users\/1"}],"replies":[{"embeddable":true,"href":"https:\/\/www.enviroscop.fr\/actu\/wp-json\/wp\/v2\/comments?post=5249"}],"version-history":[{"count":1,"href":"https:\/\/www.enviroscop.fr\/actu\/wp-json\/wp\/v2\/posts\/5249\/revisions"}],"predecessor-version":[{"id":5250,"href":"https:\/\/www.enviroscop.fr\/actu\/wp-json\/wp\/v2\/posts\/5249\/revisions\/5250"}],"wp:attachment":[{"href":"https:\/\/www.enviroscop.fr\/actu\/wp-json\/wp\/v2\/media?parent=5249"}],"wp:term":[{"taxonomy":"category","embeddable":true,"href":"https:\/\/www.enviroscop.fr\/actu\/wp-json\/wp\/v2\/categories?post=5249"},{"taxonomy":"post_tag","embeddable":true,"href":"https:\/\/www.enviroscop.fr\/actu\/wp-json\/wp\/v2\/tags?post=5249"}],"curies":[{"name":"wp","href":"https:\/\/api.w.org\/{rel}","templated":true}]}}