{"id":5282,"date":"2023-07-17T10:41:41","date_gmt":"2023-07-17T09:41:41","guid":{"rendered":"https:\/\/www.enviroscop.fr\/actu\/?p=5282"},"modified":"2023-07-17T10:42:31","modified_gmt":"2023-07-17T09:42:31","slug":"solaire-agrivoltaisme-precisions-sur-les-conditions-dinstruction-des-demandes-de-permis-de-construire-pour-les-projets-photovoltaiques-sur-terrains-agricoles-instruction-ministerielle-du-27-jui","status":"publish","type":"post","link":"https:\/\/www.enviroscop.fr\/actu\/2023\/07\/solaire-agrivoltaisme-precisions-sur-les-conditions-dinstruction-des-demandes-de-permis-de-construire-pour-les-projets-photovoltaiques-sur-terrains-agricoles-instruction-ministerielle-du-27-jui\/","title":{"rendered":"Solaire &#8211; agrivolta\u00efsme : pr\u00e9cisions sur les conditions d&rsquo;instruction des demandes de permis de construire pour les projets photovolta\u00efques sur terrains agricoles (instruction minist\u00e9rielle du 27 juin 2023)"},"content":{"rendered":"<div class=\"ebd-block \" data-type=\"text\"><img data-recalc-dims=\"1\" loading=\"lazy\" decoding=\"async\" data-attachment-id=\"1002\" data-permalink=\"https:\/\/www.enviroscop.fr\/actu\/2013\/05\/arrete-du-2-mai-2013\/17141_une\/\" data-orig-file=\"https:\/\/i0.wp.com\/www.enviroscop.fr\/actu\/wp-content\/uploads\/2013\/05\/17141_une.jpg?fit=436%2C222&amp;ssl=1\" data-orig-size=\"436,222\" data-comments-opened=\"1\" data-image-meta=\"{&quot;aperture&quot;:&quot;0&quot;,&quot;credit&quot;:&quot;Picasa&quot;,&quot;camera&quot;:&quot;&quot;,&quot;caption&quot;:&quot;&quot;,&quot;created_timestamp&quot;:&quot;&quot;,&quot;copyright&quot;:&quot;&quot;,&quot;focal_length&quot;:&quot;0&quot;,&quot;iso&quot;:&quot;0&quot;,&quot;shutter_speed&quot;:&quot;0&quot;,&quot;title&quot;:&quot;&quot;}\" data-image-title=\"17141_une\" data-image-description=\"\" data-image-caption=\"\" data-large-file=\"https:\/\/i0.wp.com\/www.enviroscop.fr\/actu\/wp-content\/uploads\/2013\/05\/17141_une.jpg?fit=436%2C222&amp;ssl=1\" class=\"alignleft size-full wp-image-1002\" src=\"https:\/\/i0.wp.com\/www.enviroscop.fr\/actu\/wp-content\/uploads\/2013\/05\/17141_une.jpg?resize=436%2C222&#038;ssl=1\" alt=\"\" width=\"436\" height=\"222\" srcset=\"https:\/\/i0.wp.com\/www.enviroscop.fr\/actu\/wp-content\/uploads\/2013\/05\/17141_une.jpg?w=436&amp;ssl=1 436w, https:\/\/i0.wp.com\/www.enviroscop.fr\/actu\/wp-content\/uploads\/2013\/05\/17141_une.jpg?resize=300%2C152&amp;ssl=1 300w\" sizes=\"auto, (max-width: 436px) 100vw, 436px\" \/>Par une instruction en date du 27 juin 2023 (cf. au bas de l&rsquo;article), les ministres de la transition \u00e9cologique, de la transition \u00e9nerg\u00e9tique et de l&rsquo;agriculture ont pr\u00e9cis\u00e9 les conditions d&rsquo;instruction des demandes de permis de construire des installations de production d&rsquo;\u00e9nergie solaire photovolta\u00efque en zone agricole, dans l&rsquo;attente de la publication des d\u00e9crets d&rsquo;application de la loi n\u00b0 2023-175 du 10 mars 2023 relative \u00e0 l&rsquo;acc\u00e9l\u00e9ration de la production d&rsquo;\u00e9nergies renouvelables.<\/div>\n<div data-type=\"text\"><\/div>\n<div class=\"ebd-block \" data-type=\"text\">\n<p>En r\u00e9sum\u00e9, cette instruction pr\u00e9cise que les dispositions l\u00e9gislatives et r\u00e9glementaires ant\u00e9rieures \u00e0 la promulgation de la loi \u00ab\u00a0AER\u00a0\u00bb du 10 mars 2023 demeurent applicables \u00e0 l&rsquo;instruction des demandes de permis de construire des installations solaires en zone agricole tant que le d\u00e9cret d&rsquo;application de l&rsquo;article 54 de cette loi n&rsquo;aura pas \u00e9t\u00e9 publi\u00e9.<\/p>\n<p><u data-redactor-tag=\"u\" data-verified=\"redactor\">A noter, les services instructeurs sont encourag\u00e9s \u00e0 solliciter l&rsquo;avis simple des CDPENAF<\/u>\u00a0: \u00ab\u00a0<em data-redactor-tag=\"em\" data-verified=\"redactor\">Toutefois, consid\u00e9rant que le l\u00e9gislateur a voulu syst\u00e9matiser l&rsquo;avis des CDPENAF, il est conseill\u00e9 de recourir \u00e0 l&rsquo;auto-saisine de la commission sur tout projet de PV au sol pour avis simple, dans l&rsquo;attente des d\u00e9crets<\/em>.\u00a0\u00bb<\/p>\n<\/div>\n<p>Lire l&rsquo;int\u00e9gralit\u00e9 de l&rsquo;analyse <a href=\"https:\/\/blog.gossement-avocats.com\/blog\/environnement\/solaire-agrivoltaisme-precisions-sur-les-conditions-d-instruction-des-demandes-de-permis-de-construire\" target=\"_blank\" rel=\"noopener\">sur le site de notre confr\u00e8re Arnaud Gossement<\/a><\/p>\n","protected":false},"excerpt":{"rendered":"<p>Par une instruction en date du 27 juin 2023 (cf. au bas de l&rsquo;article), les ministres de la transition \u00e9cologique, de la transition \u00e9nerg\u00e9tique et de l&rsquo;agriculture ont pr\u00e9cis\u00e9 les conditions d&rsquo;instruction des demandes de permis de construire des installations de production d&rsquo;\u00e9nergie solaire photovolta\u00efque en zone agricole, dans l&rsquo;attente de la publication des d\u00e9crets &hellip; <\/p>\n<p><a class=\"more-link btn\" href=\"https:\/\/www.enviroscop.fr\/actu\/2023\/07\/solaire-agrivoltaisme-precisions-sur-les-conditions-dinstruction-des-demandes-de-permis-de-construire-pour-les-projets-photovoltaiques-sur-terrains-agricoles-instruction-ministerielle-du-27-jui\/\">Lire la suite<\/a><\/p>\n","protected":false},"author":1,"featured_media":0,"comment_status":"open","ping_status":"open","sticky":false,"template":"","format":"standard","meta":{"jetpack_post_was_ever_published":false,"_jetpack_newsletter_access":"","_jetpack_dont_email_post_to_subs":false,"_jetpack_newsletter_tier_id":0,"_jetpack_memberships_contains_paywalled_content":false,"_jetpack_memberships_contains_paid_content":false,"footnotes":"","jetpack_publicize_message":"","jetpack_publicize_feature_enabled":true,"jetpack_social_post_already_shared":true,"jetpack_social_options":{"image_generator_settings":{"template":"highway","default_image_id":0,"font":"","enabled":false},"version":2}},"categories":[3,181,7,68,30,161,35,43,125,94],"tags":[],"class_list":["post-5282","post","type-post","status-publish","format-standard","hentry","category-agriculture","category-arnaud-gossement","category-energie","category-france","category-guide","category-instruction","category-juridique","category-photovoltaique","category-renouvelable","category-sol","item-wrap"],"jetpack_publicize_connections":[],"jetpack_featured_media_url":"","jetpack_shortlink":"https:\/\/wp.me\/p3rXAp-1nc","jetpack_likes_enabled":true,"jetpack-related-posts":[{"id":5270,"url":"https:\/\/www.enviroscop.fr\/actu\/2023\/06\/decret-n-2023-517-du-28-juin-2023-fixant-certaines-modalites-dapplication-des-articles-27-37-et-66-de-la-loi-n-2023-175-du-10-mars-2023-relative-a-lacceleration-de-la-production-den\/","url_meta":{"origin":5282,"position":0},"title":"D\u00e9cret n\u00b0 2023-517 du 28 juin 2023 fixant certaines modalit\u00e9s d&rsquo;application des articles 27, 37 et 66 de la loi n\u00b0 2023-175 du 10 mars 2023 relative \u00e0 l&rsquo;acc\u00e9l\u00e9ration de la production d&rsquo;\u00e9nergies renouvelables","author":"Enviroscop","date":"29 juin 2023","format":false,"excerpt":"La loi n\u00b0 2023-175 du 10 mars 2023\u00a0relative \u00e0 l'acc\u00e9l\u00e9ration de la production d'\u00e9nergies renouvelables a introduit de nouvelles d\u00e9rogations \u00e0 la loi littoral, en faveur, d'une part, des ouvrages du r\u00e9seau public de transport d'\u00e9lectricit\u00e9 n\u00e9cessaires au d\u00e9veloppement de l'\u00e9olien en mer et \u00e0 la d\u00e9carbonation des industries et,\u2026","rel":"","context":"Dans &quot;D\u00e9cret&quot;","block_context":{"text":"D\u00e9cret","link":"https:\/\/www.enviroscop.fr\/actu\/category\/juridique\/decret\/"},"img":{"alt_text":"","src":"https:\/\/i0.wp.com\/www.enviroscop.fr\/actu\/wp-content\/uploads\/2013\/05\/17141_une.jpg?resize=350%2C200&ssl=1","width":350,"height":200},"classes":[]},{"id":3704,"url":"https:\/\/www.enviroscop.fr\/actu\/2020\/04\/nouveau-texte-delais-dinstruction-des-permis-des-declarations-dintention-daliener-des-droits-de-recours\/","url_meta":{"origin":5282,"position":1},"title":"Nouveau texte : d\u00e9lais d&rsquo;instruction des permis, des d\u00e9clarations d&rsquo;intention d&rsquo;ali\u00e9ner, des droits de recours","author":"Enviroscop","date":"16 avril 2020","format":false,"excerpt":"Ordonnance urbanisme Suite aux nombreuses critiques re\u00e7ues, le gouvernement a pr\u00e9sent\u00e9 Une nouvelle ordonnance pour corriger celle prise le 25 mars dernier. L'allongement des d\u00e9lais d'instruction des\u00a0demandes de permis de construire\u00a0et des d\u00e9clarations d'intention d'ali\u00e9ner par les collectivit\u00e9s, et de l'allongement du droit de recours contre les permis obtenus faisait\u2026","rel":"","context":"Dans &quot;Am\u00e9nagement&quot;","block_context":{"text":"Am\u00e9nagement","link":"https:\/\/www.enviroscop.fr\/actu\/category\/amenagement\/"},"img":{"alt_text":"","src":"https:\/\/i0.wp.com\/www.enviroscop.fr\/actu\/wp-content\/uploads\/2013\/05\/17141_une.jpg?resize=350%2C200&ssl=1","width":350,"height":200},"classes":[]},{"id":5240,"url":"https:\/\/www.enviroscop.fr\/actu\/2023\/05\/obligation-de-vegetaliser-ou-dinstaller-du-photovoltaique-en-toiture-les-textes-en-consultation\/","url_meta":{"origin":5282,"position":2},"title":"Obligation de v\u00e9g\u00e9taliser ou d\u2019installer du photovolta\u00efque en toiture : les textes en consultation","author":"Enviroscop","date":"25 mai 2023","format":false,"excerpt":"La loi Climat et R\u00e9silience renforce, \u00e0 compter du 1er juillet 2023, l\u2019obligation d'int\u00e9grer des proc\u00e9d\u00e9s de production d\u2019\u00e9nergies renouvelables ou de v\u00e9g\u00e9talisation aux toitures de certains b\u00e2timents. Les textes d\u2019application - un d\u00e9cret et deux arr\u00eat\u00e9s - sont en consultation jusqu\u2019au 13 juin. Le minist\u00e8re de la Transition \u00e9cologique\u2026","rel":"","context":"Dans &quot;Activit\u00e9&quot;","block_context":{"text":"Activit\u00e9","link":"https:\/\/www.enviroscop.fr\/actu\/category\/activite\/"},"img":{"alt_text":"panneaux solaires sur le toit d'un entrep\u00f4t","src":"https:\/\/i0.wp.com\/www.banquedesterritoires.fr\/sites\/default\/files\/styles\/landscape_auto_crop\/public\/2023-05\/hjjjjjjjjjjjjjjjjjgjghjhggjjjtitre-1.jpg?resize=350%2C200&ssl=1","width":350,"height":200,"srcset":"https:\/\/i0.wp.com\/www.banquedesterritoires.fr\/sites\/default\/files\/styles\/landscape_auto_crop\/public\/2023-05\/hjjjjjjjjjjjjjjjjjgjghjhggjjjtitre-1.jpg?resize=350%2C200&ssl=1 1x, https:\/\/i0.wp.com\/www.banquedesterritoires.fr\/sites\/default\/files\/styles\/landscape_auto_crop\/public\/2023-05\/hjjjjjjjjjjjjjjjjjgjghjhggjjjtitre-1.jpg?resize=525%2C300&ssl=1 1.5x, https:\/\/i0.wp.com\/www.banquedesterritoires.fr\/sites\/default\/files\/styles\/landscape_auto_crop\/public\/2023-05\/hjjjjjjjjjjjjjjjjjgjghjhggjjjtitre-1.jpg?resize=700%2C400&ssl=1 2x"},"classes":[]},{"id":4987,"url":"https:\/\/www.enviroscop.fr\/actu\/2022\/09\/instruction-du-gouvernement-du-16-septembre-2022-relative-a-lorganisation-de-la-repartition-et-du-delestage-de-la-consommation-de-gaz-naturel-et-de-lelectricite-dans-la-perspective-d\/","url_meta":{"origin":5282,"position":3},"title":"Instruction du Gouvernement du 16 septembre 2022 relative \u00e0 l\u2019organisation de la r\u00e9partition et du d\u00e9lestage de la consommation de gaz naturel et de l\u2019\u00e9lectricit\u00e9 dans la perspective du passage de l\u2019hiver 2022-2023 et \u00e0 l\u2019acc\u00e9l\u00e9ration du d\u00e9veloppement des projets d\u2019\u00e9nergie renouvelable","author":"Enviroscop","date":"29 septembre 2022","format":false,"excerpt":"La pr\u00e9sente circulaire vise dans un premier temps, dans la perspective du passage de l\u2019hiver prochain, \u00e0 donner les lignes directrices pour que tout soit anticip\u00e9 si des programmes de r\u00e9partition sur les r\u00e9seaux de gaz, d\u00e9lestage sur les r\u00e9seaux de gaz et d\u2019\u00e9lectricit\u00e9 \u00e9taient n\u00e9cessaires. Elle vise, dans un\u2026","rel":"","context":"Dans &quot;Consommation&quot;","block_context":{"text":"Consommation","link":"https:\/\/www.enviroscop.fr\/actu\/category\/energie\/consommation\/"},"img":{"alt_text":"","src":"https:\/\/i0.wp.com\/www.enviroscop.fr\/actu\/wp-content\/uploads\/2022\/09\/InstructionPrefets.jpg?resize=350%2C200","width":350,"height":200},"classes":[]},{"id":5208,"url":"https:\/\/www.enviroscop.fr\/actu\/2023\/04\/solaire-photovoltaique-au-sol-une-charte-pour-poser-les-conditions-de-son-developpement\/","url_meta":{"origin":5282,"position":4},"title":"Solaire photovolta\u00efque au sol : une charte pour poser les conditions de son d\u00e9veloppement","author":"Enviroscop","date":"4 avril 2023","format":false,"excerpt":"\u00c9nergie Partag\u00e9e vient de publier une charte pour proposer des rep\u00e8res de qualit\u00e9 et de progression \u00e0 l\u2019attention des collectivit\u00e9s, collectifs ou professionnels des \u00e9nergies renouvelables, porteurs de projets solaires photovolta\u00efques au sol.\u00a0Elle se focalise sur 2 enjeux : la protection de la biodiversit\u00e9 et de l\u2019agriculture. Apr\u00e8s les publications\u2026","rel":"","context":"Dans &quot;Citoyen&quot;","block_context":{"text":"Citoyen","link":"https:\/\/www.enviroscop.fr\/actu\/category\/humain\/citoyen\/"},"img":{"alt_text":"","src":"","width":0,"height":0},"classes":[]},{"id":5139,"url":"https:\/\/www.enviroscop.fr\/actu\/2023\/01\/patrimoine-batimentaire-un-rayon-de-soleil-administratif-illumine-desormais-le-photovoltaique\/","url_meta":{"origin":5282,"position":5},"title":"Patrimoine b\u00e2timentaire : un rayon de soleil administratif illumine, d\u00e9sormais, le photovolta\u00efque","author":"Enviroscop","date":"17 janvier 2023","format":false,"excerpt":"Patrimoine et implantation du photovolta\u00efque : l\u2019Etat se fixe, par une instruction interminist\u00e9rielle, une doctrine plus ouverte et plus claire. Les\u00a0porteurs de projet et les\u00a0habitants\u00a0seront moins dans\u00a0l\u2019ombre sur ce qui peut, ou non, \u00eatre fait. Fiat lux.\u00a0 Une instruction interminist\u00e9rielle (Culture ;\u00a0Transition \u00e9cologique et coh\u00e9sion des territoires ; Transition \u00e9nerg\u00e9tique),\u2026","rel":"","context":"Dans &quot;Am\u00e9nagement&quot;","block_context":{"text":"Am\u00e9nagement","link":"https:\/\/www.enviroscop.fr\/actu\/category\/amenagement\/"},"img":{"alt_text":"","src":"","width":0,"height":0},"classes":[]}],"jetpack_sharing_enabled":true,"_links":{"self":[{"href":"https:\/\/www.enviroscop.fr\/actu\/wp-json\/wp\/v2\/posts\/5282","targetHints":{"allow":["GET"]}}],"collection":[{"href":"https:\/\/www.enviroscop.fr\/actu\/wp-json\/wp\/v2\/posts"}],"about":[{"href":"https:\/\/www.enviroscop.fr\/actu\/wp-json\/wp\/v2\/types\/post"}],"author":[{"embeddable":true,"href":"https:\/\/www.enviroscop.fr\/actu\/wp-json\/wp\/v2\/users\/1"}],"replies":[{"embeddable":true,"href":"https:\/\/www.enviroscop.fr\/actu\/wp-json\/wp\/v2\/comments?post=5282"}],"version-history":[{"count":2,"href":"https:\/\/www.enviroscop.fr\/actu\/wp-json\/wp\/v2\/posts\/5282\/revisions"}],"predecessor-version":[{"id":5284,"href":"https:\/\/www.enviroscop.fr\/actu\/wp-json\/wp\/v2\/posts\/5282\/revisions\/5284"}],"wp:attachment":[{"href":"https:\/\/www.enviroscop.fr\/actu\/wp-json\/wp\/v2\/media?parent=5282"}],"wp:term":[{"taxonomy":"category","embeddable":true,"href":"https:\/\/www.enviroscop.fr\/actu\/wp-json\/wp\/v2\/categories?post=5282"},{"taxonomy":"post_tag","embeddable":true,"href":"https:\/\/www.enviroscop.fr\/actu\/wp-json\/wp\/v2\/tags?post=5282"}],"curies":[{"name":"wp","href":"https:\/\/api.w.org\/{rel}","templated":true}]}}