{"id":5298,"date":"2023-07-25T08:36:57","date_gmt":"2023-07-25T07:36:57","guid":{"rendered":"https:\/\/www.enviroscop.fr\/actu\/?p=5298"},"modified":"2023-07-25T08:36:57","modified_gmt":"2023-07-25T07:36:57","slug":"la-nouvelle-nouvelle-strategie-biodiversite-2030-enfin-devoilee","status":"publish","type":"post","link":"https:\/\/www.enviroscop.fr\/actu\/2023\/07\/la-nouvelle-nouvelle-strategie-biodiversite-2030-enfin-devoilee\/","title":{"rendered":"La nouvelle nouvelle strat\u00e9gie Biodiversit\u00e9 2030 enfin d\u00e9voil\u00e9e"},"content":{"rendered":"<div class=\"lead__wrapper mb-4\">\n<div style=\"width: 1040px\" class=\"wp-caption alignnone\"><img data-recalc-dims=\"1\" loading=\"lazy\" decoding=\"async\" class=\"img-fluid image-style-landscape-no-crop\" style=\"font-size: 16px;\" src=\"https:\/\/i0.wp.com\/www.banquedesterritoires.fr\/sites\/default\/files\/styles\/landscape_no_crop\/public\/2023-07\/sdfsddddddddddddddsdfsdfsffddfftitre-2.jpg?resize=750%2C534&#038;ssl=1\" alt=\"Biodiversit\u00e9 \" width=\"750\" height=\"534\" \/><p class=\"wp-caption-text\">\u00a9 Minist\u00e8re de la Transition \u00e9cologique et de la Coh\u00e9sion des territoires et Adobe stock<\/p><\/div>\n<h2 class=\"lead mb-3 mt-2\">Avec beaucoup de retard, la nouvelle strat\u00e9gie nationale Biodiversit\u00e9 2030 a enfin \u00e9t\u00e9 d\u00e9voil\u00e9e le 20 juillet, en plein remaniement minist\u00e9riel. Alors que le volet pr\u00e9sent\u00e9 en mars 2022 devait initialement \u00eatre \u00ab\u00a0compl\u00e9t\u00e9\u00a0\u00bb, la strat\u00e9gie a finalement \u00e9t\u00e9 redessin\u00e9e. Elle reprend n\u00e9anmoins plusieurs mesures de la pr\u00e9c\u00e9dente version. En revanche, les volets financements et gouvernance, tr\u00e8s\u00a0attendus, ne sont gu\u00e8re d\u00e9velopp\u00e9s. Diff\u00e9rentes instances doivent d\u00e9sormais se prononcer sur cette strat\u00e9gie. Sa publication d\u00e9finitive n\u2019est pas attendue avant l\u2019automne.<\/h2>\n<\/div>\n<div class=\"row\"><\/div>\n<div class=\"spacer-b text-formatted\">\n<p>Au terme d\u2019un accouchement d&rsquo;une dur\u00e9e inhabituelle, la nouvelle strat\u00e9gie Biodiversit\u00e9 2030 est enfin connue. Le travail avait d\u00e9but\u00e9 lors du pr\u00e9c\u00e9dent quinquennat, mais n\u2019avait pu aboutir dans les temps. \u00c0 l\u2019approche du scrutin pr\u00e9sidentiel, l\u2019ancienne secr\u00e9taire d\u2019\u00c9tat B\u00e9rang\u00e8re Abba s\u2019\u00e9tait r\u00e9solue, la mort dans l\u2019\u00e2me, \u00e0 n\u2019en pr\u00e9senter que \u00ab\u00a0le premier volet\u00a0\u00bb en mars 2022 (voir\u00a0<a href=\"https:\/\/www.banquedesterritoires.fr\/strategie-nationale-biodiversite-2030-acte-i\" target=\"_blank\" rel=\"noopener\">notre article<\/a>\u00a0du 16 mars 2022), en pr\u00e9cisant qu\u2019il serait compl\u00e9t\u00e9 \u00ab\u00a0fin ao\u00fbt-d\u00e9but septembre\u00a0\u00bb. Il n\u2019en a rien \u00e9t\u00e9. En octobre, la nouvelle titulaire du poste, B\u00e9rang\u00e8re Couillard, reportait m\u00eame l\u2019\u00e9ch\u00e9ance \u00ab\u00a0au printemps prochain\u00a0\u00bb (voir\u00a0<a href=\"https:\/\/www.banquedesterritoires.fr\/berangere-couillard-annonce-2-milliards-deuros-pour-le-fonds-vert-et-veut-rouvrir-le-couvercle-de\" target=\"_blank\" rel=\"noopener\">notre article<\/a>\u00a0du 11 octobre 2022), puis \u00e0 nouveau \u00ab\u00a0\u00e0 l\u2019\u00e9t\u00e9\u00a0\u00bb (voir\u00a0<a href=\"https:\/\/www.banquedesterritoires.fr\/enfin-une-strategie-nationale-de-la-biodiversite-cet-ete\" target=\"_blank\" rel=\"noopener\">notre article<\/a>\u00a0du 30 mai). Finalement, c\u2019est donc seulement ce 20 juillet que le texte a \u00e9t\u00e9 pr\u00e9sent\u00e9 devant le Comit\u00e9 national de la biodiversit\u00e9 (CNB). D\u00e9cid\u00e9ment maudit, il l\u2019a \u00e9t\u00e9 en plein remaniement minist\u00e9riel (voir\u00a0<a href=\"https:\/\/www.banquedesterritoires.fr\/remaniement-des-ajustements-techniques\" target=\"_blank\" rel=\"noopener\">notre article<\/a>\u00a0du 20 juillet). Lequel ne permettra pas \u00e0 B\u00e9rang\u00e8re Couillard d\u2019assurer le service apr\u00e8s-vente, puisque remplac\u00e9e par Sarah El Ha\u00efry, qui devra \u00e0 son tour y mettre sa patte. Car l\u2019aventure n\u2019est pas termin\u00e9e. Outre le CNB, le Conseil national de l\u2019eau, le Comit\u00e9 national de la mer et des littoraux et le Conseil national de la protection de la nature doivent encore rendre leur avis fin septembre sur la version d\u00e9voil\u00e9e, avant une publication d\u00e9finitive de la strat\u00e9gie esp\u00e9r\u00e9e \u00e0 l\u2019automne prochain.<\/p>\n<h2><strong>Une nouvelle nouvelle strat\u00e9gie<\/strong><\/h2>\n<p>Sur le fond, en fait de volet compl\u00e9mentaire, c\u2019est une strat\u00e9gie enti\u00e8rement remodel\u00e9e qui a \u00e9t\u00e9 d\u00e9voil\u00e9e. C\u2019\u00e9tait attendu, B\u00e9rang\u00e8re Couillard ayant eu l\u2019occasion de d\u00e9plorer \u00ab\u00a0beaucoup de manques\u00a0\u00bb dans la version \u00e9labor\u00e9e par sa pr\u00e9d\u00e9cesseure (dont quantit\u00e9 de mesures sont toutefois reprises). Mais aussi du fait de la n\u00e9cessaire transcription des engagements de la France pris lors de la COP 15 de Kunming-Montr\u00e9al en d\u00e9cembre dernier (voir\u00a0<a href=\"https:\/\/www.banquedesterritoires.fr\/conseil-national-de-la-transition-ecologique-des-hausses-de-credits-pour-maprimerenov-et-la\" target=\"_blank\" rel=\"noopener\">notre article<\/a>\u00a0du 12 juillet).<\/p>\n<p>In fine, cette strat\u00e9gie se compose de 39 mesures \u2013 dont plusieurs sont d\u00e9j\u00e0 connues, voire en cours d\u2019ex\u00e9cution \u2013 qui s\u2019articulent autour de quatre axes (contre cinq axes et 72 mesures affich\u00e9s dans la version pr\u00e9sent\u00e9e par B\u00e9rang\u00e8re Abba)\u00a0: \u00ab\u00a0r\u00e9duire les pressions qui s\u2019exercent sur les biodiversit\u00e9s\u00a0\u00bb (18 mesures)\u00a0; \u00ab\u00a0restaurer la biodiversit\u00e9 d\u00e9grad\u00e9e partout o\u00f9 c\u2019est possible\u00a0\u00bb (8 mesures)\u00a0; \u00ab\u00a0mobiliser tous les acteurs\u00a0\u00bb (8 mesures)\u00a0; \u00ab\u00a0garantir les moyens d\u2019atteindre ces ambitions\u00a0\u00bb (5 mesures).<\/p>\n<h2><strong>Collectivit\u00e9s en premi\u00e8re ligne<\/strong><\/h2>\n<p>Les collectivit\u00e9s devraient logiquement \u00eatre en premi\u00e8re ligne. Le rapport pr\u00e9sent\u00e9 aux instances souligne que \u00ab\u00a0la biodiversit\u00e9 est par nature un sujet tr\u00e8s local\u00a0\u00bb. Il est ainsi pr\u00e9vu que la strat\u00e9gie soit \u00ab\u00a0territorialis\u00e9e sous le pilotage des pr\u00e9fets, en synergie avec les strat\u00e9gies r\u00e9gionales\u00a0\u00bb que les r\u00e9gions doivent d\u00e9finir et mettre en \u0153uvre depuis la loi du 8 ao\u00fbt 2016 (voir\u00a0<a href=\"https:\/\/www.banquedesterritoires.fr\/projet-de-loi-biodiversite-ce-quil-faut-retenir-point-par-point\" target=\"_blank\" rel=\"noopener\">notre article<\/a>\u00a0du 1<sup>er<\/sup>\u00a0ao\u00fbt 2016). On rel\u00e8vera toutefois que la cr\u00e9ation d\u2019un groupe permanent R\u00e9gions de France\/\u00c9tat sur la biodiversit\u00e9 et la mise en place d\u2019une conf\u00e9rence annuelle ou biannuelle \u00c9tat\/collectivit\u00e9s sur les politiques de biodiversit\u00e9, pr\u00e9vues dans la pr\u00e9c\u00e9dente version, ont disparu.<\/p>\n<p>Le rapport pr\u00e9cise encore que pour sa mise en \u0153uvre, la strat\u00e9gie devra \u00ab\u00a0\u00eatre d\u00e9clin\u00e9e en plans op\u00e9rationnels, en coordination avec les collectivit\u00e9s\u00a0\u00bb. Il faudra donc se montrer patient pour rentrer pleinement dans le concret. L\u2019accompagnement de l\u2019action des collectivit\u00e9s territoriales fait n\u00e9anmoins d\u00e9j\u00e0 l\u2019objet d\u2019une \u00ab\u00a0fiche-mesure\u00a0\u00bb sp\u00e9cifique, laquelle d\u00e9termine trois actions \u00e0 conduire.<\/p>\n<p>\u2022\u00a0D\u2019abord, \u00ab\u00a0mieux int\u00e9grer les enjeux de biodiversit\u00e9 dans le cadre de la planification territoriale\u00a0\u00bb. La nouvelle g\u00e9n\u00e9ration de contrats de relance et de transition \u00e9cologique (CRTE) devra ainsi comprendre syst\u00e9matiquement un volet biodiversit\u00e9 (dans les diagnostics et les plans d\u2019action). Il devrait en \u00eatre de m\u00eame dans la future g\u00e9n\u00e9ration des contrats de plan \u00c9tat-r\u00e9gion (CPER). L\u2019objectif est en outre de \u00ab\u00a0renforcer la prise en compte des continuit\u00e9s \u00e9cologiques dans les documents de planification (Sraddet, PLU(i) et Scot)\u00a0\u00bb. Il en va de m\u00eame avec la biodiversit\u00e9 dans les documents de gestion des sites patrimoniaux remarquables (PSMV et PVAP), qui sera consid\u00e9r\u00e9e \u00ab\u00a0comme un volet du patrimoine \u00e0 prot\u00e9ger et \u00e0 valoriser, notamment par le renforcement de la pr\u00e9sence de la nature dans les centres urbains\u00a0\u00bb.<\/p>\n<p>\u2022\u00a0Ensuite, \u00ab\u00a0accompagner les collectivit\u00e9s pour mieux conna\u00eetre la biodiversit\u00e9 sur leur territoire, \u00e0 travers les atlas de la biodiversit\u00e9 communale\u00a0\u00bb. Leur g\u00e9n\u00e9ralisation sera promue, \u00ab\u00a0sans toutefois rendre obligatoires ses d\u00e9marches\u00a0\u00bb.<\/p>\n<p>\u2022\u00a0Enfin, \u00ab\u00a0renforcer les leviers \u00e0 la main des collectivit\u00e9s pour faire \u00e9merger et mener \u00e0 bien des projets territoriaux ambitieux en mati\u00e8re de biodiversit\u00e9\u00a0\u00bb. Le gouvernement entend ici d\u00e9velopper le recours \u00e0 la d\u00e9marche paysag\u00e8re via un appel \u00e0 projets, le renforcement des atlas paysage et le d\u00e9ploiement d\u2019une formation aux \u00e9lus. Il vise \u00e9galement \u00e0 d\u00e9ployer un dispositif d\u2019appui \u00ab\u00a0pour l\u2019\u00e9mergence de r\u00e9cits territoriaux co-construits\u00a0\u00bb.<\/p>\n<\/div>\n<p>Lire l&rsquo;int\u00e9gralit\u00e9 de l&rsquo;article <a href=\"https:\/\/www.banquedesterritoires.fr\/la-nouvelle-nouvelle-strategie-biodiversite-2030-enfin-devoilee?pk_campaign=newsletter_quotidienne&amp;pk_kwd=2023-07-24&amp;pk_source=Actualit%C3%A9s_Localtis&amp;pk_medium=newsletter_quotidienne\" target=\"_blank\" rel=\"noopener\">sur le site de la Banque des Territoires<\/a><\/p>\n","protected":false},"excerpt":{"rendered":"<p>Avec beaucoup de retard, la nouvelle strat\u00e9gie nationale Biodiversit\u00e9 2030 a enfin \u00e9t\u00e9 d\u00e9voil\u00e9e le 20 juillet, en plein remaniement minist\u00e9riel. Alors que le volet pr\u00e9sent\u00e9 en mars 2022 devait initialement \u00eatre \u00ab\u00a0compl\u00e9t\u00e9\u00a0\u00bb, la strat\u00e9gie a finalement \u00e9t\u00e9 redessin\u00e9e. Elle reprend n\u00e9anmoins plusieurs mesures de la pr\u00e9c\u00e9dente version. En revanche, les volets financements et gouvernance, &hellip; <\/p>\n<p><a class=\"more-link btn\" href=\"https:\/\/www.enviroscop.fr\/actu\/2023\/07\/la-nouvelle-nouvelle-strategie-biodiversite-2030-enfin-devoilee\/\">Lire la suite<\/a><\/p>\n","protected":false},"author":1,"featured_media":0,"comment_status":"open","ping_status":"open","sticky":false,"template":"","format":"standard","meta":{"jetpack_post_was_ever_published":false,"_jetpack_newsletter_access":"","_jetpack_dont_email_post_to_subs":false,"_jetpack_newsletter_tier_id":0,"_jetpack_memberships_contains_paywalled_content":false,"_jetpack_memberships_contains_paid_content":false,"footnotes":"","jetpack_publicize_message":"","jetpack_publicize_feature_enabled":true,"jetpack_social_post_already_shared":true,"jetpack_social_options":{"image_generator_settings":{"template":"highway","default_image_id":0,"font":"","enabled":false},"version":2}},"categories":[127,11,20,68,30,38,67],"tags":[],"class_list":["post-5298","post","type-post","status-publish","format-standard","hentry","category-banque-des-territoires","category-biodiversite","category-durable","category-france","category-guide","category-ministere","category-nature","item-wrap"],"jetpack_publicize_connections":[],"jetpack_featured_media_url":"","jetpack_shortlink":"https:\/\/wp.me\/p3rXAp-1ns","jetpack_likes_enabled":true,"jetpack-related-posts":[{"id":4073,"url":"https:\/\/www.enviroscop.fr\/actu\/2021\/01\/aires-protegees-une-nouvelle-strategie-nationale-pour-les-10-ans-a-venir\/","url_meta":{"origin":5298,"position":0},"title":"Aires prot\u00e9g\u00e9es : une nouvelle strat\u00e9gie nationale pour les 10 ans \u00e0 venir","author":"Enviroscop","date":"20 janvier 2021","format":false,"excerpt":"Le 12 janvier dernier, le Gouvernement a adopt\u00e9 la nouvelle strat\u00e9gie nationale pour les aires prot\u00e9g\u00e9es pour 2030. Cette strat\u00e9gie permettra d'atteindre, outre l'objectif fix\u00e9 de prot\u00e9ger 30% du territoire national et des espaces maritimes sous juridiction (et ce, d\u00e8s 2022). Au travers de 7 objectifs, la strat\u00e9gie entend mieux\u2026","rel":"","context":"Dans &quot;biodiversit\u00e9&quot;","block_context":{"text":"biodiversit\u00e9","link":"https:\/\/www.enviroscop.fr\/actu\/category\/nature\/biodiversite\/"},"img":{"alt_text":"","src":"https:\/\/i0.wp.com\/www.enviroscop.fr\/actu\/wp-content\/uploads\/2021\/01\/Capture-decran-2021-01-20-091648.jpg?resize=350%2C200","width":350,"height":200,"srcset":"https:\/\/i0.wp.com\/www.enviroscop.fr\/actu\/wp-content\/uploads\/2021\/01\/Capture-decran-2021-01-20-091648.jpg?resize=350%2C200 1x, https:\/\/i0.wp.com\/www.enviroscop.fr\/actu\/wp-content\/uploads\/2021\/01\/Capture-decran-2021-01-20-091648.jpg?resize=525%2C300 1.5x"},"classes":[]},{"id":5306,"url":"https:\/\/www.enviroscop.fr\/actu\/2023\/08\/les-premiers-contours-de-la-planification-ecologique\/","url_meta":{"origin":5298,"position":1},"title":"Les premiers contours de la planification \u00e9cologique","author":"Enviroscop","date":"1 ao\u00fbt 2023","format":false,"excerpt":"Alors qu'une strat\u00e9gie compl\u00e8te, secteur par secteur, sera pr\u00e9sent\u00e9e \"\u00e0 la fin de l'\u00e9t\u00e9\", a affirm\u00e9 Emmanuel Macron le 24 juillet, le secr\u00e9tariat g\u00e9n\u00e9ral \u00e0 la planification \u00e9cologique (SGPE) du gouvernement a publi\u00e9 des \u00e9l\u00e9ments chiffr\u00e9s qui fournissent de premi\u00e8res indications sur les orientations \u00e0 venir pour faire baisser les\u2026","rel":"","context":"Dans &quot;Activit\u00e9&quot;","block_context":{"text":"Activit\u00e9","link":"https:\/\/www.enviroscop.fr\/actu\/category\/activite\/"},"img":{"alt_text":"foret, \u00e9oliennes, r\u00e9novation \u00e9nerg\u00e9tique et tramway","src":"https:\/\/i0.wp.com\/www.banquedesterritoires.fr\/sites\/default\/files\/styles\/landscape_auto_crop\/public\/2023-07\/okokokoqsjdhgqsdgqJSGDKJqsQSDQsdqs.jpg?resize=350%2C200&ssl=1","width":350,"height":200,"srcset":"https:\/\/i0.wp.com\/www.banquedesterritoires.fr\/sites\/default\/files\/styles\/landscape_auto_crop\/public\/2023-07\/okokokoqsjdhgqsdgqJSGDKJqsQSDQsdqs.jpg?resize=350%2C200&ssl=1 1x, https:\/\/i0.wp.com\/www.banquedesterritoires.fr\/sites\/default\/files\/styles\/landscape_auto_crop\/public\/2023-07\/okokokoqsjdhgqsdgqJSGDKJqsQSDQsdqs.jpg?resize=525%2C300&ssl=1 1.5x, https:\/\/i0.wp.com\/www.banquedesterritoires.fr\/sites\/default\/files\/styles\/landscape_auto_crop\/public\/2023-07\/okokokoqsjdhgqsdgqJSGDKJqsQSDQsdqs.jpg?resize=700%2C400&ssl=1 2x"},"classes":[]},{"id":4841,"url":"https:\/\/www.enviroscop.fr\/actu\/2022\/06\/un-appel-a-projets-sur-la-gestion-despeces-exotiques-envahissantes\/","url_meta":{"origin":5298,"position":2},"title":"Un appel \u00e0 projets sur la gestion d&rsquo;esp\u00e8ces exotiques envahissantes","author":"Enviroscop","date":"22 juin 2022","format":false,"excerpt":"Le minist\u00e8re de la Transition \u00e9cologique et de la Coh\u00e9sion des territoires vient de lancer un\u00a0appel \u00e0 projets\u00a0visant \u00e0 r\u00e9guler les populations d\u2019esp\u00e8ces exotiques envahissantes, qui constituent l\u2019une des principales menaces pour la biodiversit\u00e9. A ce jour pr\u00e8s de 120 esp\u00e8ces sont r\u00e9f\u00e9renc\u00e9es comme telles en m\u00e9tropole et plus de\u2026","rel":"","context":"Dans &quot;biodiversit\u00e9&quot;","block_context":{"text":"biodiversit\u00e9","link":"https:\/\/www.enviroscop.fr\/actu\/category\/nature\/biodiversite\/"},"img":{"alt_text":"","src":"","width":0,"height":0},"classes":[]},{"id":4409,"url":"https:\/\/www.enviroscop.fr\/actu\/2021\/09\/congres-mondial-de-la-nature-les-grands-axes-de-la-prochaine-strategie-nationale-pour-la-biodiversite-devoiles\/","url_meta":{"origin":5298,"position":3},"title":"Congr\u00e8s mondial de la nature : les grands axes de la prochaine strat\u00e9gie nationale pour la biodiversit\u00e9 d\u00e9voil\u00e9s","author":"Enviroscop","date":"13 septembre 2021","format":false,"excerpt":"\u00c0 l'occasion du Congr\u00e8s mondial de la nature, B\u00e9rang\u00e8re Abba, secr\u00e9taire d'\u00c9tat charg\u00e9e de la biodiversit\u00e9, a pr\u00e9sent\u00e9 ce 7 septembre \u00e0 Marseille les \"quatre axes structurants\" de la prochaine strat\u00e9gie nationale pour la biodiversit\u00e9 2021-2030 : la restauration et la protection des \u00e9cosyst\u00e8mes, l'utilisation \"durable et \"\u00e9quitable\" des services\u2026","rel":"","context":"Dans &quot;biodiversit\u00e9&quot;","block_context":{"text":"biodiversit\u00e9","link":"https:\/\/www.enviroscop.fr\/actu\/category\/nature\/biodiversite\/"},"img":{"alt_text":"Congr\u00e8s mondial de la nature","src":"https:\/\/i0.wp.com\/www.banquedesterritoires.fr\/sites\/default\/files\/styles\/landscape_auto_crop\/public\/2021-09\/Captyutyutyutyutyuture.JPG?resize=350%2C200&ssl=1","width":350,"height":200},"classes":[]},{"id":1518,"url":"https:\/\/www.enviroscop.fr\/actu\/2013\/10\/colloque-2013-integrer-la-biodiversite-dans-la-strategie-des-entreprises-et-des-territoires-association-francaise-des-ingenieurs-ecologues\/","url_meta":{"origin":5298,"position":4},"title":"Colloque 2013 &#8211; INT\u00c9GRER LA BIODIVERSIT\u00c9 DANS LA STRAT\u00c9GIE DES ENTREPRISES ET DES TERRITOIRES &#8211; Association Fran\u00e7aise des Ing\u00e9nieurs Ecologues","author":"Enviroscop","date":"7 octobre 2013","format":false,"excerpt":"L\u2019AFIE en partenariat avec la Chambre de Commerce et d\u2019Industrie et l\u2019Institut du D\u00e9veloppement Durable et Responsable de l\u2019Universit\u00e9 Catholique de Lille organise son colloque national le vendredi 13 d\u00e9cembre 2013 de 8h30 \u00e0 17h30, \u00e0 LILLE. Le programme est t\u00e9l\u00e9chargeable ici. via\u00a0Colloque 2013 - INT\u00c9GRER LA BIODIVERSIT\u00c9 DANS LA\u2026","rel":"","context":"Dans &quot;Am\u00e9nagement&quot;","block_context":{"text":"Am\u00e9nagement","link":"https:\/\/www.enviroscop.fr\/actu\/category\/amenagement\/"},"img":{"alt_text":"","src":"","width":0,"height":0},"classes":[]},{"id":5056,"url":"https:\/\/www.enviroscop.fr\/actu\/2022\/11\/la-nature-source-de-biodiversite-au-sein-des-territoires-de-loutil-a-la-strategie\/","url_meta":{"origin":5298,"position":5},"title":"La nature source de biodiversit\u00e9 au sein des territoires. De l\u2019outil \u00e0 la strat\u00e9gie.","author":"Enviroscop","date":"9 novembre 2022","format":false,"excerpt":"Le Cerema a publi\u00e9 en octobre 2022 un guide pr\u00e9sentant des m\u00e9thodes pour \u00e9laborer une v\u00e9ritable strat\u00e9gie biodiversit\u00e9 au niveau du territoire. Il pr\u00e9sente des outils et des retours d\u2019exp\u00e9rience utiles pour les collectivit\u00e9s. Les axes propos\u00e9s suivent la s\u00e9quence ERc : Conna\u00eetre le territoire pour \u00e9viter les zones aux\u2026","rel":"","context":"Dans &quot;Am\u00e9nagement&quot;","block_context":{"text":"Am\u00e9nagement","link":"https:\/\/www.enviroscop.fr\/actu\/category\/amenagement\/"},"img":{"alt_text":"","src":"https:\/\/i0.wp.com\/erc.drealnpdc.fr\/wp-content\/uploads\/2022\/10\/Cerema-strategie-biodiversite.png?resize=350%2C200&ssl=1","width":350,"height":200,"srcset":"https:\/\/i0.wp.com\/erc.drealnpdc.fr\/wp-content\/uploads\/2022\/10\/Cerema-strategie-biodiversite.png?resize=350%2C200&ssl=1 1x, https:\/\/i0.wp.com\/erc.drealnpdc.fr\/wp-content\/uploads\/2022\/10\/Cerema-strategie-biodiversite.png?resize=525%2C300&ssl=1 1.5x"},"classes":[]}],"jetpack_sharing_enabled":true,"_links":{"self":[{"href":"https:\/\/www.enviroscop.fr\/actu\/wp-json\/wp\/v2\/posts\/5298","targetHints":{"allow":["GET"]}}],"collection":[{"href":"https:\/\/www.enviroscop.fr\/actu\/wp-json\/wp\/v2\/posts"}],"about":[{"href":"https:\/\/www.enviroscop.fr\/actu\/wp-json\/wp\/v2\/types\/post"}],"author":[{"embeddable":true,"href":"https:\/\/www.enviroscop.fr\/actu\/wp-json\/wp\/v2\/users\/1"}],"replies":[{"embeddable":true,"href":"https:\/\/www.enviroscop.fr\/actu\/wp-json\/wp\/v2\/comments?post=5298"}],"version-history":[{"count":1,"href":"https:\/\/www.enviroscop.fr\/actu\/wp-json\/wp\/v2\/posts\/5298\/revisions"}],"predecessor-version":[{"id":5299,"href":"https:\/\/www.enviroscop.fr\/actu\/wp-json\/wp\/v2\/posts\/5298\/revisions\/5299"}],"wp:attachment":[{"href":"https:\/\/www.enviroscop.fr\/actu\/wp-json\/wp\/v2\/media?parent=5298"}],"wp:term":[{"taxonomy":"category","embeddable":true,"href":"https:\/\/www.enviroscop.fr\/actu\/wp-json\/wp\/v2\/categories?post=5298"},{"taxonomy":"post_tag","embeddable":true,"href":"https:\/\/www.enviroscop.fr\/actu\/wp-json\/wp\/v2\/tags?post=5298"}],"curies":[{"name":"wp","href":"https:\/\/api.w.org\/{rel}","templated":true}]}}