{"id":5325,"date":"2023-08-29T07:08:14","date_gmt":"2023-08-29T06:08:14","guid":{"rendered":"https:\/\/www.enviroscop.fr\/actu\/?p=5325"},"modified":"2023-08-29T07:08:14","modified_gmt":"2023-08-29T06:08:14","slug":"projet-de-decret-portant-application-de-larticle-l-171-4-du-code-de-la-construction-et-de-lhabitation-et-de-larticle-l-111-19-1-du-code-de-lurbanisme-regissant-le","status":"publish","type":"post","link":"https:\/\/www.enviroscop.fr\/actu\/2023\/08\/projet-de-decret-portant-application-de-larticle-l-171-4-du-code-de-la-construction-et-de-lhabitation-et-de-larticle-l-111-19-1-du-code-de-lurbanisme-regissant-le\/","title":{"rendered":"Projet de d\u00e9cret portant application de l\u2019article L. 171-4 du code de la construction et de l\u2019habitation et de l\u2019article L. 111-19-1 du code de l\u2019urbanisme r\u00e9gissant les parcs de stationnement"},"content":{"rendered":"<p><img data-recalc-dims=\"1\" loading=\"lazy\" decoding=\"async\" data-attachment-id=\"1002\" data-permalink=\"https:\/\/www.enviroscop.fr\/actu\/2013\/05\/arrete-du-2-mai-2013\/17141_une\/\" data-orig-file=\"https:\/\/i0.wp.com\/www.enviroscop.fr\/actu\/wp-content\/uploads\/2013\/05\/17141_une.jpg?fit=436%2C222&amp;ssl=1\" data-orig-size=\"436,222\" data-comments-opened=\"1\" data-image-meta=\"{&quot;aperture&quot;:&quot;0&quot;,&quot;credit&quot;:&quot;Picasa&quot;,&quot;camera&quot;:&quot;&quot;,&quot;caption&quot;:&quot;&quot;,&quot;created_timestamp&quot;:&quot;&quot;,&quot;copyright&quot;:&quot;&quot;,&quot;focal_length&quot;:&quot;0&quot;,&quot;iso&quot;:&quot;0&quot;,&quot;shutter_speed&quot;:&quot;0&quot;,&quot;title&quot;:&quot;&quot;}\" data-image-title=\"17141_une\" data-image-description=\"\" data-image-caption=\"\" data-large-file=\"https:\/\/i0.wp.com\/www.enviroscop.fr\/actu\/wp-content\/uploads\/2013\/05\/17141_une.jpg?fit=436%2C222&amp;ssl=1\" class=\"alignleft size-full wp-image-1002\" src=\"https:\/\/i0.wp.com\/www.enviroscop.fr\/actu\/wp-content\/uploads\/2013\/05\/17141_une.jpg?resize=436%2C222&#038;ssl=1\" alt=\"\" width=\"436\" height=\"222\" srcset=\"https:\/\/i0.wp.com\/www.enviroscop.fr\/actu\/wp-content\/uploads\/2013\/05\/17141_une.jpg?w=436&amp;ssl=1 436w, https:\/\/i0.wp.com\/www.enviroscop.fr\/actu\/wp-content\/uploads\/2013\/05\/17141_une.jpg?resize=300%2C152&amp;ssl=1 300w\" sizes=\"auto, (max-width: 436px) 100vw, 436px\" \/>Ce d\u00e9cret vise \u00e0 pr\u00e9ciser l\u2019application des articles L. 171-4 du code de la construction et de l\u2019habitation et L. 111-19-1 du code de l\u2019urbanisme, cr\u00e9\u00e9s par l\u2019article 101 de la loi n\u00b0\u00a02021-1104 du 22 ao\u00fbt 2021 portant lutte contre le d\u00e9r\u00e8glement climatique et renforcement de la r\u00e9silience face \u00e0 ses effets.<\/p>\n<p>Ces articles imposent \u00e0 certains parcs de stationnement ext\u00e9rieurs d\u2019int\u00e9grer, sur la moiti\u00e9 de leur surface, un dispositif d\u2019ombrage, par ombri\u00e8res comportant des dispositifs de production d\u2019\u00e9nergies renouvelables ou par dispositifs v\u00e9g\u00e9talis\u00e9s. Ces m\u00eames parcs doivent \u00e9galement int\u00e9grer un dispositif de gestion des eaux pluviales favorisant la perm\u00e9abilit\u00e9 des sols et l\u2019infiltration ou l\u2019\u00e9vaporation des eaux.<\/p>\n<p>Le pr\u00e9sent projet de d\u00e9cret a donc d\u2019abord pour objet de d\u00e9tailler les crit\u00e8res d\u2019exon\u00e9ration de ces obligations, selon les contraintes techniques, de s\u00e9curit\u00e9, architecturales et patrimoniales, fix\u00e9es par la loi. Il d\u00e9termine \u00e9galement les modalit\u00e9s d\u2019exon\u00e9ration li\u00e9es \u00e0 un surco\u00fbt d\u2019installation des dispositifs, lorsqu\u2019une obligation ne peut \u00eatre satisfaite dans des conditions \u00e9conomiquement acceptables du fait de l\u2019existence d\u2019une contrainte technique. La fixation et la modulation des seuils de surco\u00fbt sont pr\u00e9vus par un arr\u00eat\u00e9.<\/p>\n<p>Le projet de d\u00e9cret pr\u00e9cise \u00e9galement que l\u2019exon\u00e9ration des obligations est accord\u00e9e par l\u2019autorit\u00e9 comp\u00e9tente en mati\u00e8re d\u2019autorisation d\u2019urbanisme. Le propri\u00e9taire du parc de stationnement justifiera qu\u2019il remplit les crit\u00e8res d\u2019exon\u00e9ration en fournissant toute pi\u00e8ce qu\u2019il estime n\u00e9cessaire ainsi qu\u2019un r\u00e9sum\u00e9 non technique.<\/p>\n<p>Enfin, afin de garantir les conditions d\u2019application des obligations cr\u00e9\u00e9es par l\u2019article L. 111-19-1 du code de l\u2019urbanisme et l\u2019article L. 171-4 du code de la construction et de l\u2019habitation, le d\u00e9cret d\u00e9finit le calcul de la superficie du parc de stationnement assujettie aux obligations ainsi que la consistance d\u2019une r\u00e9novation lourde d\u2019un parc.<\/p>\n<p>Cette consultation publique est r\u00e9alis\u00e9e en application de l\u2019article L. 123-19-1 du code de l\u2019environnement pour la mise en \u0153uvre du principe de participation du public aux d\u00e9cisions publiques ayant une incidence sur l\u2019environnement pr\u00e9vu \u00e0 l\u2019article 7 de la Charte de l\u2019environnement.<\/p>\n","protected":false},"excerpt":{"rendered":"<p>Ce d\u00e9cret vise \u00e0 pr\u00e9ciser l\u2019application des articles L. 171-4 du code de la construction et de l\u2019habitation et L. 111-19-1 du code de l\u2019urbanisme, cr\u00e9\u00e9s par l\u2019article 101 de la loi n\u00b0\u00a02021-1104 du 22 ao\u00fbt 2021 portant lutte contre le d\u00e9r\u00e8glement climatique et renforcement de la r\u00e9silience face \u00e0 ses effets. Ces articles imposent &hellip; <\/p>\n<p><a class=\"more-link btn\" href=\"https:\/\/www.enviroscop.fr\/actu\/2023\/08\/projet-de-decret-portant-application-de-larticle-l-171-4-du-code-de-la-construction-et-de-lhabitation-et-de-larticle-l-111-19-1-du-code-de-lurbanisme-regissant-le\/\">Lire la suite<\/a><\/p>\n","protected":false},"author":1,"featured_media":0,"comment_status":"open","ping_status":"open","sticky":false,"template":"","format":"standard","meta":{"jetpack_post_was_ever_published":false,"_jetpack_newsletter_access":"","_jetpack_dont_email_post_to_subs":false,"_jetpack_newsletter_tier_id":0,"_jetpack_memberships_contains_paywalled_content":false,"_jetpack_memberships_contains_paid_content":false,"footnotes":"","jetpack_publicize_message":"","jetpack_publicize_feature_enabled":true,"jetpack_social_post_already_shared":true,"jetpack_social_options":{"image_generator_settings":{"template":"highway","default_image_id":0,"font":"","enabled":false},"version":2}},"categories":[5,135,7,68,132,35,157,43,125,56,57],"tags":[],"class_list":["post-5325","post","type-post","status-publish","format-standard","hentry","category-amenagement","category-decret","category-energie","category-france","category-impact","category-juridique","category-legifrance","category-photovoltaique","category-renouvelable","category-urbanisation","category-urbanisme","item-wrap"],"jetpack_publicize_connections":[],"jetpack_featured_media_url":"","jetpack_shortlink":"https:\/\/wp.me\/p3rXAp-1nT","jetpack_likes_enabled":true,"jetpack-related-posts":[{"id":5323,"url":"https:\/\/www.enviroscop.fr\/actu\/2023\/08\/consultation-publique-decret-pour-la-gestion-des-espaces-de-stationnement-photovoltaique-et-verdissement\/","url_meta":{"origin":5325,"position":0},"title":"Consultation publique : d\u00e9cret pour la gestion des espaces de stationnement : photovolta\u00efque et verdissement","author":"Enviroscop","date":"25 ao\u00fbt 2023","format":false,"excerpt":"Publics concern\u00e9s : ma\u00eetres d'ouvrage, ma\u00eetres d'\u0153uvre, constructeurs et promoteurs, architectes, bureaux d'\u00e9tudes, gestionnaires et propri\u00e9taires de parc de stationnement, services de l\u2019Etat, collectivit\u00e9s territoriales et leurs groupements, \u00e9tablissements publics, en France m\u00e9tropolitaine et en outre-mer. Objet : Ce d\u00e9cret a pour objet la d\u00e9finition de la superficie et de\u2026","rel":"","context":"Dans &quot;Enviroscop&quot;","block_context":{"text":"Enviroscop","link":"https:\/\/www.enviroscop.fr\/actu\/category\/non-classe\/"},"img":{"alt_text":"","src":"https:\/\/i0.wp.com\/www.enviroscop.fr\/actu\/wp-content\/uploads\/2013\/05\/17141_une.jpg?resize=350%2C200&ssl=1","width":350,"height":200},"classes":[]},{"id":5011,"url":"https:\/\/www.enviroscop.fr\/actu\/2022\/10\/decret-n-2022-1309-du-12-octobre-2022-relatif-aux-observatoires-de-lhabitat-et-du-foncier\/","url_meta":{"origin":5325,"position":1},"title":"D\u00e9cret n\u00b0 2022-1309 du 12 octobre 2022 relatif aux observatoires de l&rsquo;habitat et du foncier","author":"Enviroscop","date":"14 octobre 2022","format":false,"excerpt":"Dans le cadre de la politique de lutte contre l'artificialisation des sols, l'article 205 de la loi n\u00b0 2021-1104 du 22 ao\u00fbt 2021\u00a0portant lutte contre le d\u00e9r\u00e8glement climatique et renforcement de la r\u00e9silience face \u00e0 ses effets modifie et compl\u00e8te le\u00a0III de l'article L. 302-1 du code de la construction\u2026","rel":"","context":"Dans &quot;Activit\u00e9&quot;","block_context":{"text":"Activit\u00e9","link":"https:\/\/www.enviroscop.fr\/actu\/category\/activite\/"},"img":{"alt_text":"","src":"https:\/\/i0.wp.com\/www.enviroscop.fr\/actu\/wp-content\/uploads\/2013\/04\/sig4.jpg?resize=350%2C200","width":350,"height":200,"srcset":"https:\/\/i0.wp.com\/www.enviroscop.fr\/actu\/wp-content\/uploads\/2013\/04\/sig4.jpg?resize=350%2C200 1x, https:\/\/i0.wp.com\/www.enviroscop.fr\/actu\/wp-content\/uploads\/2013\/04\/sig4.jpg?resize=525%2C300 1.5x, https:\/\/i0.wp.com\/www.enviroscop.fr\/actu\/wp-content\/uploads\/2013\/04\/sig4.jpg?resize=700%2C400 2x"},"classes":[]},{"id":5240,"url":"https:\/\/www.enviroscop.fr\/actu\/2023\/05\/obligation-de-vegetaliser-ou-dinstaller-du-photovoltaique-en-toiture-les-textes-en-consultation\/","url_meta":{"origin":5325,"position":2},"title":"Obligation de v\u00e9g\u00e9taliser ou d\u2019installer du photovolta\u00efque en toiture : les textes en consultation","author":"Enviroscop","date":"25 mai 2023","format":false,"excerpt":"La loi Climat et R\u00e9silience renforce, \u00e0 compter du 1er juillet 2023, l\u2019obligation d'int\u00e9grer des proc\u00e9d\u00e9s de production d\u2019\u00e9nergies renouvelables ou de v\u00e9g\u00e9talisation aux toitures de certains b\u00e2timents. Les textes d\u2019application - un d\u00e9cret et deux arr\u00eat\u00e9s - sont en consultation jusqu\u2019au 13 juin. Le minist\u00e8re de la Transition \u00e9cologique\u2026","rel":"","context":"Dans &quot;Activit\u00e9&quot;","block_context":{"text":"Activit\u00e9","link":"https:\/\/www.enviroscop.fr\/actu\/category\/activite\/"},"img":{"alt_text":"panneaux solaires sur le toit d'un entrep\u00f4t","src":"https:\/\/i0.wp.com\/www.banquedesterritoires.fr\/sites\/default\/files\/styles\/landscape_auto_crop\/public\/2023-05\/hjjjjjjjjjjjjjjjjjgjghjhggjjjtitre-1.jpg?resize=350%2C200&ssl=1","width":350,"height":200,"srcset":"https:\/\/i0.wp.com\/www.banquedesterritoires.fr\/sites\/default\/files\/styles\/landscape_auto_crop\/public\/2023-05\/hjjjjjjjjjjjjjjjjjgjghjhggjjjtitre-1.jpg?resize=350%2C200&ssl=1 1x, https:\/\/i0.wp.com\/www.banquedesterritoires.fr\/sites\/default\/files\/styles\/landscape_auto_crop\/public\/2023-05\/hjjjjjjjjjjjjjjjjjgjghjhggjjjtitre-1.jpg?resize=525%2C300&ssl=1 1.5x, https:\/\/i0.wp.com\/www.banquedesterritoires.fr\/sites\/default\/files\/styles\/landscape_auto_crop\/public\/2023-05\/hjjjjjjjjjjjjjjjjjgjghjhggjjjtitre-1.jpg?resize=700%2C400&ssl=1 2x"},"classes":[]},{"id":2631,"url":"https:\/\/www.enviroscop.fr\/actu\/2016\/07\/consommer-moins-pour-construire-plus\/","url_meta":{"origin":5325,"position":3},"title":"Consommer moins pour construire plus&#8230;","author":"Enviroscop","date":"1 juillet 2016","format":false,"excerpt":"Le d\u00e9cret paru au JO du 29 juin modifie l'article R. 111-21 du code de la construction et de l'habitation et pr\u00e9cise les exigences en mati\u00e8re d'exemplarit\u00e9 \u00e9nerg\u00e9tique ou environnementale ou de b\u00e2timent \u00e0 \u00e9nergie positive pour b\u00e9n\u00e9ficier du bonus de constructibilit\u00e9, lorsque le plan local d'urbanisme le pr\u00e9voit. Il\u2026","rel":"","context":"Dans &quot;Energie&quot;","block_context":{"text":"Energie","link":"https:\/\/www.enviroscop.fr\/actu\/category\/energie\/"},"img":{"alt_text":"","src":"","width":0,"height":0},"classes":[]},{"id":5270,"url":"https:\/\/www.enviroscop.fr\/actu\/2023\/06\/decret-n-2023-517-du-28-juin-2023-fixant-certaines-modalites-dapplication-des-articles-27-37-et-66-de-la-loi-n-2023-175-du-10-mars-2023-relative-a-lacceleration-de-la-production-den\/","url_meta":{"origin":5325,"position":4},"title":"D\u00e9cret n\u00b0 2023-517 du 28 juin 2023 fixant certaines modalit\u00e9s d&rsquo;application des articles 27, 37 et 66 de la loi n\u00b0 2023-175 du 10 mars 2023 relative \u00e0 l&rsquo;acc\u00e9l\u00e9ration de la production d&rsquo;\u00e9nergies renouvelables","author":"Enviroscop","date":"29 juin 2023","format":false,"excerpt":"La loi n\u00b0 2023-175 du 10 mars 2023\u00a0relative \u00e0 l'acc\u00e9l\u00e9ration de la production d'\u00e9nergies renouvelables a introduit de nouvelles d\u00e9rogations \u00e0 la loi littoral, en faveur, d'une part, des ouvrages du r\u00e9seau public de transport d'\u00e9lectricit\u00e9 n\u00e9cessaires au d\u00e9veloppement de l'\u00e9olien en mer et \u00e0 la d\u00e9carbonation des industries et,\u2026","rel":"","context":"Dans &quot;D\u00e9cret&quot;","block_context":{"text":"D\u00e9cret","link":"https:\/\/www.enviroscop.fr\/actu\/category\/juridique\/decret\/"},"img":{"alt_text":"","src":"https:\/\/i0.wp.com\/www.enviroscop.fr\/actu\/wp-content\/uploads\/2013\/05\/17141_une.jpg?resize=350%2C200&ssl=1","width":350,"height":200},"classes":[]},{"id":4252,"url":"https:\/\/www.enviroscop.fr\/actu\/2021\/05\/decret-n-2021-639-du-21-mai-2021-modifiant-diverses-dispositions-du-code-de-lurbanisme-relatives-au-schema-de-coherence-territoriale\/","url_meta":{"origin":5325,"position":5},"title":"D\u00e9cret n\u00b0 2021-639 du 21 mai 2021 modifiant diverses dispositions du code de l&rsquo;urbanisme relatives au sch\u00e9ma de coh\u00e9rence territoriale","author":"Enviroscop","date":"25 mai 2021","format":false,"excerpt":"Publics concern\u00e9s : Etat, collectivit\u00e9s territoriales et leurs groupements, entreprises et particuliers. Objet : mise \u00e0 jour des dispositions r\u00e9glementaires relatives au contenu des sch\u00e9mas de coh\u00e9rence territoriale, \u00e0 leurs effets, et \u00e0 la proc\u00e9dure d'\u00e9laboration, d'\u00e9valuation et d'\u00e9volution du sch\u00e9ma de coh\u00e9rence territoriale pour prendre en compte les dispositions\u2026","rel":"","context":"Dans &quot;Etude d'impact&quot;","block_context":{"text":"Etude d'impact","link":"https:\/\/www.enviroscop.fr\/actu\/category\/evaluation\/etude-dimpact\/"},"img":{"alt_text":"","src":"https:\/\/i0.wp.com\/www.enviroscop.fr\/actu\/wp-content\/uploads\/2013\/05\/17141_une.jpg?resize=350%2C200","width":350,"height":200},"classes":[]}],"jetpack_sharing_enabled":true,"_links":{"self":[{"href":"https:\/\/www.enviroscop.fr\/actu\/wp-json\/wp\/v2\/posts\/5325","targetHints":{"allow":["GET"]}}],"collection":[{"href":"https:\/\/www.enviroscop.fr\/actu\/wp-json\/wp\/v2\/posts"}],"about":[{"href":"https:\/\/www.enviroscop.fr\/actu\/wp-json\/wp\/v2\/types\/post"}],"author":[{"embeddable":true,"href":"https:\/\/www.enviroscop.fr\/actu\/wp-json\/wp\/v2\/users\/1"}],"replies":[{"embeddable":true,"href":"https:\/\/www.enviroscop.fr\/actu\/wp-json\/wp\/v2\/comments?post=5325"}],"version-history":[{"count":1,"href":"https:\/\/www.enviroscop.fr\/actu\/wp-json\/wp\/v2\/posts\/5325\/revisions"}],"predecessor-version":[{"id":5326,"href":"https:\/\/www.enviroscop.fr\/actu\/wp-json\/wp\/v2\/posts\/5325\/revisions\/5326"}],"wp:attachment":[{"href":"https:\/\/www.enviroscop.fr\/actu\/wp-json\/wp\/v2\/media?parent=5325"}],"wp:term":[{"taxonomy":"category","embeddable":true,"href":"https:\/\/www.enviroscop.fr\/actu\/wp-json\/wp\/v2\/categories?post=5325"},{"taxonomy":"post_tag","embeddable":true,"href":"https:\/\/www.enviroscop.fr\/actu\/wp-json\/wp\/v2\/tags?post=5325"}],"curies":[{"name":"wp","href":"https:\/\/api.w.org\/{rel}","templated":true}]}}