{"id":5345,"date":"2023-09-20T11:08:45","date_gmt":"2023-09-20T10:08:45","guid":{"rendered":"https:\/\/www.enviroscop.fr\/actu\/?p=5345"},"modified":"2023-09-20T11:08:45","modified_gmt":"2023-09-20T10:08:45","slug":"ile-de-france-cartographie-regionale-des-zones-de-developpement-favorable-a-leolien","status":"publish","type":"post","link":"https:\/\/www.enviroscop.fr\/actu\/2023\/09\/ile-de-france-cartographie-regionale-des-zones-de-developpement-favorable-a-leolien\/","title":{"rendered":"Ile-de-France : Cartographie r\u00e9gionale des zones de d\u00e9veloppement favorable \u00e0 l\u2019\u00e9olien"},"content":{"rendered":"<div class=\"chapo-article fr-mt-4w fr-pt-3w\">\n<p class=\"fr-text--lead\"><img data-recalc-dims=\"1\" loading=\"lazy\" decoding=\"async\" data-attachment-id=\"5346\" data-permalink=\"https:\/\/www.enviroscop.fr\/actu\/2023\/09\/ile-de-france-cartographie-regionale-des-zones-de-developpement-favorable-a-leolien\/capture-decran-2023-09-20-140732\/\" data-orig-file=\"https:\/\/i0.wp.com\/www.enviroscop.fr\/actu\/wp-content\/uploads\/2023\/09\/Capture-decran-2023-09-20-140732.png?fit=1036%2C1469&amp;ssl=1\" data-orig-size=\"1036,1469\" data-comments-opened=\"1\" data-image-meta=\"{&quot;aperture&quot;:&quot;0&quot;,&quot;credit&quot;:&quot;&quot;,&quot;camera&quot;:&quot;&quot;,&quot;caption&quot;:&quot;&quot;,&quot;created_timestamp&quot;:&quot;0&quot;,&quot;copyright&quot;:&quot;&quot;,&quot;focal_length&quot;:&quot;0&quot;,&quot;iso&quot;:&quot;0&quot;,&quot;shutter_speed&quot;:&quot;0&quot;,&quot;title&quot;:&quot;&quot;,&quot;orientation&quot;:&quot;0&quot;}\" data-image-title=\"Capture d&amp;rsquo;\u00e9cran 2023-09-20 140732\" data-image-description=\"\" data-image-caption=\"\" data-large-file=\"https:\/\/i0.wp.com\/www.enviroscop.fr\/actu\/wp-content\/uploads\/2023\/09\/Capture-decran-2023-09-20-140732.png?fit=722%2C1024&amp;ssl=1\" class=\"alignleft  wp-image-5346\" src=\"https:\/\/i0.wp.com\/www.enviroscop.fr\/actu\/wp-content\/uploads\/2023\/09\/Capture-decran-2023-09-20-140732.png?resize=269%2C381&#038;ssl=1\" alt=\"\" width=\"269\" height=\"381\" srcset=\"https:\/\/i0.wp.com\/www.enviroscop.fr\/actu\/wp-content\/uploads\/2023\/09\/Capture-decran-2023-09-20-140732.png?w=1036&amp;ssl=1 1036w, https:\/\/i0.wp.com\/www.enviroscop.fr\/actu\/wp-content\/uploads\/2023\/09\/Capture-decran-2023-09-20-140732.png?resize=212%2C300&amp;ssl=1 212w, https:\/\/i0.wp.com\/www.enviroscop.fr\/actu\/wp-content\/uploads\/2023\/09\/Capture-decran-2023-09-20-140732.png?resize=722%2C1024&amp;ssl=1 722w, https:\/\/i0.wp.com\/www.enviroscop.fr\/actu\/wp-content\/uploads\/2023\/09\/Capture-decran-2023-09-20-140732.png?resize=768%2C1089&amp;ssl=1 768w, https:\/\/i0.wp.com\/www.enviroscop.fr\/actu\/wp-content\/uploads\/2023\/09\/Capture-decran-2023-09-20-140732.png?resize=750%2C1063&amp;ssl=1 750w\" sizes=\"auto, (max-width: 269px) 100vw, 269px\" \/>Par circulaire du 26 mai 2021, Madame la Ministre de la Transition \u00e9cologique, a demand\u00e9 aux pr\u00e9fets de r\u00e9gion d\u2019\u00e9laborer une cartographie r\u00e9gionale r\u00e9glementaire des zones favorables au d\u00e9veloppement de l\u2019\u00e9olien.<\/p>\n<\/div>\n<div class=\"date-article fr-mt-4w fr-pt-3w\">\n<p class=\"fr-text--sm\">L\u2019\u00e9laboration de cette cartographie s\u2019est effectu\u00e9e en plusieurs \u00e9tapes avant d\u2019aboutir \u00e0 la version finale que vous pouvez retrouver ci-dessous.<\/p>\n<\/div>\n<div class=\"texte-article fr-text fr-mt-8w fr-mb-3w\">\n<div class=\"texteencadre-spip spip\">\n<blockquote class=\"spip\"><p>Vous pouvez retrouver la cartographie des zones favorable au d\u00e9veloppement \u00e9olien au lien suivant\u00a0:<br class=\"autobr\" \/><a class=\"spip_out\" title=\"https:\/\/carto2.geo-ide.din.developpement-durable.gouv.fr\/frontoffice\/?map=f4907ae3-1daa-4789-900d-2c9691138369 (nouvelle fenetre)\" href=\"https:\/\/carto2.geo-ide.din.developpement-durable.gouv.fr\/frontoffice\/?map=f4907ae3-1daa-4789-900d-2c9691138369\" target=\"_blank\" rel=\"noopener noreferrer external\">https:\/\/carto2.geo-ide.din.developpement-durable.gouv.fr\/frontoffice\/?map=f4907ae3-1daa-4789-900d-2c9691138369<\/a><\/p><\/blockquote>\n<\/div>\n<p>&nbsp;<\/p>\n<p>Un premier travail a \u00e9t\u00e9 r\u00e9alis\u00e9 au deuxi\u00e8me semestre 2021 avant d\u2019\u00eatre soumis \u00e0 l\u2019avis de diff\u00e9rents acteurs du territoire dans le cadre d\u2019une consultation lanc\u00e9e en d\u00e9but d\u2019ann\u00e9e 2022. Cette derni\u00e8re, regroupant des associations, des d\u00e9veloppeurs, des collectivit\u00e9s ou encore des services de l\u2019\u00c9tat, a permis de r\u00e9colter une cinquantaine d\u2019avis.<\/p>\n<p>Dans un second temps, une harmonisation nationale a eu lieu, d\u00e9bouchant sur une version homog\u00e8ne, int\u00e9gr\u00e9e dans l\u2019outil\u00a0<a class=\"spip_out\" title=\"portail ENR de l\u2019IGN&amp;CEREMA (nouvelle fenetre)\" href=\"https:\/\/geoservices.ign.fr\/portail-cartographique-enr\" target=\"_blank\" rel=\"noopener noreferrer external\">portail\u00a0<abbr class=\"indication_glossaire\" title=\"\u00c9nergie renouvelable\">ENR<\/abbr>\u00a0de l\u2019IGN&amp;<abbr class=\"indication_glossaire\" title=\"Centre d\u2019\u00e9tudes et d\u2019expertise sur les risques, l\u2019environnement, la mobilit\u00e9 et l\u2019am\u00e9nagement\">CEREMA<\/abbr><\/a>. La cr\u00e9ation de cet outil, mis \u00e0 disposition des collectivit\u00e9s et du grand public, s\u2019inscrit dans la lign\u00e9e de la loi d\u2019acc\u00e9l\u00e9ration des \u00e9nergies renouvelables (<a class=\"spip_out\" title=\"loi APER (nouvelle fenetre)\" href=\"https:\/\/www.ecologie.gouv.fr\/planification-des-energies-renouvelables-et-donnees\" target=\"_blank\" rel=\"noopener noreferrer external\">loi APER<\/a>) et aidera \u00e0 la d\u00e9finition des zones d\u2019acc\u00e9l\u00e9ration des EnR \u00e0 l\u2019\u00e9chelle communale.<\/p>\n<p>Quatre niveaux de contrainte ont \u00e9t\u00e9 d\u00e9termin\u00e9s\u00a0:<\/p>\n<ul class=\"spip\">\n<li>\u00ab\u00a0<strong>enjeux r\u00e9dhibitoires\u00a0<\/strong>\u00a0\u00bb, zones o\u00f9 le d\u00e9veloppement de l\u2019\u00e9olien est impossible du fait d\u2019une interdiction r\u00e9glementaire stricte\u00a0;<\/li>\n<li>\u00ab\u00a0<strong>zones avec de forts enjeux av\u00e9r\u00e9s<\/strong>\u00a0\u00bb, zones o\u00f9 le d\u00e9veloppement de l\u2019\u00e9olien sera difficile du fait de la pr\u00e9sence de forts enjeux av\u00e9r\u00e9s\u00a0;<\/li>\n<li>\u00ab\u00a0<strong>zones favorables sous r\u00e9serve de la prise en compte d\u2019enjeux<\/strong>\u00a0\u00bb, zones favorables au d\u00e9veloppement \u00e9olien mais dans lesquelles des enjeux identifi\u00e9s doivent \u00eatre pris en consid\u00e9ration\u00a0;<\/li>\n<li>\u00ab\u00a0<strong>zones favorables sous r\u00e9serve de la prise en compte d\u2019enjeux locaux<\/strong>\u00a0\u00bb, zones favorables au d\u00e9veloppement \u00e9olien mais dans lesquelles des enjeux locaux ont \u00e9t\u00e9 identifi\u00e9s et doivent \u00eatre pris en consid\u00e9ration.<\/li>\n<\/ul>\n<p>L\u2019ensemble des zones non couvertes par les niveaux de contraintes list\u00e9s ci-dessus ont \u00e9t\u00e9 nomm\u00e9es\u00a0<strong>zones \u00ab\u00a0de moindres contraintes\u00a0\u00bb<\/strong>. Ces derni\u00e8res ne sont pour l\u2019instant pas list\u00e9es sur la cartographie nationale du Portail EnR IGN&amp;Cerema, o\u00f9 elles sont confondues avec les zones favorables sous r\u00e9serve de la prise en compte d\u2019enjeux locaux.<\/p>\n<div class=\"texteencadre-spip spip\">L\u2019<a class=\"spip_in\" title=\"atlas des contraintes\" href=\"https:\/\/www.drieat.ile-de-france.developpement-durable.gouv.fr\/IMG\/pdf\/20230913-atlas_des_contraintes_et_enjeux-carte_eolien_ile-de-france-vf.pdf\" type=\"application\/pdf\">atlas des contraintes<\/a>, recense toutes les contraintes prise en compte et leurs classifications sont justifi\u00e9es.<\/div>\n<p>La cartographie sera mise \u00e0 jour tous les 5\u00a0ans, en parall\u00e8le de la mise \u00e0 jour des zones d\u2019acc\u00e9l\u00e9ration ENR dans le cadre de la loi APER.<\/p>\n<\/div>\n<div class=\"fr-downloads-group fr-downloads-group--bordered fr-mb-8v\">\n<ul>\n<li>\n<div class=\"fr-download\">\n<p><a class=\"fr-download__link\" href=\"https:\/\/www.drieat.ile-de-france.developpement-durable.gouv.fr\/IMG\/pdf\/20230913-atlas_des_contraintes_et_enjeux-carte_eolien_ile-de-france-vf.pdf\" download=\"\">Carte des zones potentiellement favorables \u00e0 l\u2019\u00e9olien en Ile-de-France \u2014 Atlas des contraintes et enjeux\u00a0<\/a><\/p>\n<\/div>\n<\/li>\n<\/ul>\n<\/div>\n","protected":false},"excerpt":{"rendered":"<p>Par circulaire du 26 mai 2021, Madame la Ministre de la Transition \u00e9cologique, a demand\u00e9 aux pr\u00e9fets de r\u00e9gion d\u2019\u00e9laborer une cartographie r\u00e9gionale r\u00e9glementaire des zones favorables au d\u00e9veloppement de l\u2019\u00e9olien. L\u2019\u00e9laboration de cette cartographie s\u2019est effectu\u00e9e en plusieurs \u00e9tapes avant d\u2019aboutir \u00e0 la version finale que vous pouvez retrouver ci-dessous. Vous pouvez retrouver la &hellip; <\/p>\n<p><a class=\"more-link btn\" href=\"https:\/\/www.enviroscop.fr\/actu\/2023\/09\/ile-de-france-cartographie-regionale-des-zones-de-developpement-favorable-a-leolien\/\">Lire la suite<\/a><\/p>\n","protected":false},"author":1,"featured_media":0,"comment_status":"open","ping_status":"open","sticky":false,"template":"","format":"standard","meta":{"jetpack_post_was_ever_published":false,"_jetpack_newsletter_access":"","_jetpack_dont_email_post_to_subs":false,"_jetpack_newsletter_tier_id":0,"_jetpack_memberships_contains_paywalled_content":false,"_jetpack_memberships_contains_paid_content":false,"footnotes":"","jetpack_publicize_message":"","jetpack_publicize_feature_enabled":true,"jetpack_social_post_already_shared":true,"jetpack_social_options":{"image_generator_settings":{"template":"highway","default_image_id":0,"font":"","enabled":false},"version":2}},"categories":[5,19,20,7,8,10,30,86,125,50],"tags":[],"class_list":["post-5345","post","type-post","status-publish","format-standard","hentry","category-amenagement","category-dreal","category-durable","category-energie","category-eolien","category-evaluation","category-guide","category-ile-de-france","category-renouvelable","category-sig","item-wrap"],"jetpack_publicize_connections":[],"jetpack_featured_media_url":"","jetpack_shortlink":"https:\/\/wp.me\/p3rXAp-1od","jetpack_likes_enabled":true,"jetpack-related-posts":[{"id":4263,"url":"https:\/\/www.enviroscop.fr\/actu\/2021\/05\/instruction-du-gouvernement-du-26-mai-2021-relative-a-la-planification-territoriale-et-linstruction-des-projets-eoliens\/","url_meta":{"origin":5345,"position":0},"title":"Instruction du Gouvernement du 26 mai 2021 relative \u00e0 la planification territoriale et l&rsquo;instruction des projets \u00e9oliens","author":"Enviroscop","date":"28 mai 2021","format":false,"excerpt":"La pr\u00e9sente instruction rappelle l\u2019importance de d\u00e9velopper l\u2019\u00e9olien et la position de l\u2019Etat \u00e0 ce sujet. Elle demande aux Pr\u00e9fets de r\u00e9gion de r\u00e9aliser une cartographie des zones favorables au d\u00e9veloppement de l\u2019\u00e9olien afin de s\u00e9curiser l\u2019atteinte des objectifs de la PPE et la g\u00e9n\u00e9ralisation des p\u00f4les \u00e9oliens. Elle pr\u00e9cise\u2026","rel":"","context":"Dans &quot;Am\u00e9nagement&quot;","block_context":{"text":"Am\u00e9nagement","link":"https:\/\/www.enviroscop.fr\/actu\/category\/amenagement\/"},"img":{"alt_text":"","src":"https:\/\/i0.wp.com\/www.enviroscop.fr\/actu\/wp-content\/uploads\/2015\/07\/20150702_121207_img0014.jpg?resize=350%2C200","width":350,"height":200},"classes":[]},{"id":5088,"url":"https:\/\/www.enviroscop.fr\/actu\/2022\/12\/eolien-en-mer-lassemblee-vote-un-article-decisif\/","url_meta":{"origin":5345,"position":1},"title":"\u00c9olien en mer : l\u2019Assembl\u00e9e vote un article d\u00e9cisif","author":"Enviroscop","date":"15 d\u00e9cembre 2022","format":false,"excerpt":"L'Assembl\u00e9e nationale a adopt\u00e9 un des articles cl\u00e9s du projet de loi sur les \u00e9nergies renouvelables, visant \u00e0 acc\u00e9l\u00e9rer l'installation de parcs \u00e9oliens en mer en d\u00e9complexifiant les proc\u00e9dures de consultation. \u00a9 Nexans C\u2019est une avanc\u00e9e pour le d\u00e9veloppement de l\u2019\u00e9olien en mer fran\u00e7ais : une majorit\u00e9 de d\u00e9put\u00e9s ont\u2026","rel":"","context":"Dans &quot;Assembl\u00e9e nationale&quot;","block_context":{"text":"Assembl\u00e9e nationale","link":"https:\/\/www.enviroscop.fr\/actu\/category\/juridique\/assemblee-nationale\/"},"img":{"alt_text":"","src":"","width":0,"height":0},"classes":[]},{"id":5251,"url":"https:\/\/www.enviroscop.fr\/actu\/2023\/06\/eolien-en-mer-la-concertation-est-lancee-en-vue-de-la-planification-par-facade-maritime\/","url_meta":{"origin":5345,"position":2},"title":"\u00c9olien en mer : la concertation est lanc\u00e9e en vue de la planification par fa\u00e7ade maritime","author":"Enviroscop","date":"9 juin 2023","format":false,"excerpt":"Le Gouvernement demande aux pr\u00e9fets de lancer la concertation par fa\u00e7ade maritime en vue d'identifier des zones de d\u00e9veloppement de l'\u00e9olien offshore. Objectif\u00a0: lancer 18 GW de projets d'ici \u00e0 2035 et 14 GW suppl\u00e9mentaires d'ici 2050. Le Gouvernement a demand\u00e9 ce 7 juin, par circulaire, aux pr\u00e9fets de lancer\u2026","rel":"","context":"Dans &quot;Am\u00e9nagement&quot;","block_context":{"text":"Am\u00e9nagement","link":"https:\/\/www.enviroscop.fr\/actu\/category\/amenagement\/"},"img":{"alt_text":"","src":"","width":0,"height":0},"classes":[]},{"id":4787,"url":"https:\/\/www.enviroscop.fr\/actu\/2022\/06\/cartographie-des-eoliennes-en-france-vers-un-referentiel-commun\/","url_meta":{"origin":5345,"position":3},"title":"Cartographie des \u00e9oliennes en France, vers un r\u00e9f\u00e9rentiel commun","author":"Enviroscop","date":"2 juin 2022","format":false,"excerpt":"\u00a0 Les DREAL (Direction r\u00e9gionale de l'Environnement, de l'Am\u00e9nagement et du Logement) tiennent \u00e0 jour les bases de donn\u00e9es des \u00e9oliennes projet\u00e9es et construites sur les r\u00e9gions fran\u00e7aises. L'application OREOL (Outil de R\u00e9f\u00e9rencement des EOLiennes), relative aux Installations class\u00e9es, devrait permettre de constituer un r\u00e9f\u00e9rentiel national commun incluant notamment l'ensemble\u2026","rel":"","context":"Dans &quot;Energie&quot;","block_context":{"text":"Energie","link":"https:\/\/www.enviroscop.fr\/actu\/category\/energie\/"},"img":{"alt_text":"base-de-donnees-eoliennes-dreal-region","src":"https:\/\/i0.wp.com\/www.remapservices.com\/images\/5\/1\/8\/6\/8\/5186893032e0564395602da81ee70a0ba326be81-img1-base-de-donnees-eoliennes-dreal-region.jpg?resize=350%2C200&ssl=1","width":350,"height":200,"srcset":"https:\/\/i0.wp.com\/www.remapservices.com\/images\/5\/1\/8\/6\/8\/5186893032e0564395602da81ee70a0ba326be81-img1-base-de-donnees-eoliennes-dreal-region.jpg?resize=350%2C200&ssl=1 1x, https:\/\/i0.wp.com\/www.remapservices.com\/images\/5\/1\/8\/6\/8\/5186893032e0564395602da81ee70a0ba326be81-img1-base-de-donnees-eoliennes-dreal-region.jpg?resize=525%2C300&ssl=1 1.5x, https:\/\/i0.wp.com\/www.remapservices.com\/images\/5\/1\/8\/6\/8\/5186893032e0564395602da81ee70a0ba326be81-img1-base-de-donnees-eoliennes-dreal-region.jpg?resize=700%2C400&ssl=1 2x"},"classes":[]},{"id":4100,"url":"https:\/\/www.enviroscop.fr\/actu\/2021\/02\/offre-de-recrutement-charge-e-detudes-paysage-eolien\/","url_meta":{"origin":5345,"position":4},"title":"Offre de recrutement : CHARGE.E D\u2019ETUDES PAYSAGE EOLIEN","author":"Enviroscop","date":"11 f\u00e9vrier 2021","format":false,"excerpt":"Dans le cadre du d\u00e9veloppement de nos activit\u00e9s, nous recherchons un(e) charg\u00e9(e) d\u2019\u00e9tude en paysage pour renforcer notre \u00e9quipe pluridisciplinaire (g\u00e9ographes, ing\u00e9nieurs \u00e9cologues et paysagistes). Au sein de l\u2019\u00e9quipe, vous assisterez les chefs de projet paysage pour l\u2019analyse, la cartographie et la r\u00e9daction des volets paysagers de projets \u00e9oliens. Vous\u2026","rel":"","context":"Dans &quot;Enviroscop&quot;","block_context":{"text":"Enviroscop","link":"https:\/\/www.enviroscop.fr\/actu\/category\/non-classe\/"},"img":{"alt_text":"","src":"","width":0,"height":0},"classes":[]},{"id":2871,"url":"https:\/\/www.enviroscop.fr\/actu\/2017\/09\/enviroscop-recrute-une-chargee-detude-geographie-paysage\/","url_meta":{"origin":5345,"position":5},"title":"Poste pourvu ! Enviroscop recrute un(e) charg\u00e9(e) d\u2019\u00e9tude g\u00e9ographie et paysage","author":"Enviroscop","date":"19 septembre 2017","format":false,"excerpt":"Dans le cadre du d\u00e9veloppement de nos activit\u00e9s, nous recherchons un(e) charg\u00e9(e) d\u2019\u00e9tude en g\u00e9ographie\/paysage pour renforcer notre \u00e9quipe pluridisciplinaire de 5 personnes (g\u00e9ographes, ing\u00e9nieurs \u00e9cologues et paysagistes). \u00a0 Missions Au sein de l\u2019\u00e9quipe, vous assisterez les chefs de projet pour l\u2019analyse, la cartographie et la r\u00e9daction d'\u00e9tudes paysag\u00e8res (\u00e9olien\u2026","rel":"","context":"Dans &quot;enviroscop&quot;","block_context":{"text":"enviroscop","link":"https:\/\/www.enviroscop.fr\/actu\/category\/enviroscop\/"},"img":{"alt_text":"","src":"","width":0,"height":0},"classes":[]}],"jetpack_sharing_enabled":true,"_links":{"self":[{"href":"https:\/\/www.enviroscop.fr\/actu\/wp-json\/wp\/v2\/posts\/5345","targetHints":{"allow":["GET"]}}],"collection":[{"href":"https:\/\/www.enviroscop.fr\/actu\/wp-json\/wp\/v2\/posts"}],"about":[{"href":"https:\/\/www.enviroscop.fr\/actu\/wp-json\/wp\/v2\/types\/post"}],"author":[{"embeddable":true,"href":"https:\/\/www.enviroscop.fr\/actu\/wp-json\/wp\/v2\/users\/1"}],"replies":[{"embeddable":true,"href":"https:\/\/www.enviroscop.fr\/actu\/wp-json\/wp\/v2\/comments?post=5345"}],"version-history":[{"count":1,"href":"https:\/\/www.enviroscop.fr\/actu\/wp-json\/wp\/v2\/posts\/5345\/revisions"}],"predecessor-version":[{"id":5347,"href":"https:\/\/www.enviroscop.fr\/actu\/wp-json\/wp\/v2\/posts\/5345\/revisions\/5347"}],"wp:attachment":[{"href":"https:\/\/www.enviroscop.fr\/actu\/wp-json\/wp\/v2\/media?parent=5345"}],"wp:term":[{"taxonomy":"category","embeddable":true,"href":"https:\/\/www.enviroscop.fr\/actu\/wp-json\/wp\/v2\/categories?post=5345"},{"taxonomy":"post_tag","embeddable":true,"href":"https:\/\/www.enviroscop.fr\/actu\/wp-json\/wp\/v2\/tags?post=5345"}],"curies":[{"name":"wp","href":"https:\/\/api.w.org\/{rel}","templated":true}]}}