{"id":5349,"date":"2023-09-21T10:45:02","date_gmt":"2023-09-21T09:45:02","guid":{"rendered":"https:\/\/www.enviroscop.fr\/actu\/?p=5349"},"modified":"2023-09-21T10:45:02","modified_gmt":"2023-09-21T09:45:02","slug":"planification-ecologique-ou-iront-les-10-milliards-dinvestissements-supplementaires-prevus-par-letat","status":"publish","type":"post","link":"https:\/\/www.enviroscop.fr\/actu\/2023\/09\/planification-ecologique-ou-iront-les-10-milliards-dinvestissements-supplementaires-prevus-par-letat\/","title":{"rendered":"Planification \u00e9cologique : o\u00f9 iront les 10 milliards d&rsquo;investissements suppl\u00e9mentaires pr\u00e9vus par l&rsquo;Etat ?"},"content":{"rendered":"<div class=\"lead__wrapper mb-4\">\n<div style=\"width: 1040px\" class=\"wp-caption alignnone\"><img data-recalc-dims=\"1\" loading=\"lazy\" decoding=\"async\" class=\"img-fluid image-style-landscape-no-crop\" src=\"https:\/\/i0.wp.com\/www.banquedesterritoires.fr\/sites\/default\/files\/styles\/landscape_no_crop\/public\/2023-09\/ioyyyyyyyyyyyyyyyuouioopoppppptitre-1.jpg?resize=750%2C534&#038;ssl=1\" alt=\"planification \u00e9cologiique\" width=\"750\" height=\"534\" \/><p class=\"wp-caption-text\">\u00a9 France nation verte et AR<\/p><\/div>\n<p class=\"lead mb-3 mt-2\"><strong>R\u00e9novation des logements, agriculture et biodiversit\u00e9 en t\u00eate, le gouvernement a d\u00e9taill\u00e9 ce 19 septembre devant le Conseil national de la refondation (CNR) la r\u00e9partition des plus de 10 milliards d&rsquo;euros suppl\u00e9mentaires engag\u00e9s dans la transition \u00e9cologique, dont 7 milliards seront d\u00e9pens\u00e9s en 2024.<\/strong><\/p>\n<\/div>\n<div class=\"row\">\n<div class=\"col-md-8 mx-md-auto mb-5 mb-md-8\">\n<div class=\"field field--name-field-tra-media-image field--type-entity-reference\">\n<div class=\"media media--type-image media--view-mode-landscape  figure figure__wrapper \" tabindex=\"0\">\n<div class=\"image-copyright\" role=\"group\" aria-label=\"\u00a9\u00a9 France nation verte et AR\">\n<p class=\"figcaption m-0\">Au lendemain de sa rencontre avec les chefs de partis politiques (<a style=\"background-color: #ffffff;\" href=\"https:\/\/www.banquedesterritoires.fr\/planification-ecologique-une-serie-dechanges-en-attendant-la-presentation-le-25-septembre\">lire notre article<\/a>) et en attendant la prise de parole d&rsquo;Emmanuel Macon pr\u00e9vue lundi 25 septembre, Elisabeth Borne, accompagn\u00e9e de cinq ministres, a pr\u00e9sent\u00e9 ce mardi 19 septembre les grandes lignes de la planification \u00e9cologique dont elle est charg\u00e9e aux diff\u00e9rents acteurs du Conseil national de la refondation (CNR) &#8211; repr\u00e9sentants d&rsquo;organisations patronales, syndicales, d&rsquo;\u00e9lus locaux, de chambres consulaires, d&rsquo;associations environnementales ou de lutte contre la pauvret\u00e9.<\/p>\n<p>Pour lire l&rsquo;int\u00e9gralit\u00e9 de l&rsquo;article, c<a href=\"https:\/\/www.banquedesterritoires.fr\/planification-ecologique-ou-iront-les-10-milliards-dinvestissements-supplementaires-prevus-par?pk_campaign=newsletter_quotidienne&amp;pk_kwd=2023-09-20&amp;pk_source=Actualit%C3%A9s_Localtis&amp;pk_medium=newsletter_quotidienne\" target=\"_blank\" rel=\"noopener\">&lsquo;est sur le site de la Banque des Territoires<\/a><\/p>\n<\/div>\n<\/div>\n<\/div>\n<\/div>\n<\/div>\n","protected":false},"excerpt":{"rendered":"<p>R\u00e9novation des logements, agriculture et biodiversit\u00e9 en t\u00eate, le gouvernement a d\u00e9taill\u00e9 ce 19 septembre devant le Conseil national de la refondation (CNR) la r\u00e9partition des plus de 10 milliards d&rsquo;euros suppl\u00e9mentaires engag\u00e9s dans la transition \u00e9cologique, dont 7 milliards seront d\u00e9pens\u00e9s en 2024. Au lendemain de sa rencontre avec les chefs de partis politiques &hellip; <\/p>\n<p><a class=\"more-link btn\" href=\"https:\/\/www.enviroscop.fr\/actu\/2023\/09\/planification-ecologique-ou-iront-les-10-milliards-dinvestissements-supplementaires-prevus-par-letat\/\">Lire la suite<\/a><\/p>\n","protected":false},"author":1,"featured_media":0,"comment_status":"open","ping_status":"open","sticky":false,"template":"","format":"standard","meta":{"jetpack_post_was_ever_published":false,"_jetpack_newsletter_access":"","_jetpack_dont_email_post_to_subs":false,"_jetpack_newsletter_tier_id":0,"_jetpack_memberships_contains_paywalled_content":false,"_jetpack_memberships_contains_paid_content":false,"footnotes":"","jetpack_publicize_message":"","jetpack_publicize_feature_enabled":true,"jetpack_social_post_already_shared":true,"jetpack_social_options":{"image_generator_settings":{"template":"highway","default_image_id":0,"font":"","enabled":false},"version":2}},"categories":[3,5,127,11,15,20,22,7,68,125,54],"tags":[],"class_list":["post-5349","post","type-post","status-publish","format-standard","hentry","category-agriculture","category-amenagement","category-banque-des-territoires","category-biodiversite","category-climat","category-durable","category-economie","category-energie","category-france","category-renouvelable","category-transport","item-wrap"],"jetpack_publicize_connections":[],"jetpack_featured_media_url":"","jetpack_shortlink":"https:\/\/wp.me\/p3rXAp-1oh","jetpack_likes_enabled":true,"jetpack-related-posts":[{"id":5357,"url":"https:\/\/www.enviroscop.fr\/actu\/2023\/09\/plf-2024-7-milliards-deuros-de-credits-supplementaires-pour-la-planification-ecologique\/","url_meta":{"origin":5349,"position":0},"title":"PLF 2024 &#8211; 7 milliards d&rsquo;euros de cr\u00e9dits suppl\u00e9mentaires pour la planification \u00e9cologique","author":"Enviroscop","date":"28 septembre 2023","format":false,"excerpt":"R\u00e9novation des logements, mobilit\u00e9, pr\u00e9servation de la biodiversit\u00e9, eau et \u00e9nergie, appui aux territoires, notamment \u00e0 travers le fonds vert : le budget port\u00e9 par les minist\u00e8res de la Transition \u00e9cologique et de la Transition \u00e9nerg\u00e9tique va b\u00e9n\u00e9ficier de 7 milliards d'euros de cr\u00e9dits suppl\u00e9mentaires en 2024. Les effectifs des\u2026","rel":"","context":"Dans &quot;Air&quot;","block_context":{"text":"Air","link":"https:\/\/www.enviroscop.fr\/actu\/category\/compartiments\/air\/"},"img":{"alt_text":"PLF 2024 transition \u00e9cologique","src":"https:\/\/i0.wp.com\/www.banquedesterritoires.fr\/sites\/default\/files\/styles\/landscape_auto_crop\/public\/2023-09\/F7BsioGWsAAIN5r.jpg?resize=350%2C200&ssl=1","width":350,"height":200,"srcset":"https:\/\/i0.wp.com\/www.banquedesterritoires.fr\/sites\/default\/files\/styles\/landscape_auto_crop\/public\/2023-09\/F7BsioGWsAAIN5r.jpg?resize=350%2C200&ssl=1 1x, https:\/\/i0.wp.com\/www.banquedesterritoires.fr\/sites\/default\/files\/styles\/landscape_auto_crop\/public\/2023-09\/F7BsioGWsAAIN5r.jpg?resize=525%2C300&ssl=1 1.5x, https:\/\/i0.wp.com\/www.banquedesterritoires.fr\/sites\/default\/files\/styles\/landscape_auto_crop\/public\/2023-09\/F7BsioGWsAAIN5r.jpg?resize=700%2C400&ssl=1 2x"},"classes":[]},{"id":4976,"url":"https:\/\/www.enviroscop.fr\/actu\/2022\/09\/plf-2023-des-moyens-historiquement-eleves-pour-les-ministeres-des-transitions-ecologique-et-energetique\/","url_meta":{"origin":5349,"position":1},"title":"PLF 2023 : des moyens \u00ab\u00a0historiquement \u00e9lev\u00e9s\u00a0\u00bb pour les minist\u00e8res des transitions \u00e9cologique et \u00e9nerg\u00e9tique","author":"Enviroscop","date":"28 septembre 2022","format":false,"excerpt":"Le projet de loi de finances pour 2023 pr\u00e9voit un budget de pr\u00e8s de 60 milliards d\u2019euros pour les minist\u00e8res de la Transition \u00e9cologique et de la Transition \u00e9nerg\u00e9tique. Une somme qui ne sera pas enti\u00e8rement consacr\u00e9e \u00e0 ces derni\u00e8res \u2013 un cinqui\u00e8me est consacr\u00e9 au bouclier tarifaire \u00e9nerg\u00e9tique\u00a0 \u2013,\u2026","rel":"","context":"Dans &quot;Banque des Territoires&quot;","block_context":{"text":"Banque des Territoires","link":"https:\/\/www.enviroscop.fr\/actu\/category\/source\/banque-des-territoires\/"},"img":{"alt_text":"transitions \u00e9cologique et \u00e9nerg\u00e9tique","src":"https:\/\/i0.wp.com\/www.banquedesterritoires.fr\/sites\/default\/files\/styles\/landscape_auto_crop\/public\/2022-09\/okSansghdfghfghdfgfhfghfghfgh%20titre-1.jpg?resize=350%2C200&ssl=1","width":350,"height":200,"srcset":"https:\/\/i0.wp.com\/www.banquedesterritoires.fr\/sites\/default\/files\/styles\/landscape_auto_crop\/public\/2022-09\/okSansghdfghfghdfgfhfghfghfgh%20titre-1.jpg?resize=350%2C200&ssl=1 1x, https:\/\/i0.wp.com\/www.banquedesterritoires.fr\/sites\/default\/files\/styles\/landscape_auto_crop\/public\/2022-09\/okSansghdfghfghdfgfhfghfghfgh%20titre-1.jpg?resize=525%2C300&ssl=1 1.5x, https:\/\/i0.wp.com\/www.banquedesterritoires.fr\/sites\/default\/files\/styles\/landscape_auto_crop\/public\/2022-09\/okSansghdfghfghdfgfhfghfghfgh%20titre-1.jpg?resize=700%2C400&ssl=1 2x"},"classes":[]},{"id":5306,"url":"https:\/\/www.enviroscop.fr\/actu\/2023\/08\/les-premiers-contours-de-la-planification-ecologique\/","url_meta":{"origin":5349,"position":2},"title":"Les premiers contours de la planification \u00e9cologique","author":"Enviroscop","date":"1 ao\u00fbt 2023","format":false,"excerpt":"Alors qu'une strat\u00e9gie compl\u00e8te, secteur par secteur, sera pr\u00e9sent\u00e9e \"\u00e0 la fin de l'\u00e9t\u00e9\", a affirm\u00e9 Emmanuel Macron le 24 juillet, le secr\u00e9tariat g\u00e9n\u00e9ral \u00e0 la planification \u00e9cologique (SGPE) du gouvernement a publi\u00e9 des \u00e9l\u00e9ments chiffr\u00e9s qui fournissent de premi\u00e8res indications sur les orientations \u00e0 venir pour faire baisser les\u2026","rel":"","context":"Dans &quot;Activit\u00e9&quot;","block_context":{"text":"Activit\u00e9","link":"https:\/\/www.enviroscop.fr\/actu\/category\/activite\/"},"img":{"alt_text":"foret, \u00e9oliennes, r\u00e9novation \u00e9nerg\u00e9tique et tramway","src":"https:\/\/i0.wp.com\/www.banquedesterritoires.fr\/sites\/default\/files\/styles\/landscape_auto_crop\/public\/2023-07\/okokokoqsjdhgqsdgqJSGDKJqsQSDQsdqs.jpg?resize=350%2C200&ssl=1","width":350,"height":200,"srcset":"https:\/\/i0.wp.com\/www.banquedesterritoires.fr\/sites\/default\/files\/styles\/landscape_auto_crop\/public\/2023-07\/okokokoqsjdhgqsdgqJSGDKJqsQSDQsdqs.jpg?resize=350%2C200&ssl=1 1x, https:\/\/i0.wp.com\/www.banquedesterritoires.fr\/sites\/default\/files\/styles\/landscape_auto_crop\/public\/2023-07\/okokokoqsjdhgqsdgqJSGDKJqsQSDQsdqs.jpg?resize=525%2C300&ssl=1 1.5x, https:\/\/i0.wp.com\/www.banquedesterritoires.fr\/sites\/default\/files\/styles\/landscape_auto_crop\/public\/2023-07\/okokokoqsjdhgqsdgqJSGDKJqsQSDQsdqs.jpg?resize=700%2C400&ssl=1 2x"},"classes":[]},{"id":4440,"url":"https:\/\/www.enviroscop.fr\/actu\/2021\/10\/quelles-reponses-economiques-face-au-declin-de-la-biodiversite-la-depense-nationale-de-protection-de-la-biodiversite-et-des-paysages\/","url_meta":{"origin":5349,"position":3},"title":"Quelles r\u00e9ponses \u00e9conomiques face au d\u00e9clin de la biodiversit\u00e9 ? La d\u00e9pense nationale de protection de la biodiversit\u00e9 et des paysages","author":"Enviroscop","date":"6 octobre 2021","format":false,"excerpt":"En 2018, 2,4 milliards d\u2019euros ont \u00e9t\u00e9 consacr\u00e9s \u00e0 la protection de la biodiversit\u00e9 et des paysages sur le territoire national. Cette d\u00e9pense se r\u00e9partit, \u00e0 parts sensiblement \u00e9gales, entre le d\u00e9veloppement des aires prot\u00e9g\u00e9es, la r\u00e9duction des pressions sur les milieux naturels, la protection du patrimoine naturel et la\u2026","rel":"","context":"Dans &quot;Agriculture&quot;","block_context":{"text":"Agriculture","link":"https:\/\/www.enviroscop.fr\/actu\/category\/activite\/agriculture\/"},"img":{"alt_text":"","src":"https:\/\/i0.wp.com\/www.enviroscop.fr\/actu\/wp-content\/uploads\/2021\/06\/Capture-decran-2021-06-30-082126.jpg?resize=350%2C200","width":350,"height":200},"classes":[]},{"id":1125,"url":"https:\/\/www.enviroscop.fr\/actu\/2013\/06\/les-deputes-adoptent-une-resolution-pour-une-fiscalite-ecologique-des-2014\/","url_meta":{"origin":5349,"position":4},"title":"Les d\u00e9put\u00e9s adoptent une r\u00e9solution pour une fiscalit\u00e9 \u00e9cologique d\u00e8s 2014","author":"Enviroscop","date":"6 juin 2013","format":false,"excerpt":"Les d\u00e9put\u00e9s ont adopt\u00e9\u00a0le 4 juin\u00a0une proposition de r\u00e9solution pr\u00e9sent\u00e9e par les socialistes en faveur de la mise en place d\u00e8s le budget 2014 d'une fiscalit\u00e9 \u00e9cologique pour financer la transition\u00a0\u00e9cologique et modifier les\u00a0comportements des agents \u00e9conomiques. \"Ce n'est pas un message pessimiste ou anxiog\u00e8ne que nous voulons transmettre, c'est\u2026","rel":"","context":"Dans &quot;Ecologie&quot;","block_context":{"text":"Ecologie","link":"https:\/\/www.enviroscop.fr\/actu\/category\/nature\/ecologie\/"},"img":{"alt_text":"","src":"","width":0,"height":0},"classes":[]},{"id":1410,"url":"https:\/\/www.enviroscop.fr\/actu\/2013\/09\/la-depense-de-protection-de-lenvironnement-atteint-46-milliards-deuros-en-2011\/","url_meta":{"origin":5349,"position":5},"title":"La d\u00e9pense de protection de l\u2019environnement atteint 46 milliards d\u2019euros en 2011","author":"Enviroscop","date":"3 septembre 2013","format":false,"excerpt":"46 milliards d\u2019euros ont \u00e9t\u00e9 d\u00e9pens\u00e9s en 2011 pour la protection de l\u2019environnement, soit 3,2% de plus qu\u2019en 2010. Ce rythme d\u2019\u00e9volution, similaire \u00e0 celui du produit int\u00e9rieur brut \u00e0 prix courants, s\u2019explique principalement par la hausse des prix des biens et services environnementaux ainsi que des mati\u00e8res premi\u00e8res. La\u2026","rel":"","context":"Dans &quot;durable&quot;","block_context":{"text":"durable","link":"https:\/\/www.enviroscop.fr\/actu\/category\/durable\/"},"img":{"alt_text":"","src":"","width":0,"height":0},"classes":[]}],"jetpack_sharing_enabled":true,"_links":{"self":[{"href":"https:\/\/www.enviroscop.fr\/actu\/wp-json\/wp\/v2\/posts\/5349","targetHints":{"allow":["GET"]}}],"collection":[{"href":"https:\/\/www.enviroscop.fr\/actu\/wp-json\/wp\/v2\/posts"}],"about":[{"href":"https:\/\/www.enviroscop.fr\/actu\/wp-json\/wp\/v2\/types\/post"}],"author":[{"embeddable":true,"href":"https:\/\/www.enviroscop.fr\/actu\/wp-json\/wp\/v2\/users\/1"}],"replies":[{"embeddable":true,"href":"https:\/\/www.enviroscop.fr\/actu\/wp-json\/wp\/v2\/comments?post=5349"}],"version-history":[{"count":1,"href":"https:\/\/www.enviroscop.fr\/actu\/wp-json\/wp\/v2\/posts\/5349\/revisions"}],"predecessor-version":[{"id":5350,"href":"https:\/\/www.enviroscop.fr\/actu\/wp-json\/wp\/v2\/posts\/5349\/revisions\/5350"}],"wp:attachment":[{"href":"https:\/\/www.enviroscop.fr\/actu\/wp-json\/wp\/v2\/media?parent=5349"}],"wp:term":[{"taxonomy":"category","embeddable":true,"href":"https:\/\/www.enviroscop.fr\/actu\/wp-json\/wp\/v2\/categories?post=5349"},{"taxonomy":"post_tag","embeddable":true,"href":"https:\/\/www.enviroscop.fr\/actu\/wp-json\/wp\/v2\/tags?post=5349"}],"curies":[{"name":"wp","href":"https:\/\/api.w.org\/{rel}","templated":true}]}}