{"id":70,"date":"2012-12-14T06:41:00","date_gmt":"2012-12-14T06:41:00","guid":{"rendered":"http:\/\/actu.enviroscop.com\/comprendre-lenergie-eolienne-guide-a-lusage-d"},"modified":"2013-03-01T21:55:18","modified_gmt":"2013-03-01T20:55:18","slug":"comprendre-lenergie-eolienne-guide-a-lusage-d","status":"publish","type":"post","link":"https:\/\/www.enviroscop.fr\/actu\/2012\/12\/comprendre-lenergie-eolienne-guide-a-lusage-d\/","title":{"rendered":"Comprendre l&rsquo;\u00e9nergie \u00e9olienne, guide \u00e0 l&rsquo;usage des particuliers"},"content":{"rendered":"<p style=\"font-family: Verdana, Arial, sans-serif; font-size: 11px;\"><img loading=\"lazy\" decoding=\"async\" class=\"alignleft\" alt=\"&amp;Eacute;nergie &amp;eacute;olienne (L')\" src=\"http:\/\/www2.ademe.fr\/servlet\/getImg?img=B40D851FDDC2A23319678AB0521067D6_tomcatlocal1355412059776.png\" width=\"150\" height=\"315\" \/>L\u2019\u00e9nergie \u00e9olienne pr\u00e9sente de nombreux atouts : c\u2019est une \u00e9nergie renouvelable non polluante, qui utilise les ressources locales, participant ainsi \u00e0 l\u2019ind\u00e9pendance \u00e9nerg\u00e9tique, dont le d\u00e9mant\u00e8lement ne pr\u00e9sente pas de difficult\u00e9s majeures.<\/p>\n<p style=\"font-family: Verdana, Arial, sans-serif; font-size: 11px;\">Cependant, la gestion technique des r\u00e9seaux qui doivent absorber l\u2019\u00e9lectricit\u00e9 produite, certains impacts environnementaux et l\u2019am\u00e9nagement du territoire sont des difficult\u00e9s \u00e0 conna\u00eetre.<\/p>\n<p style=\"font-family: Verdana, Arial, sans-serif; font-size: 11px;\">Ce guide aborde tous les aspects de la production \u00e9lectrique \u00e9olienne pour en faire une pr\u00e9sentation compl\u00e8te.<\/p>\n<p style=\"font-family: Verdana, Arial, sans-serif; font-size: 11px;\">Pour voir la version en ligne, <a href=\"http:\/\/ecocitoyens.ademe.fr\/sites\/default\/files\/guide_ademe_energie_eolienne.pdf\" target=\"_blank\">c&rsquo;est ICI.<\/a><\/p>\n<p>&nbsp;<\/p>\n","protected":false},"excerpt":{"rendered":"<p>L?????nergie ??olienne pr??sente de nombreux atouts : c???est une ??nergie renouvelable non polluante, qui utilise les ressources locales, participant ainsi   l???ind??pendance ??nerg??tique, dont le d??mant??lement ne pr??sente pas de difficult&#8230;<\/p>\n","protected":false},"author":1,"featured_media":0,"comment_status":"open","ping_status":"open","sticky":false,"template":"","format":"standard","meta":{"jetpack_post_was_ever_published":false,"_jetpack_newsletter_access":"","_jetpack_dont_email_post_to_subs":false,"_jetpack_newsletter_tier_id":0,"_jetpack_memberships_contains_paywalled_content":false,"_jetpack_memberships_contains_paid_content":false,"footnotes":"","jetpack_publicize_message":"","jetpack_publicize_feature_enabled":true,"jetpack_social_post_already_shared":false,"jetpack_social_options":{"image_generator_settings":{"template":"highway","default_image_id":0,"font":"","enabled":false},"version":2}},"categories":[8,30],"tags":[],"class_list":["post-70","post","type-post","status-publish","format-standard","hentry","category-eolien","category-guide","item-wrap"],"jetpack_publicize_connections":[],"jetpack_featured_media_url":"","jetpack_shortlink":"https:\/\/wp.me\/p3rXAp-18","jetpack_likes_enabled":true,"jetpack-related-posts":[{"id":84,"url":"https:\/\/www.enviroscop.fr\/actu\/2010\/11\/developpement-de-lenergie-eolienne-et-la-biod\/","url_meta":{"origin":70,"position":0},"title":"D??veloppement de l&rsquo;??nergie ??olienne et la biodiversit?? selon la Commission europ??enne","author":"Enviroscop","date":"5 novembre 2010","format":false,"excerpt":"La Commission europ??enne publie les Lignes directrices visant concilier le d??veloppement de l'??nergie ??olienne et la biodiversit?? Voici un document important dont les op??rateurs de l'??nergie ??olienne ne manqueront pas de se servir pour ...","rel":"","context":"Dans &quot;biodiversit\u00e9&quot;","block_context":{"text":"biodiversit\u00e9","link":"https:\/\/www.enviroscop.fr\/actu\/category\/nature\/biodiversite\/"},"img":{"alt_text":"","src":"","width":0,"height":0},"classes":[]},{"id":1591,"url":"https:\/\/www.enviroscop.fr\/actu\/2013\/11\/les-avis-de-lademe-la-production-eolienne-delectricite\/","url_meta":{"origin":70,"position":1},"title":"Les avis de l&rsquo;ADEME : la production \u00e9olienne d&rsquo;\u00e9lectricit\u00e9","author":"Enviroscop","date":"18 novembre 2013","format":false,"excerpt":"Nouvelle parution des \"avis de l'ADEME\" Si l\u2019hydraulique constitue aujourd\u2019hui la principale source\u00a0d\u2019\u00e9nergie renouvelable pour l\u2019\u00e9lectricit\u00e9 en France (environ\u00a012%), elle pr\u00e9sente peu de possibilit\u00e9s d\u2019accroissement de\u00a0production. L\u2019\u00e9nergie \u00e9olienne offre, pour le syst\u00e8me\u00a0\u00e9lectrique fran\u00e7ais, un potentiel technique important et\u00a0encore largement sous-exploit\u00e9 (en 2012, moins de 1% du\u00a0potentiel technique fran\u00e7ais estim\u00e9 par\u2026","rel":"","context":"Dans &quot;ADEME&quot;","block_context":{"text":"ADEME","link":"https:\/\/www.enviroscop.fr\/actu\/category\/source\/ademe\/"},"img":{"alt_text":"","src":"","width":0,"height":0},"classes":[]},{"id":309,"url":"https:\/\/www.enviroscop.fr\/actu\/2010\/11\/barometre-dopinion-2010-sur-lenergie-et-le-cl\/","url_meta":{"origin":70,"position":2},"title":"Barom??tre d&rsquo;opinion 2010 sur l&rsquo;??nergie et le climat : une \u00ab\u00a0large acceptation\u00a0\u00bb des ??oliennes","author":"Enviroscop","date":"5 novembre 2010","format":false,"excerpt":"Le Commissariat g??n??ral au d??veloppement durable du Minist??re de l'Ecologie vient de publier une nouvelle ??dition du barom??tre d'opinion sur l'??nergie et le climat en 2010 qui tend d??montrer que les ??oliennes font l'objet d'une \"large ...","rel":"","context":"Dans &quot;Eolien&quot;","block_context":{"text":"Eolien","link":"https:\/\/www.enviroscop.fr\/actu\/category\/energie\/renouvelable\/eolien\/"},"img":{"alt_text":"","src":"","width":0,"height":0},"classes":[]},{"id":208,"url":"https:\/\/www.enviroscop.fr\/actu\/2010\/07\/lenergie-eolienne-et-la-protection-de-la-biod\/","url_meta":{"origin":70,"position":3},"title":"L&rsquo;??nergie ??olienne et la protection de la biodiversit?? : S??minaire national 15, 16 et 17 septembre 2010","author":"Enviroscop","date":"20 juillet 2010","format":false,"excerpt":"Ce s??minaire est une occasion ne pas manquer pour faire un point sur les interactions \"??oliennes et biodiversit??\". Des experts de tous les horizons viendront t??moigner des connaissances acquises. http:\/\/www.eolien-biodiversite.com\/contenu\/,...","rel":"","context":"Dans &quot;biodiversit\u00e9&quot;","block_context":{"text":"biodiversit\u00e9","link":"https:\/\/www.enviroscop.fr\/actu\/category\/nature\/biodiversite\/"},"img":{"alt_text":"","src":"","width":0,"height":0},"classes":[]},{"id":4533,"url":"https:\/\/www.enviroscop.fr\/actu\/2021\/12\/panorama-de-lelectricite-renouvelable-au-30-septembre-2021\/","url_meta":{"origin":70,"position":4},"title":"Panorama de l&rsquo;\u00e9lectricit\u00e9 renouvelable au 30 septembre 2021","author":"Enviroscop","date":"10 d\u00e9cembre 2021","format":false,"excerpt":"La puissance totale du parc \u00e9lectrique EnR \u2013 \u00e9olien, solaire, hydro\u00e9lectricit\u00e9 et bio\u00e9nergies \u2013 s\u2019\u00e9l\u00e8ve, au 30 septembre 2021, \u00e0 58 759 MW, en hausse de 2 876 MW sur les trois premiers trimestres de l\u2019ann\u00e9e 2021 (3 543 MW sur les douze derniers mois), chiffre d\u00e9j\u00e0 sup\u00e9rieur au record\u2026","rel":"","context":"Dans &quot;Energie&quot;","block_context":{"text":"Energie","link":"https:\/\/www.enviroscop.fr\/actu\/category\/energie\/"},"img":{"alt_text":"RTE","src":"https:\/\/i0.wp.com\/ccibusiness.fr\/sites\/default\/files\/styles\/article_detail_620_320\/public\/2021-12\/RTE_logo.svg_.png?resize=350%2C200&ssl=1","width":350,"height":200},"classes":[]},{"id":5374,"url":"https:\/\/www.enviroscop.fr\/actu\/2023\/11\/observatoire-de-leolien-2023\/","url_meta":{"origin":70,"position":5},"title":"Observatoire de l\u2019\u00e9olien 2023","author":"Enviroscop","date":"13 novembre 2023","format":false,"excerpt":"Etablie en association avec\u00a0Capgemini Invent, l\u2019\u00e9dition 2023 de l\u2019Observatoire permet d\u2019\u00e9valuer les emplois et le march\u00e9 de l\u2019\u00e9olien en France. Avec un total de 28 266 emplois en France, l\u2019\u00e9olien est le premier employeur des \u00e9nergies renouvelables \u00e9lectriques dans notre pays et s\u2019impose comme un levier de cr\u00e9ation d\u2019emplois durables\u2026","rel":"","context":"Dans &quot;Economie&quot;","block_context":{"text":"Economie","link":"https:\/\/www.enviroscop.fr\/actu\/category\/activite\/economie\/"},"img":{"alt_text":"","src":"https:\/\/i0.wp.com\/fee.asso.fr\/wp-content\/uploads\/2023\/10\/diapositive2.png?resize=350%2C200&ssl=1","width":350,"height":200,"srcset":"https:\/\/i0.wp.com\/fee.asso.fr\/wp-content\/uploads\/2023\/10\/diapositive2.png?resize=350%2C200&ssl=1 1x, https:\/\/i0.wp.com\/fee.asso.fr\/wp-content\/uploads\/2023\/10\/diapositive2.png?resize=525%2C300&ssl=1 1.5x, https:\/\/i0.wp.com\/fee.asso.fr\/wp-content\/uploads\/2023\/10\/diapositive2.png?resize=700%2C400&ssl=1 2x, https:\/\/i0.wp.com\/fee.asso.fr\/wp-content\/uploads\/2023\/10\/diapositive2.png?resize=1050%2C600&ssl=1 3x"},"classes":[]}],"jetpack_sharing_enabled":true,"_links":{"self":[{"href":"https:\/\/www.enviroscop.fr\/actu\/wp-json\/wp\/v2\/posts\/70","targetHints":{"allow":["GET"]}}],"collection":[{"href":"https:\/\/www.enviroscop.fr\/actu\/wp-json\/wp\/v2\/posts"}],"about":[{"href":"https:\/\/www.enviroscop.fr\/actu\/wp-json\/wp\/v2\/types\/post"}],"author":[{"embeddable":true,"href":"https:\/\/www.enviroscop.fr\/actu\/wp-json\/wp\/v2\/users\/1"}],"replies":[{"embeddable":true,"href":"https:\/\/www.enviroscop.fr\/actu\/wp-json\/wp\/v2\/comments?post=70"}],"version-history":[{"count":0,"href":"https:\/\/www.enviroscop.fr\/actu\/wp-json\/wp\/v2\/posts\/70\/revisions"}],"wp:attachment":[{"href":"https:\/\/www.enviroscop.fr\/actu\/wp-json\/wp\/v2\/media?parent=70"}],"wp:term":[{"taxonomy":"category","embeddable":true,"href":"https:\/\/www.enviroscop.fr\/actu\/wp-json\/wp\/v2\/categories?post=70"},{"taxonomy":"post_tag","embeddable":true,"href":"https:\/\/www.enviroscop.fr\/actu\/wp-json\/wp\/v2\/tags?post=70"}],"curies":[{"name":"wp","href":"https:\/\/api.w.org\/{rel}","templated":true}]}}