{"id":78,"date":"2012-09-21T08:20:00","date_gmt":"2012-09-21T07:20:00","guid":{"rendered":"http:\/\/actu.enviroscop.com\/lademe-lance-le-5e-appel-a-projets-biomasse-c"},"modified":"2013-05-01T13:06:19","modified_gmt":"2013-05-01T12:06:19","slug":"lademe-lance-le-5e-appel-a-projets-biomasse-c","status":"publish","type":"post","link":"https:\/\/www.enviroscop.fr\/actu\/2012\/09\/lademe-lance-le-5e-appel-a-projets-biomasse-c\/","title":{"rendered":"L&rsquo;ADEME lance le 5e appel \u00e0 projets Biomasse, Chaleur, Industrie, Agriculture et Tertiaire"},"content":{"rendered":"<p><div class=\"petit\" style=\"font-family:Verdana, Arial, sans-serif;font-size:11px;padding-left:15px;\">G&eacute;r&eacute; par l&rsquo;ADEME, le Fonds Chaleur&nbsp;a pour objectif de&nbsp;<strong>soutenir le d&eacute;veloppement de la production de chaleur &agrave; partir de sources renouvelables<\/strong>&nbsp;et s&rsquo;adresse &agrave;&nbsp;<strong>tous les ma&icirc;tres d&rsquo;ouvrage<\/strong>.&nbsp;Lanc&eacute; en 2008, il a permis d&rsquo;acc&eacute;l&eacute;rer la r&eacute;alisation de nombreux projets de production de chaleur renouvelable et le d&eacute;veloppement des r&eacute;seaux de chaleur. L&rsquo;appel &agrave; projets annuel national&nbsp;<strong>Biomasse Chaleur Industrie Agricole et Tertiaire (BCIAT)<\/strong>&nbsp;est destin&eacute; aux&nbsp;<strong>entreprises des secteurs agricole, industriel et tertiaire<\/strong>&nbsp;et soutient la r&eacute;alisation d&rsquo;installations&nbsp;assurant une production &eacute;nerg&eacute;tique annuelle sup&eacute;rieure &agrave; 1&nbsp;000&nbsp;tonnes &eacute;quivalent p&eacute;trole. Pour cette 5&egrave;me &eacute;dition, la date limite de r&eacute;ception des candidatures est fix&eacute;e au<strong>31&nbsp;janvier 2013<\/strong>.<\/div>\n<ul class=\"consulter2 consulter2ProdServ\" style=\"font-family:Verdana, Arial, sans-serif;margin-left:0!important;font-size:medium;\">\n<li style=\"padding:0;font-weight:bold;font-size:11px;\"><a href=\"http:\/\/ademe.typepad.fr\/presse\/2012\/09\/lancement-5eme-BCIAT.html\" title=\"Lire le dossier de presse du 20\/09\/2012 (nouvelle fen&ecirc;tre)\" target=\"_blank\" style=\"text-decoration:none;color:#800080;\">Lire le dossier de presse du 20\/09\/2012<\/a><\/li>\n<\/ul>\n<ul class=\"plus2 plus2ProdServ\" style=\"font-family:Verdana, Arial, sans-serif;margin-left:0!important;font-size:medium;\">\n<li style=\"padding:0;font-weight:bold;font-size:11px;\"><a href=\"http:\/\/www2.ademe.fr\/servlet\/getDoc?id=83839&amp;cid=96&amp;m=3&amp;p1=1\" title=\"Consulter l'appel &agrave; projets (nouvelle fen&ecirc;tre)\" target=\"_top\" style=\"text-decoration:none;color:#800080;\">Consulter l&rsquo;appel &agrave; projets<\/a><\/li>\n<\/ul>\n","protected":false},"excerpt":{"rendered":"<p>G??r?? par l???ADEME, le Fonds Chaleur a pour objectif de soutenir le d??veloppement de la production de chaleur   partir de sources renouvelables et s???adresse   tous les ma??tres d???ouvrage. Lanc?? en 2008, il a permis d???acc??l??rer la r??&#8230;<\/p>\n","protected":false},"author":1,"featured_media":0,"comment_status":"open","ping_status":"open","sticky":false,"template":"","format":"standard","meta":{"jetpack_post_was_ever_published":false,"_jetpack_newsletter_access":"","_jetpack_dont_email_post_to_subs":false,"_jetpack_newsletter_tier_id":0,"_jetpack_memberships_contains_paywalled_content":false,"_jetpack_memberships_contains_paid_content":false,"footnotes":"","jetpack_publicize_message":"","jetpack_publicize_feature_enabled":true,"jetpack_social_post_already_shared":false,"jetpack_social_options":{"image_generator_settings":{"template":"highway","default_image_id":0,"font":"","enabled":false},"version":2}},"categories":[2,12],"tags":[],"class_list":["post-78","post","type-post","status-publish","format-standard","hentry","category-ademe","category-biomasse","item-wrap"],"jetpack_publicize_connections":[],"jetpack_featured_media_url":"","jetpack_shortlink":"https:\/\/wp.me\/p3rXAp-1g","jetpack_likes_enabled":true,"jetpack-related-posts":[{"id":1457,"url":"https:\/\/www.enviroscop.fr\/actu\/2013\/09\/limagrain-une-chaufferie-biomasse-a-partir-de-rafle-de-mais\/","url_meta":{"origin":78,"position":0},"title":"Limagrain : une chaufferie biomasse \u00e0 partir de rafle de ma\u00efs","author":"Enviroscop","date":"19 septembre 2013","format":false,"excerpt":"Limagrain et Dalkia ont inaugur\u00e9 fin juin la premi\u00e8re installation de production de vapeur \u00e0 partir de rafle de ma\u00efs en Europe, des co-produits issus du process de premi\u00e8re transformation des ma\u00efs cultiv\u00e9s en Limagne par les adh\u00e9rents-agriculteurs de la Coop\u00e9rative. Le contrat confi\u00e9 \u00e0 Dalkia comprend la conception, la\u2026","rel":"","context":"Dans &quot;Biomasse&quot;","block_context":{"text":"Biomasse","link":"https:\/\/www.enviroscop.fr\/actu\/category\/energie\/renouvelable\/biomasse\/"},"img":{"alt_text":"Limagrain : une chaufferie biomasse \u00e0 partir de rafle de ma\u00efs > Biocarburants, biomasse - Enerzine.com","src":"https:\/\/i0.wp.com\/www.enviroscop.fr\/actu\/wp-content\/uploads\/2013\/09\/breve16199a.jpg?resize=350%2C200","width":350,"height":200},"classes":[]},{"id":2740,"url":"https:\/\/www.enviroscop.fr\/actu\/2017\/01\/etude-ademe-couts-des-energies-renouvelables-en-france\/","url_meta":{"origin":78,"position":1},"title":"\u00c9tude ADEME : co\u00fbts des \u00e9nergies renouvelables en France","author":"Enviroscop","date":"25 janvier 2017","format":false,"excerpt":"\u00c0 l\u2019occasion des Assises europ\u00e9ennes de la transition \u00e9nerg\u00e9tique, l\u2019ADEME publie le 25 janvier\u00a0son \u00e9tude\u00a0\u00ab\u00a0Co\u00fbts des \u00e9nergies renouvelables\u00a0en France\u00a0\u00bb. Elle montre que le\u00a0co\u00fbt\u00a0des \u00e9nergies renouvelables (EnR) continue de baisser rapidement, et d\u00e9taille \u00e9galement les principaux param\u00e8tres r\u00e9gissant les co\u00fbts de production des diff\u00e9rentes fili\u00e8res de production de chaleur ou d\u2019\u00e9lectricit\u00e9\u2026","rel":"","context":"Dans &quot;ADEME&quot;","block_context":{"text":"ADEME","link":"https:\/\/www.enviroscop.fr\/actu\/category\/source\/ademe\/"},"img":{"alt_text":"","src":"https:\/\/i0.wp.com\/www.ademe.fr\/sites\/default\/files\/styles\/asset_image_full\/public\/assets\/images\/cout-enr-france-actu.jpg?resize=350%2C200","width":350,"height":200},"classes":[]},{"id":1606,"url":"https:\/\/www.enviroscop.fr\/actu\/2013\/11\/inauguration-de-la-chaufferie-bois-du-reseau-urbain-de-maromme\/","url_meta":{"origin":78,"position":2},"title":"Inauguration de la chaufferie bois du r\u00e9seau urbain de Maromme","author":"Enviroscop","date":"25 novembre 2013","format":false,"excerpt":"Projet embl\u00e9matique de la mutation \u00e9nerg\u00e9tique engag\u00e9e par la ville de Maromme implant\u00e9e en Seine-Maritime, le r\u00e9seau de chaleur urbain qui vient d'\u00eatre inaugur\u00e9 alimente d\u00e9sormais 65 % des logements de la Ville, les b\u00e2timents communaux ainsi que les \u00e9tablissements scolaires. Pour rendre accessible le service au plus grand nombre,\u2026","rel":"","context":"Dans &quot;Biomasse&quot;","block_context":{"text":"Biomasse","link":"https:\/\/www.enviroscop.fr\/actu\/category\/energie\/renouvelable\/biomasse\/"},"img":{"alt_text":"Inauguration de la chaufferie bois du r\u00e9seau urbain de Maromme > Energies - Enerzine.com","src":"https:\/\/i0.wp.com\/www.enviroscop.fr\/actu\/wp-content\/uploads\/2013\/11\/breve16591a.jpg?resize=350%2C200","width":350,"height":200},"classes":[]},{"id":1555,"url":"https:\/\/www.enviroscop.fr\/actu\/2013\/10\/lavis-de-lademe-sur-le-bois-energie-et-la-qualite-de-lair\/","url_meta":{"origin":78,"position":3},"title":"L&rsquo;avis de l&rsquo;ADEME sur le bois \u00e9nergie et la qualit\u00e9 de l&rsquo;air","author":"Enviroscop","date":"30 octobre 2013","format":false,"excerpt":"L\u2019ADEME encourage le d\u00e9veloppement du bois comme source d\u2019\u00e9nergie pour la production de chaleur tout en veillant \u00e0 l'utilisation de combustibles appropri\u00e9s et de techniques efficaces \u00e0 haute performance environnementale. En effet, en raison de la pr\u00e9sence importante dans le parc domestique d'appareils anciens (avant 2002) et de foyers ouverts,\u2026","rel":"","context":"Dans &quot;ADEME&quot;","block_context":{"text":"ADEME","link":"https:\/\/www.enviroscop.fr\/actu\/category\/source\/ademe\/"},"img":{"alt_text":"","src":"","width":0,"height":0},"classes":[]},{"id":2212,"url":"https:\/\/www.enviroscop.fr\/actu\/2015\/01\/lademe-sengage-pour-le-developpement-de-projets-enr-citoyens\/","url_meta":{"origin":78,"position":4},"title":"L\u2019ADEME s\u2019engage pour le d\u00e9veloppement de projets EnR citoyens","author":"Enviroscop","date":"15 janvier 2015","format":false,"excerpt":"La Direction R\u00e9gionale de l\u2019ADEME en Pays de la Loire a r\u00e9cemment lanc\u00e9 un appel \u00e0 projets en d\u00e9marche participative et citoyenne de production d\u2019\u00e9nergies renouvelables (EnR). L\u2019objectif de cet appel \u00e0 projets est d\u2019inviter les collectivit\u00e9s territoriales \u00e0 mettre en place des programmes d\u2019encouragement, de soutien et d\u2019accompagnement des\u2026","rel":"","context":"Dans &quot;ADEME&quot;","block_context":{"text":"ADEME","link":"https:\/\/www.enviroscop.fr\/actu\/category\/source\/ademe\/"},"img":{"alt_text":"","src":"","width":0,"height":0},"classes":[]},{"id":4820,"url":"https:\/\/www.enviroscop.fr\/actu\/2022\/06\/pour-contrer-les-canicules-lexecutif-promet-un-demi-milliard-afin-de-vegetaliser-les-villes\/","url_meta":{"origin":78,"position":5},"title":"Pour contrer les canicules, l\u2019ex\u00e9cutif promet un demi-milliard afin de v\u00e9g\u00e9taliser les villes","author":"Enviroscop","date":"16 juin 2022","format":false,"excerpt":"\u00a9 Adobe Stock Au sortir du conseil des ministres, Elisabeth Borne a annonc\u00e9 plusieurs mesures d\u2019urgence pour faire face \u00e0 la vague de chaleur qui va toucher la France m\u00e9tropolitaine \u00e0 partir de ce mercredi. A plus moyen terme, l\u2019Etat veut mettre sur la table 500 millions d\u2019euros pour \u00ab\u2026","rel":"","context":"Dans &quot;Am\u00e9nagement&quot;","block_context":{"text":"Am\u00e9nagement","link":"https:\/\/www.enviroscop.fr\/actu\/category\/amenagement\/"},"img":{"alt_text":"Pour contrer les canicules, l\u2019ex\u00e9cutif promet un demi-milliard afin de v\u00e9g\u00e9taliser les villes","src":"https:\/\/i0.wp.com\/www.courrierdesmaires.fr\/mediatheque\/7\/3\/0\/000022037_600x400_c.jpg?resize=350%2C200&ssl=1","width":350,"height":200,"srcset":"https:\/\/i0.wp.com\/www.courrierdesmaires.fr\/mediatheque\/7\/3\/0\/000022037_600x400_c.jpg?resize=350%2C200&ssl=1 1x, https:\/\/i0.wp.com\/www.courrierdesmaires.fr\/mediatheque\/7\/3\/0\/000022037_600x400_c.jpg?resize=525%2C300&ssl=1 1.5x"},"classes":[]}],"jetpack_sharing_enabled":true,"_links":{"self":[{"href":"https:\/\/www.enviroscop.fr\/actu\/wp-json\/wp\/v2\/posts\/78","targetHints":{"allow":["GET"]}}],"collection":[{"href":"https:\/\/www.enviroscop.fr\/actu\/wp-json\/wp\/v2\/posts"}],"about":[{"href":"https:\/\/www.enviroscop.fr\/actu\/wp-json\/wp\/v2\/types\/post"}],"author":[{"embeddable":true,"href":"https:\/\/www.enviroscop.fr\/actu\/wp-json\/wp\/v2\/users\/1"}],"replies":[{"embeddable":true,"href":"https:\/\/www.enviroscop.fr\/actu\/wp-json\/wp\/v2\/comments?post=78"}],"version-history":[{"count":0,"href":"https:\/\/www.enviroscop.fr\/actu\/wp-json\/wp\/v2\/posts\/78\/revisions"}],"wp:attachment":[{"href":"https:\/\/www.enviroscop.fr\/actu\/wp-json\/wp\/v2\/media?parent=78"}],"wp:term":[{"taxonomy":"category","embeddable":true,"href":"https:\/\/www.enviroscop.fr\/actu\/wp-json\/wp\/v2\/categories?post=78"},{"taxonomy":"post_tag","embeddable":true,"href":"https:\/\/www.enviroscop.fr\/actu\/wp-json\/wp\/v2\/tags?post=78"}],"curies":[{"name":"wp","href":"https:\/\/api.w.org\/{rel}","templated":true}]}}