{"id":812,"date":"2013-04-19T14:36:15","date_gmt":"2013-04-19T13:36:15","guid":{"rendered":"http:\/\/www.enviroscop.fr\/actu\/?p=812"},"modified":"2013-04-26T10:50:34","modified_gmt":"2013-04-26T09:50:34","slug":"lobservatoire-sur-la-consommation-des-terres-agricoles-enfin-installe","status":"publish","type":"post","link":"https:\/\/www.enviroscop.fr\/actu\/2013\/04\/lobservatoire-sur-la-consommation-des-terres-agricoles-enfin-installe\/","title":{"rendered":"L&rsquo;Observatoire sur la consommation des terres agricoles enfin install\u00e9"},"content":{"rendered":"<p><a href=\"https:\/\/i0.wp.com\/www.enviroscop.fr\/actu\/wp-content\/uploads\/2013\/04\/champ.jpg?ssl=1\"><img data-recalc-dims=\"1\" loading=\"lazy\" decoding=\"async\" data-attachment-id=\"814\" data-permalink=\"https:\/\/www.enviroscop.fr\/actu\/2013\/04\/lobservatoire-sur-la-consommation-des-terres-agricoles-enfin-installe\/champ\/\" data-orig-file=\"https:\/\/i0.wp.com\/www.enviroscop.fr\/actu\/wp-content\/uploads\/2013\/04\/champ.jpg?fit=2362%2C1338&amp;ssl=1\" data-orig-size=\"2362,1338\" data-comments-opened=\"1\" data-image-meta=\"{&quot;aperture&quot;:&quot;0&quot;,&quot;credit&quot;:&quot;&quot;,&quot;camera&quot;:&quot;&quot;,&quot;caption&quot;:&quot;&quot;,&quot;created_timestamp&quot;:&quot;0&quot;,&quot;copyright&quot;:&quot;&quot;,&quot;focal_length&quot;:&quot;0&quot;,&quot;iso&quot;:&quot;0&quot;,&quot;shutter_speed&quot;:&quot;0&quot;,&quot;title&quot;:&quot;&quot;}\" data-image-title=\"champ\" data-image-description=\"\" data-image-caption=\"\" data-large-file=\"https:\/\/i0.wp.com\/www.enviroscop.fr\/actu\/wp-content\/uploads\/2013\/04\/champ.jpg?fit=750%2C425&amp;ssl=1\" class=\" wp-image-814 alignleft\" alt=\"champ\" src=\"https:\/\/i0.wp.com\/www.enviroscop.fr\/actu\/wp-content\/uploads\/2013\/04\/champ.jpg?resize=210%2C118&#038;ssl=1\" width=\"210\" height=\"118\" srcset=\"https:\/\/i0.wp.com\/www.enviroscop.fr\/actu\/wp-content\/uploads\/2013\/04\/champ.jpg?resize=300%2C169&amp;ssl=1 300w, https:\/\/i0.wp.com\/www.enviroscop.fr\/actu\/wp-content\/uploads\/2013\/04\/champ.jpg?resize=1024%2C580&amp;ssl=1 1024w, https:\/\/i0.wp.com\/www.enviroscop.fr\/actu\/wp-content\/uploads\/2013\/04\/champ.jpg?w=1500&amp;ssl=1 1500w, https:\/\/i0.wp.com\/www.enviroscop.fr\/actu\/wp-content\/uploads\/2013\/04\/champ.jpg?w=2250&amp;ssl=1 2250w\" sizes=\"auto, (max-width: 210px) 100vw, 210px\" \/><\/a>Cr\u00e9\u00e9 par\u00a0la loi de modernisation de l&rsquo;agriculture de 2010, l&rsquo;Observatoire national de la consommation des espaces agricoles (Oncea) a enfin vu le jour, mercredi 17 avril. Il est pr\u00e9sid\u00e9 par la d\u00e9put\u00e9e socialiste de l&rsquo;H\u00e9rault Fanny Dombre-Coste, membre de la commission du d\u00e9veloppement durable et de l&rsquo;am\u00e9nagement du territoire \u00e0 l&rsquo;Assembl\u00e9e.<br \/>\nLa suite sur <a href=\"http:\/\/www.localtis.info\/cs\/ContentServer?pagename=Localtis\/LOCActu\/ArticleActualite&amp;cid=1250265116806\" target=\"_blank\">localtis.info<\/a><\/p>\n","protected":false},"excerpt":{"rendered":"<p>Cr\u00e9\u00e9 par\u00a0la loi de modernisation de l&rsquo;agriculture de 2010, l&rsquo;Observatoire national de la consommation des espaces agricoles (Oncea) a enfin vu le jour, mercredi 17 avril. Il est pr\u00e9sid\u00e9 par la d\u00e9put\u00e9e socialiste de l&rsquo;H\u00e9rault Fanny Dombre-Coste, membre de la commission du d\u00e9veloppement durable et de l&rsquo;am\u00e9nagement du territoire \u00e0 l&rsquo;Assembl\u00e9e. La suite sur localtis.info<\/p>\n","protected":false},"author":1,"featured_media":0,"comment_status":"open","ping_status":"open","sticky":false,"template":"","format":"standard","meta":{"jetpack_post_was_ever_published":false,"_jetpack_newsletter_access":"","_jetpack_dont_email_post_to_subs":false,"_jetpack_newsletter_tier_id":0,"_jetpack_memberships_contains_paywalled_content":false,"_jetpack_memberships_contains_paid_content":false,"footnotes":"","jetpack_publicize_message":"","jetpack_publicize_feature_enabled":true,"jetpack_social_post_already_shared":false,"jetpack_social_options":{"image_generator_settings":{"template":"highway","default_image_id":0,"font":"","enabled":false},"version":2}},"categories":[3,56],"tags":[],"class_list":["post-812","post","type-post","status-publish","format-standard","hentry","category-agriculture","category-urbanisation","item-wrap"],"jetpack_publicize_connections":[],"jetpack_featured_media_url":"","jetpack_shortlink":"https:\/\/wp.me\/p3rXAp-d6","jetpack_likes_enabled":true,"jetpack-related-posts":[{"id":4887,"url":"https:\/\/www.enviroscop.fr\/actu\/2022\/08\/tableau-de-bord-et-analyses-de-la-consommation-despaces-naturels-et-agricoles\/","url_meta":{"origin":812,"position":0},"title":"Tableau de bord et analyses de la consommation d&rsquo;espaces naturels et agricoles","author":"Enviroscop","date":"17 ao\u00fbt 2022","format":false,"excerpt":"Dans le cadre de l'observatoire de l'artificialisation des sols, le Cerema produit les chiffres de mesure annuelle des flux de consommation d'espaces, gr\u00e2ce \u00e0 l'analyse des fichiers fonciers. Nous mettons \u00e9galement \u00e0 disposition des outils d'aide \u00e0 la visualisation et \u00e0 l'analyse de ces donn\u00e9es, via un tableau de bord\u2026","rel":"","context":"Dans &quot;Agriculture&quot;","block_context":{"text":"Agriculture","link":"https:\/\/www.enviroscop.fr\/actu\/category\/activite\/agriculture\/"},"img":{"alt_text":"","src":"","width":0,"height":0},"classes":[]},{"id":5447,"url":"https:\/\/www.enviroscop.fr\/actu\/2024\/05\/le-cerema-publie-les-donnees-2009-2023-de-consommation-foncier\/","url_meta":{"origin":812,"position":1},"title":"Le Cerema publie les donn\u00e9es 2009-2023 de consommation fonci\u00e8re","author":"Enviroscop","date":"14 mai 2024","format":false,"excerpt":"Dans le cadre de l'observatoire de l'artificialisation des sols, le Cerema vient de produire les nouveaux chiffres de mesure annuelle de la consommation d'espaces. Des outils d'aide \u00e0 la visualisation et \u00e0 l'analyse de ces donn\u00e9es sont aussi propos\u00e9s, via un tableau de bord interactif et la publication d'indicateurs pr\u00e9-calcul\u00e9s\u2026","rel":"","context":"Dans &quot;Agriculture&quot;","block_context":{"text":"Agriculture","link":"https:\/\/www.enviroscop.fr\/actu\/category\/activite\/agriculture\/"},"img":{"alt_text":"Consommation annuelle d'espaces naturels, agricoles et forestiers","src":"https:\/\/i0.wp.com\/www.cerema.fr\/sites\/default\/files\/inline-images\/graphe1_2023.png?resize=350%2C200&ssl=1","width":350,"height":200,"srcset":"https:\/\/i0.wp.com\/www.cerema.fr\/sites\/default\/files\/inline-images\/graphe1_2023.png?resize=350%2C200&ssl=1 1x, https:\/\/i0.wp.com\/www.cerema.fr\/sites\/default\/files\/inline-images\/graphe1_2023.png?resize=525%2C300&ssl=1 1.5x, https:\/\/i0.wp.com\/www.cerema.fr\/sites\/default\/files\/inline-images\/graphe1_2023.png?resize=700%2C400&ssl=1 2x, https:\/\/i0.wp.com\/www.cerema.fr\/sites\/default\/files\/inline-images\/graphe1_2023.png?resize=1050%2C600&ssl=1 3x, https:\/\/i0.wp.com\/www.cerema.fr\/sites\/default\/files\/inline-images\/graphe1_2023.png?resize=1400%2C800&ssl=1 4x"},"classes":[]},{"id":347,"url":"https:\/\/www.enviroscop.fr\/actu\/2012\/04\/urbanisation-et-consommation-de-lespace-une-q\/","url_meta":{"origin":812,"position":2},"title":"Urbanisation et consommation de l&rsquo;espace, une question de mesure","author":"Enviroscop","date":"6 avril 2012","format":false,"excerpt":"Ce nouveau num??ro de la revue du Commissariat g??n??ral au d??veloppement durable (CGDD) dresse un bilan des connaissances en donn??es et ??tudes r??centes sur la mesure de la consommation des espaces naturels et agricoles due la progression d...","rel":"","context":"Dans &quot;urbanisation&quot;","block_context":{"text":"urbanisation","link":"https:\/\/www.enviroscop.fr\/actu\/category\/amenagement\/urbanisme\/urbanisation\/"},"img":{"alt_text":"","src":"","width":0,"height":0},"classes":[]},{"id":223,"url":"https:\/\/www.enviroscop.fr\/actu\/2011\/12\/consommation-des-terres-agricoles-periurbaine\/","url_meta":{"origin":812,"position":3},"title":"Consommation des terres agricoles p\u00e9riurbaines","author":"Enviroscop","date":"5 d\u00e9cembre 2011","format":false,"excerpt":"Ce 30 novembre et 1er d??cembres'est tenu le congr??s annuel de la SAFER sur le th??me \"L'action des Safer en zones p??riurbaines\" Les zones p??riurbaines s???accroissent au d??triment des espaces agricoles et naturels. Entre 1999 et 2008, les espaces p??r...","rel":"","context":"Dans &quot;Am\u00e9nagement&quot;","block_context":{"text":"Am\u00e9nagement","link":"https:\/\/www.enviroscop.fr\/actu\/category\/amenagement\/"},"img":{"alt_text":"","src":"","width":0,"height":0},"classes":[]},{"id":4748,"url":"https:\/\/www.enviroscop.fr\/actu\/2022\/05\/artificialisation-des-sols-les-criteres-dexemption-des-installations-photovoltaiques-en-consultation\/","url_meta":{"origin":812,"position":4},"title":"Artificialisation des sols : les crit\u00e8res d\u2019exemption des installations photovolta\u00efques en consultation","author":"Enviroscop","date":"12 mai 2022","format":false,"excerpt":"Philie Marcangelo Leos \/ MCM Presse pour Localtis Am\u00e9nagement et foncier, urbanisme,\u2002Energie,\u2002Environnement Deux projets de textes (un d\u00e9cret et un arr\u00eat\u00e9) soumis \u00e0 consultation jusqu\u2019au 25 mai tentent de m\u00e9nager la ch\u00e8vre et le chou, en permettant notamment le d\u00e9veloppement des projets d\u2019agrivolta\u00efsme sans compromettre la trajectoire de lutte contre\u2026","rel":"","context":"Dans &quot;Agriculture&quot;","block_context":{"text":"Agriculture","link":"https:\/\/www.enviroscop.fr\/actu\/category\/activite\/agriculture\/"},"img":{"alt_text":"panneaux photovolta\u00efques","src":"https:\/\/i0.wp.com\/www.banquedesterritoires.fr\/sites\/default\/files\/styles\/landscape_auto_crop\/public\/2022-05\/AdobeStock_279837228.jpg?resize=350%2C200&ssl=1","width":350,"height":200,"srcset":"https:\/\/i0.wp.com\/www.banquedesterritoires.fr\/sites\/default\/files\/styles\/landscape_auto_crop\/public\/2022-05\/AdobeStock_279837228.jpg?resize=350%2C200&ssl=1 1x, https:\/\/i0.wp.com\/www.banquedesterritoires.fr\/sites\/default\/files\/styles\/landscape_auto_crop\/public\/2022-05\/AdobeStock_279837228.jpg?resize=525%2C300&ssl=1 1.5x, https:\/\/i0.wp.com\/www.banquedesterritoires.fr\/sites\/default\/files\/styles\/landscape_auto_crop\/public\/2022-05\/AdobeStock_279837228.jpg?resize=700%2C400&ssl=1 2x"},"classes":[]},{"id":2118,"url":"https:\/\/www.enviroscop.fr\/actu\/2014\/10\/energie-et-preservation-des-espaces-naturels-agricoles-et-forestiers-note-sur-la-loi-du-13-octobre-2014-arnaud-gossement-avocat\/","url_meta":{"origin":812,"position":5},"title":"Energie et pr\u00e9servation des espaces naturels, agricoles et forestiers : note sur la loi du 13 octobre 2014 : Arnaud Gossement &#8211; Avocat","author":"Enviroscop","date":"31 octobre 2014","format":false,"excerpt":"La loi n\u00b0 2014-1170 du 13 octobre 2014 d'avenir pour l'agriculture, l'alimentation et la for\u00eat\u00a0 a \u00e9t\u00e9 r\u00e9cemment publi\u00e9e au Journal officiel (JORF n\u00b00238 du 14 octobre 2014). Cette loi renforce la lutte contre la consommation d\u2019espaces naturels, agricoles et forestiers. Elle int\u00e9resse notamment les acteurs du d\u00e9veloppement de projets\u2026","rel":"","context":"Dans &quot;Agriculture&quot;","block_context":{"text":"Agriculture","link":"https:\/\/www.enviroscop.fr\/actu\/category\/activite\/agriculture\/"},"img":{"alt_text":"","src":"","width":0,"height":0},"classes":[]}],"jetpack_sharing_enabled":true,"_links":{"self":[{"href":"https:\/\/www.enviroscop.fr\/actu\/wp-json\/wp\/v2\/posts\/812","targetHints":{"allow":["GET"]}}],"collection":[{"href":"https:\/\/www.enviroscop.fr\/actu\/wp-json\/wp\/v2\/posts"}],"about":[{"href":"https:\/\/www.enviroscop.fr\/actu\/wp-json\/wp\/v2\/types\/post"}],"author":[{"embeddable":true,"href":"https:\/\/www.enviroscop.fr\/actu\/wp-json\/wp\/v2\/users\/1"}],"replies":[{"embeddable":true,"href":"https:\/\/www.enviroscop.fr\/actu\/wp-json\/wp\/v2\/comments?post=812"}],"version-history":[{"count":0,"href":"https:\/\/www.enviroscop.fr\/actu\/wp-json\/wp\/v2\/posts\/812\/revisions"}],"wp:attachment":[{"href":"https:\/\/www.enviroscop.fr\/actu\/wp-json\/wp\/v2\/media?parent=812"}],"wp:term":[{"taxonomy":"category","embeddable":true,"href":"https:\/\/www.enviroscop.fr\/actu\/wp-json\/wp\/v2\/categories?post=812"},{"taxonomy":"post_tag","embeddable":true,"href":"https:\/\/www.enviroscop.fr\/actu\/wp-json\/wp\/v2\/tags?post=812"}],"curies":[{"name":"wp","href":"https:\/\/api.w.org\/{rel}","templated":true}]}}