{"id":82,"date":"2013-01-29T13:08:00","date_gmt":"2013-01-29T12:08:00","guid":{"rendered":"http:\/\/actu.enviroscop.com\/tvb-et-reforme-de-la-pac"},"modified":"2013-06-05T13:15:16","modified_gmt":"2013-06-05T12:15:16","slug":"tvb-et-reforme-de-la-pac","status":"publish","type":"post","link":"https:\/\/www.enviroscop.fr\/actu\/2013\/01\/tvb-et-reforme-de-la-pac\/","title":{"rendered":"TVB et r\u00e9forme de la PAC"},"content":{"rendered":"<p>La r\u00e9forme de la PAC se poursuit, avec le vote de la position commune des eurod\u00e9put\u00e9s de la commission Agriculture les 23 et 24 janvier 2013.<\/p>\n<p>La\u00a0<b><span style=\"text-decoration: underline;\">conditionnalit\u00e9 de 30% des aides directes re\u00e7ues par les agriculteurs au respect de mesures environnementales<\/span><\/b>\u00a0a \u00e9t\u00e9 ent\u00e9rin\u00e9e.<\/p>\n<p>Mais les\u00a0d\u00e9put\u00e9s\u00a0ont \u00e9largi et assoupli les crit\u00e8res d&rsquo;\u00e9ligibilit\u00e9 des exploitations, au risque de r\u00e9duire l&rsquo;efficacit\u00e9 de la mesure.<\/p>\n<p>En octobre 2011, la Commission a propos\u00e9 trois conditions :<\/p>\n<ul>\n<li>la diversification des cultures (au moins trois),<\/li>\n<li>le maintien de prairies permanentes<\/li>\n<li>et la pr\u00e9sence de r\u00e9servoirs \u00e9cologiques (7% des terres).<\/li>\n<\/ul>\n<p>Les agriculteurs disposant du label biologique, situ\u00e9s sur une zone de protection des oiseaux (ZPS), ou de petites tailles, \u00e9taient les seuls \u00e0 pouvoir b\u00e9n\u00e9ficier d&rsquo;une d\u00e9rogation.<\/p>\n<p>Les \u00e9lus ont \u00e9largi le spectre. D\u00e9sormais une s\u00e9rie d&rsquo;exploitations seront automatiquement \u00e9ligibles aux 30% d&rsquo;aides vertes :<\/p>\n<ul>\n<li>celles qui ont engag\u00e9 des mesures agroenvironnementales,<\/li>\n<li>dont les terres sont class\u00e9es Natura 2000,<\/li>\n<li>qui disposent de 75% de prairies ou d&rsquo;une \u00e9quivalence de certification environnementale nationale.<\/li>\n<\/ul>\n<p>Dans le m\u00eame temps, les contraintes de diversification des cultures sont r\u00e9duites et la mise en place des r\u00e9servoirs \u00e9cologiques devient progressive.<\/p>\n","protected":false},"excerpt":{"rendered":"<p>La r??forme de la PAC se poursuit, avec le vote de la position commune des eurod??put??s de la commission Agriculture les 23 et 24 janvier 2013. La conditionnionalit?? de 30% des aides directes re??ues par les agriculteurs au respect de mesures en&#8230;<\/p>\n","protected":false},"author":1,"featured_media":0,"comment_status":"open","ping_status":"open","sticky":false,"template":"","format":"standard","meta":{"jetpack_post_was_ever_published":false,"_jetpack_newsletter_access":"","_jetpack_dont_email_post_to_subs":false,"_jetpack_newsletter_tier_id":0,"_jetpack_memberships_contains_paywalled_content":false,"_jetpack_memberships_contains_paid_content":false,"footnotes":"","jetpack_publicize_message":"","jetpack_publicize_feature_enabled":true,"jetpack_social_post_already_shared":false,"jetpack_social_options":{"image_generator_settings":{"template":"highway","default_image_id":0,"font":"","enabled":false},"version":2}},"categories":[3,53],"tags":[],"class_list":["post-82","post","type-post","status-publish","format-standard","hentry","category-agriculture","category-trames-verte-et-bleue","item-wrap"],"jetpack_publicize_connections":[],"jetpack_featured_media_url":"","jetpack_shortlink":"https:\/\/wp.me\/p3rXAp-1k","jetpack_likes_enabled":true,"jetpack-related-posts":[{"id":4501,"url":"https:\/\/www.enviroscop.fr\/actu\/2021\/11\/consultation-du-public-projet-de-plan-strategique-national-de-la-france-pour-la-future-politique-agricole-commune-pac-2023-2027-psn-pac\/","url_meta":{"origin":82,"position":0},"title":"Consultation du public : Projet de Plan strat\u00e9gique national de la France pour la future politique agricole commune (PAC) 2023-2027 (PSN PAC)","author":"Enviroscop","date":"17 novembre 2021","format":false,"excerpt":"La Politique agricole commune (PAC) est l\u2019une des politiques les plus embl\u00e9matiques de l\u2019Union europ\u00e9enne (UE). Premi\u00e8re politique commune dans le cadre de la construction du projet europ\u00e9en, elle \u00e9tait pr\u00e9vue d\u00e8s le Trait\u00e9 de Rome en 1957. Son objectif est d\u2019assurer la s\u00e9curit\u00e9 alimentaire en Europe, d\u2019am\u00e9liorer le revenu\u2026","rel":"","context":"Dans &quot;Agriculture&quot;","block_context":{"text":"Agriculture","link":"https:\/\/www.enviroscop.fr\/actu\/category\/activite\/agriculture\/"},"img":{"alt_text":"","src":"https:\/\/i0.wp.com\/www.enviroscop.fr\/actu\/wp-content\/uploads\/2013\/04\/ZAactivit%C3%A9.jpg?resize=350%2C200","width":350,"height":200,"srcset":"https:\/\/i0.wp.com\/www.enviroscop.fr\/actu\/wp-content\/uploads\/2013\/04\/ZAactivit%C3%A9.jpg?resize=350%2C200 1x, https:\/\/i0.wp.com\/www.enviroscop.fr\/actu\/wp-content\/uploads\/2013\/04\/ZAactivit%C3%A9.jpg?resize=525%2C300 1.5x, https:\/\/i0.wp.com\/www.enviroscop.fr\/actu\/wp-content\/uploads\/2013\/04\/ZAactivit%C3%A9.jpg?resize=700%2C400 2x, https:\/\/i0.wp.com\/www.enviroscop.fr\/actu\/wp-content\/uploads\/2013\/04\/ZAactivit%C3%A9.jpg?resize=1050%2C600 3x, https:\/\/i0.wp.com\/www.enviroscop.fr\/actu\/wp-content\/uploads\/2013\/04\/ZAactivit%C3%A9.jpg?resize=1400%2C800 4x"},"classes":[]},{"id":5368,"url":"https:\/\/www.enviroscop.fr\/actu\/2023\/10\/faute-de-revenus-suffisants-35-agriculteurs-veulent-poser-des-panneaux-solaires-dans-leurs-champs\/","url_meta":{"origin":82,"position":1},"title":"Faute de revenus suffisants, 35 agriculteurs veulent poser des panneaux solaires dans leurs champs","author":"Enviroscop","date":"18 octobre 2023","format":false,"excerpt":"\u00a0 Dans les Landes, le projet d'agrivolta\u00efsme Terr'Arbouts fait l'objet de toutes les attentions et suscite des inqui\u00e9tudes. L'id\u00e9e est d'implanter des panneaux photovolta\u00efques sur 700 hectares de terre \u00e9mane d'agriculteurs qui souhaitent miser sur l'\u00e9nergie solaire, pour compenser les pertes li\u00e9es \u00e0 l'abandon des produits phytosanitaires. Des panneaux solaires\u2026","rel":"","context":"Dans &quot;Agriculture&quot;","block_context":{"text":"Agriculture","link":"https:\/\/www.enviroscop.fr\/actu\/category\/activite\/agriculture\/"},"img":{"alt_text":"L'id\u00e9e du projet Terr'Arbouts est de combiner des cultures, comme ici le chanvre, et la production d\u2019\u00e9lectricit\u00e9.","src":"https:\/\/i0.wp.com\/france3-regions.francetvinfo.fr\/image\/hacXUWBh1RgrXva3a7OYTTxpsEc\/800x450\/filters%3Aformat%28webp%29\/regions\/2023\/10\/11\/s40-projet-photovolta-que-terre-arbouts-00-00-10-21-65269cf70b37c874527667.jpg?resize=350%2C200&ssl=1","width":350,"height":200,"srcset":"https:\/\/i0.wp.com\/france3-regions.francetvinfo.fr\/image\/hacXUWBh1RgrXva3a7OYTTxpsEc\/800x450\/filters%3Aformat%28webp%29\/regions\/2023\/10\/11\/s40-projet-photovolta-que-terre-arbouts-00-00-10-21-65269cf70b37c874527667.jpg?resize=350%2C200&ssl=1 1x, https:\/\/i0.wp.com\/france3-regions.francetvinfo.fr\/image\/hacXUWBh1RgrXva3a7OYTTxpsEc\/800x450\/filters%3Aformat%28webp%29\/regions\/2023\/10\/11\/s40-projet-photovolta-que-terre-arbouts-00-00-10-21-65269cf70b37c874527667.jpg?resize=525%2C300&ssl=1 1.5x, https:\/\/i0.wp.com\/france3-regions.francetvinfo.fr\/image\/hacXUWBh1RgrXva3a7OYTTxpsEc\/800x450\/filters%3Aformat%28webp%29\/regions\/2023\/10\/11\/s40-projet-photovolta-que-terre-arbouts-00-00-10-21-65269cf70b37c874527667.jpg?resize=700%2C400&ssl=1 2x"},"classes":[]},{"id":3938,"url":"https:\/\/www.enviroscop.fr\/actu\/2020\/11\/pourquoi-comment-gerer-et-valoriser-les-haies-bocageres\/","url_meta":{"origin":82,"position":2},"title":"Pourquoi\/comment g\u00e9rer et valoriser les haies bocag\u00e8res ?","author":"Enviroscop","date":"23 novembre 2020","format":false,"excerpt":"Vous vous int\u00e9ressez \u00e0 la gestion et \u00e0 la valorisation de vos haies bocag\u00e8res ou accompagnez des agriculteur.trices dans ce domaine\u00a0? D\u00e9couvrez le Pourquoi-Comment Bocage, r\u00e9alis\u00e9 par les CIVAM des Pays de la Loire\u00a0! A l\u2019int\u00e9rieur d\u2019un document qui explore le \u00ab Pourquoi ? \u00bb, en reprenant des informations sur\u2026","rel":"","context":"Dans &quot;Agriculture&quot;","block_context":{"text":"Agriculture","link":"https:\/\/www.enviroscop.fr\/actu\/category\/activite\/agriculture\/"},"img":{"alt_text":"","src":"https:\/\/i0.wp.com\/www.enviroscop.fr\/actu\/wp-content\/uploads\/2020\/11\/civam-212x300.png?resize=350%2C200","width":350,"height":200},"classes":[]},{"id":4077,"url":"https:\/\/www.enviroscop.fr\/actu\/2021\/01\/une-charte-pour-mieux-encadrer-les-projets-photovoltaiques-au-sol-sur-terres-agricoles-voit-le-jour\/","url_meta":{"origin":82,"position":3},"title":"Une Charte pour mieux encadrer les projets photovolta\u00efques au sol sur terres agricoles voit le jour","author":"Enviroscop","date":"21 janvier 2021","format":false,"excerpt":"Face aux enjeux que pose le changement climatique aux secteurs de l\u2019\u00e9nergie et de l\u2019agriculture, et en r\u00e9ponse aux objectifs nationaux d\u00e9finis par la Programmation\u00a0pluriannuelle\u00a0 de\u00a0 l\u2019Energie\u00a0 (PPE)\u00a0 pour\u00a0 le\u00a0 d\u00e9veloppement\u00a0 de\u00a0 l\u2019\u00e9nergie\u00a0 solaire photovolta\u00efque en France (objectif de 35,1 GW \u00e0 44 GW de capacit\u00e9s install\u00e9es en2028,\u00a0 pour\u00a0 10\u00a0\u2026","rel":"","context":"Dans &quot;Agriculture&quot;","block_context":{"text":"Agriculture","link":"https:\/\/www.enviroscop.fr\/actu\/category\/activite\/agriculture\/"},"img":{"alt_text":"","src":"https:\/\/i0.wp.com\/www.enviroscop.fr\/actu\/wp-content\/uploads\/2021\/01\/AVD_Domaine-de-Nidole%CC%80res_Tresserre_vue-du-ciel-cre%CC%81dit-SunAgri-3-1200x799-1.jpg?resize=350%2C200","width":350,"height":200},"classes":[]},{"id":3536,"url":"https:\/\/www.enviroscop.fr\/actu\/2019\/10\/lable-haie\/","url_meta":{"origin":82,"position":4},"title":"Label HAIE","author":"Enviroscop","date":"7 octobre 2019","format":false,"excerpt":"Un label pour pr\u00e9server les haiesLa disparition annuelle de 11.500 km de haies en France est une cause directe de l\u2019effondrement de la biodiversit\u00e9 et de l\u2019amplification des catastrophes climatiques visibles sur nos territoires. Conscients de l\u2019importance de sauver leur bocage, des agriculteurs ont cr\u00e9\u00e9 un label pour encadrer les\u2026","rel":"","context":"Dans &quot;Agriculture&quot;","block_context":{"text":"Agriculture","link":"https:\/\/www.enviroscop.fr\/actu\/category\/activite\/agriculture\/"},"img":{"alt_text":"","src":"https:\/\/i0.wp.com\/afac-agroforesteries.fr\/wp-content\/uploads\/2019\/10\/Capture-d%E2%80%99%C3%A9cran-2019-09-19-%C3%A0-12.02.50-1024x302.png?resize=350%2C200&ssl=1","width":350,"height":200,"srcset":"https:\/\/i0.wp.com\/afac-agroforesteries.fr\/wp-content\/uploads\/2019\/10\/Capture-d%E2%80%99%C3%A9cran-2019-09-19-%C3%A0-12.02.50-1024x302.png?resize=350%2C200&ssl=1 1x, https:\/\/i0.wp.com\/afac-agroforesteries.fr\/wp-content\/uploads\/2019\/10\/Capture-d%E2%80%99%C3%A9cran-2019-09-19-%C3%A0-12.02.50-1024x302.png?resize=525%2C300&ssl=1 1.5x, https:\/\/i0.wp.com\/afac-agroforesteries.fr\/wp-content\/uploads\/2019\/10\/Capture-d%E2%80%99%C3%A9cran-2019-09-19-%C3%A0-12.02.50-1024x302.png?resize=700%2C400&ssl=1 2x"},"classes":[]},{"id":102,"url":"https:\/\/www.enviroscop.fr\/actu\/2011\/10\/une-reforme-des-aides-publiques-dommageables\/","url_meta":{"origin":82,"position":5},"title":"Une r\u00e9forme des aides publiques dommageables \u00e0 la biodiversit\u00e9 ?","author":"Enviroscop","date":"25 octobre 2011","format":false,"excerpt":"La Commission europ??enne, dans sa communication du 20 septembre 2011, demande que d???ici 2020, on supprime les subventions dommageables l???environnement, en tenant d??ment compte des incidences sur les personnes les plus d??munies . Au ni...","rel":"","context":"Dans &quot;biodiversit\u00e9&quot;","block_context":{"text":"biodiversit\u00e9","link":"https:\/\/www.enviroscop.fr\/actu\/category\/nature\/biodiversite\/"},"img":{"alt_text":"","src":"","width":0,"height":0},"classes":[]}],"jetpack_sharing_enabled":true,"_links":{"self":[{"href":"https:\/\/www.enviroscop.fr\/actu\/wp-json\/wp\/v2\/posts\/82","targetHints":{"allow":["GET"]}}],"collection":[{"href":"https:\/\/www.enviroscop.fr\/actu\/wp-json\/wp\/v2\/posts"}],"about":[{"href":"https:\/\/www.enviroscop.fr\/actu\/wp-json\/wp\/v2\/types\/post"}],"author":[{"embeddable":true,"href":"https:\/\/www.enviroscop.fr\/actu\/wp-json\/wp\/v2\/users\/1"}],"replies":[{"embeddable":true,"href":"https:\/\/www.enviroscop.fr\/actu\/wp-json\/wp\/v2\/comments?post=82"}],"version-history":[{"count":0,"href":"https:\/\/www.enviroscop.fr\/actu\/wp-json\/wp\/v2\/posts\/82\/revisions"}],"wp:attachment":[{"href":"https:\/\/www.enviroscop.fr\/actu\/wp-json\/wp\/v2\/media?parent=82"}],"wp:term":[{"taxonomy":"category","embeddable":true,"href":"https:\/\/www.enviroscop.fr\/actu\/wp-json\/wp\/v2\/categories?post=82"},{"taxonomy":"post_tag","embeddable":true,"href":"https:\/\/www.enviroscop.fr\/actu\/wp-json\/wp\/v2\/tags?post=82"}],"curies":[{"name":"wp","href":"https:\/\/api.w.org\/{rel}","templated":true}]}}