{"id":97,"date":"2012-04-24T07:58:00","date_gmt":"2012-04-24T06:58:00","guid":{"rendered":"http:\/\/actu.enviroscop.com\/biodiversite-et-services-rendus-la-force-de-l"},"modified":"2013-05-01T13:11:22","modified_gmt":"2013-05-01T12:11:22","slug":"biodiversite-et-services-rendus-la-force-de-l","status":"publish","type":"post","link":"https:\/\/www.enviroscop.fr\/actu\/2012\/04\/biodiversite-et-services-rendus-la-force-de-l\/","title":{"rendered":"Biodiversit\u00e9 et services rendus, la force de l&rsquo;exemple"},"content":{"rendered":"<p>Nous vous invitons &agrave; lire l&rsquo;article de notre confr&egrave;re Michel Lerond sur le dernier ouvrage de MM. Le Maho et Barbault (et d&rsquo;autres encore).<\/p>\n<p>&nbsp;<\/p>\n<p>Bonnes lectures sur le <a href=\"http:\/\/www.michel-lerond.com\/article-la-biodiversite-a-travers-des-exemples-103962623.html\" target=\"_blank\">blog de Michel<\/a><\/p>\n","protected":false},"excerpt":{"rendered":"<p>Nous vous invitons   lire l&rsquo;article de notre confr??re Michel Lerond sur le dernier ouvrage de MM. Le Maho et Barbault (et d&rsquo;autres encore). Bonnes lectures sur le blog de Michel<\/p>\n","protected":false},"author":1,"featured_media":0,"comment_status":"open","ping_status":"open","sticky":false,"template":"","format":"standard","meta":{"jetpack_post_was_ever_published":false,"_jetpack_newsletter_access":"","_jetpack_dont_email_post_to_subs":false,"_jetpack_newsletter_tier_id":0,"_jetpack_memberships_contains_paywalled_content":false,"_jetpack_memberships_contains_paid_content":false,"footnotes":"","jetpack_publicize_message":"","jetpack_publicize_feature_enabled":true,"jetpack_social_post_already_shared":false,"jetpack_social_options":{"image_generator_settings":{"template":"highway","default_image_id":0,"font":"","enabled":false},"version":2}},"categories":[11],"tags":[],"class_list":["post-97","post","type-post","status-publish","format-standard","hentry","category-biodiversite","item-wrap"],"jetpack_publicize_connections":[],"jetpack_featured_media_url":"","jetpack_shortlink":"https:\/\/wp.me\/p3rXAp-1z","jetpack_likes_enabled":true,"jetpack-related-posts":[{"id":3506,"url":"https:\/\/www.enviroscop.fr\/actu\/2019\/09\/observatoire-normand-des-deplacements-panorama-2019\/","url_meta":{"origin":97,"position":0},"title":"Observatoire Normand des D\u00e9placements, panorama 2019","author":"Enviroscop","date":"13 septembre 2019","format":false,"excerpt":"L\u2019Observatoire Normand des D\u00e9placements, pour cette troisi\u00e8me \u00e9dition, propose un panorama des actions en mati\u00e8res de mobilit\u00e9s et des principaux chiffres qui couvrent cette th\u00e9matique sur le territoire normand. La voiture, les transports en communs urbains et interurbains, le v\u00e9lo ainsi que la qualit\u00e9 de l\u2019air ou encore des \u00e9tudes\u2026","rel":"","context":"Dans &quot;DREAL&quot;","block_context":{"text":"DREAL","link":"https:\/\/www.enviroscop.fr\/actu\/category\/source\/dreal\/"},"img":{"alt_text":"","src":"","width":0,"height":0},"classes":[]},{"id":1031,"url":"https:\/\/www.enviroscop.fr\/actu\/2013\/05\/breves-reflexions-sur-le-permis-environnemental-unique\/","url_meta":{"origin":97,"position":1},"title":"Br\u00e8ves r\u00e9flexions sur le \u00ab\u00a0Permis environnemental unique\u00a0\u00bb","author":"Enviroscop","date":"13 mai 2013","format":false,"excerpt":"Un article tr\u00e8s int\u00e9ressant de notre confr\u00e8re Arnaud Gossement, que nous vous invitons \u00e0 lire, une r\u00e9flexion qui va dans le bon sens, c'est \u00e0 dire ne pas toujours voir l'environnement comme une contrainte administrative et ne pas consid\u00e9rer la contrainte administrative comme un barrage infranchissable... Le d\u00e9but de l'article\u2026","rel":"","context":"Dans &quot;durable&quot;","block_context":{"text":"durable","link":"https:\/\/www.enviroscop.fr\/actu\/category\/durable\/"},"img":{"alt_text":"","src":"https:\/\/i0.wp.com\/www.gossement-avocats.com\/images\/avocats\/Arnaud_Gossement_avocat.jpg?resize=350%2C200","width":350,"height":200},"classes":[]},{"id":5215,"url":"https:\/\/www.enviroscop.fr\/actu\/2023\/04\/photovoltaique-sol-et-biodiversite-enjeux-et-bonnes-pratiques\/","url_meta":{"origin":97,"position":2},"title":"Photovolta\u00efque, sol et biodiversit\u00e9 : enjeux et bonnes pratiques","author":"Enviroscop","date":"6 avril 2023","format":false,"excerpt":"Le d\u00e9ploiement des \u00e9nergies renouvelables est l\u2019un des moyens majeurs d\u2019atteindre la neutralit\u00e9 carbone et de r\u00e9duire notre d\u00e9pendance \u00e9nerg\u00e9tique. Le solaire photovolta\u00efque, en particulier, est appel\u00e9 \u00e0 jouer un r\u00f4le majeur dans la transition en cours. Lorsqu\u2019elles sont implant\u00e9es dans des milieux naturels, les centrales photovolta\u00efques peuvent avoir des\u2026","rel":"","context":"Dans &quot;ADEME&quot;","block_context":{"text":"ADEME","link":"https:\/\/www.enviroscop.fr\/actu\/category\/source\/ademe\/"},"img":{"alt_text":"","src":"","width":0,"height":0},"classes":[]},{"id":3536,"url":"https:\/\/www.enviroscop.fr\/actu\/2019\/10\/lable-haie\/","url_meta":{"origin":97,"position":3},"title":"Label HAIE","author":"Enviroscop","date":"7 octobre 2019","format":false,"excerpt":"Un label pour pr\u00e9server les haiesLa disparition annuelle de 11.500 km de haies en France est une cause directe de l\u2019effondrement de la biodiversit\u00e9 et de l\u2019amplification des catastrophes climatiques visibles sur nos territoires. Conscients de l\u2019importance de sauver leur bocage, des agriculteurs ont cr\u00e9\u00e9 un label pour encadrer les\u2026","rel":"","context":"Dans &quot;Agriculture&quot;","block_context":{"text":"Agriculture","link":"https:\/\/www.enviroscop.fr\/actu\/category\/activite\/agriculture\/"},"img":{"alt_text":"","src":"https:\/\/i0.wp.com\/afac-agroforesteries.fr\/wp-content\/uploads\/2019\/10\/Capture-d%E2%80%99%C3%A9cran-2019-09-19-%C3%A0-12.02.50-1024x302.png?resize=350%2C200&ssl=1","width":350,"height":200,"srcset":"https:\/\/i0.wp.com\/afac-agroforesteries.fr\/wp-content\/uploads\/2019\/10\/Capture-d%E2%80%99%C3%A9cran-2019-09-19-%C3%A0-12.02.50-1024x302.png?resize=350%2C200&ssl=1 1x, https:\/\/i0.wp.com\/afac-agroforesteries.fr\/wp-content\/uploads\/2019\/10\/Capture-d%E2%80%99%C3%A9cran-2019-09-19-%C3%A0-12.02.50-1024x302.png?resize=525%2C300&ssl=1 1.5x, https:\/\/i0.wp.com\/afac-agroforesteries.fr\/wp-content\/uploads\/2019\/10\/Capture-d%E2%80%99%C3%A9cran-2019-09-19-%C3%A0-12.02.50-1024x302.png?resize=700%2C400&ssl=1 2x"},"classes":[]},{"id":5277,"url":"https:\/\/www.enviroscop.fr\/actu\/2023\/07\/protection-des-allees-darbres-en-france-memento\/","url_meta":{"origin":97,"position":4},"title":"Protection des all\u00e9es d\u2019arbres en France \u2013 M\u00e9mento","author":"Enviroscop","date":"10 juillet 2023","format":false,"excerpt":"Les all\u00e9es d\u2019arbres ont une valeur m\u00e9connue. La LOI n\u00b0\u00a02016-1087\u00a0du 8 ao\u00fbt 2016 pour la reconqu\u00eate de la biodiversit\u00e9, de la nature et des paysages a introduit l\u2019article\u00a0L350-3\u00a0dans le Code de l\u2019environnement. Celui-ci prot\u00e8ge les all\u00e9es d\u2019arbres et certains alignements d\u2019arbres publics et priv\u00e9s le long des voies de circulation.\u2026","rel":"","context":"Dans &quot;Am\u00e9nagement&quot;","block_context":{"text":"Am\u00e9nagement","link":"https:\/\/www.enviroscop.fr\/actu\/category\/amenagement\/"},"img":{"alt_text":"","src":"","width":0,"height":0},"classes":[]},{"id":4939,"url":"https:\/\/www.enviroscop.fr\/actu\/2022\/09\/comment-integrer-la-biodiversite-dans-la-planification-urbaine-ou-linverse\/","url_meta":{"origin":97,"position":5},"title":"Comment int\u00e9grer la biodiversit\u00e9 dans la planification urbaine\u2026 ou l\u2019inverse ?","author":"Enviroscop","date":"9 septembre 2022","format":false,"excerpt":"\u00a9 DR \"D\u00e9montrer comment l\u2019urbanisme doit et peut s\u2019adapter \u00e0 la biodiversit\u00e9, et non l\u2019inverse\". Tel \u00e9tait l\u2019objectif affich\u00e9 de l\u2019un des ateliers des\u00a012es Assises nationales de la biodiversit\u00e9\u00a0qui se tiennent \u00e0 Besan\u00e7on du 7 au 9 septembre. \u00a0 Un atelier des 12es Assises nationales de la biodiversit\u00e9 qui se\u2026","rel":"","context":"Dans &quot;AEU&quot;","block_context":{"text":"AEU","link":"https:\/\/www.enviroscop.fr\/actu\/category\/amenagement\/urbanisme\/aeu\/"},"img":{"alt_text":"espace naturel ville ","src":"https:\/\/i0.wp.com\/www.banquedesterritoires.fr\/sites\/default\/files\/styles\/landscape_no_crop\/public\/2022-09\/Sanfghfdghfghfghs%20titre-1.jpg?resize=350%2C200&ssl=1","width":350,"height":200,"srcset":"https:\/\/i0.wp.com\/www.banquedesterritoires.fr\/sites\/default\/files\/styles\/landscape_no_crop\/public\/2022-09\/Sanfghfdghfghfghs%20titre-1.jpg?resize=350%2C200&ssl=1 1x, https:\/\/i0.wp.com\/www.banquedesterritoires.fr\/sites\/default\/files\/styles\/landscape_no_crop\/public\/2022-09\/Sanfghfdghfghfghs%20titre-1.jpg?resize=525%2C300&ssl=1 1.5x, https:\/\/i0.wp.com\/www.banquedesterritoires.fr\/sites\/default\/files\/styles\/landscape_no_crop\/public\/2022-09\/Sanfghfdghfghfghs%20titre-1.jpg?resize=700%2C400&ssl=1 2x"},"classes":[]}],"jetpack_sharing_enabled":true,"_links":{"self":[{"href":"https:\/\/www.enviroscop.fr\/actu\/wp-json\/wp\/v2\/posts\/97","targetHints":{"allow":["GET"]}}],"collection":[{"href":"https:\/\/www.enviroscop.fr\/actu\/wp-json\/wp\/v2\/posts"}],"about":[{"href":"https:\/\/www.enviroscop.fr\/actu\/wp-json\/wp\/v2\/types\/post"}],"author":[{"embeddable":true,"href":"https:\/\/www.enviroscop.fr\/actu\/wp-json\/wp\/v2\/users\/1"}],"replies":[{"embeddable":true,"href":"https:\/\/www.enviroscop.fr\/actu\/wp-json\/wp\/v2\/comments?post=97"}],"version-history":[{"count":0,"href":"https:\/\/www.enviroscop.fr\/actu\/wp-json\/wp\/v2\/posts\/97\/revisions"}],"wp:attachment":[{"href":"https:\/\/www.enviroscop.fr\/actu\/wp-json\/wp\/v2\/media?parent=97"}],"wp:term":[{"taxonomy":"category","embeddable":true,"href":"https:\/\/www.enviroscop.fr\/actu\/wp-json\/wp\/v2\/categories?post=97"},{"taxonomy":"post_tag","embeddable":true,"href":"https:\/\/www.enviroscop.fr\/actu\/wp-json\/wp\/v2\/tags?post=97"}],"curies":[{"name":"wp","href":"https:\/\/api.w.org\/{rel}","templated":true}]}}